{"id":328793,"date":"2025-08-19T07:22:12","date_gmt":"2025-08-19T07:22:12","guid":{"rendered":"https:\/\/www.europesays.com\/fr\/328793\/"},"modified":"2025-08-19T07:22:12","modified_gmt":"2025-08-19T07:22:12","slug":"deux-cas-autochtones-de-dengue-identifies-en-gironde","status":"publish","type":"post","link":"https:\/\/www.europesays.com\/fr\/328793\/","title":{"rendered":"Deux cas autochtones de dengue identifi\u00e9s en Gironde"},"content":{"rendered":"<p>Deux cas autochtones de dengue ont \u00e9t\u00e9 confirm\u00e9s \u00e0 Langon, en Gironde. L\u2019\u00e9tat de sant\u00e9 des personnes concern\u00e9es n\u2019inspire aucune inqui\u00e9tude. Toutefois, il s\u2019agit des premiers cas contract\u00e9s localement dans la r\u00e9gion, ce qui n\u00e9cessite une mobilisation rapide pour \u00e9viter toute propagation du virus.<\/p>\n<p><strong>Comprendre ce qu\u2019est un cas autochtone<\/strong><\/p>\n<p><img fetchpriority=\"high\" decoding=\"async\" width=\"1024\" height=\"576\" src=\"https:\/\/www.europesays.com\/fr\/wp-content\/uploads\/2025\/08\/dengue-gironde-1024x576.jpg\" alt=\"\" class=\"wp-image-82374\"  \/>Deux cas autochtones de dengue ont \u00e9t\u00e9 confirm\u00e9s \u00e0 Langon, en Gironde. L\u2019\u00e9tat de sant\u00e9 des personnes concern\u00e9es n\u2019inspire aucune inqui\u00e9tude. <\/p>\n<p>Un cas de dengue est qualifi\u00e9 <strong>d\u2019autochtone<\/strong> lorsqu\u2019une personne contracte le virus <strong>en France<\/strong>, sans avoir voyag\u00e9 en zone tropicale ou infect\u00e9e dans les <strong>15 jours pr\u00e9c\u00e9dant<\/strong> l\u2019apparition des sympt\u00f4mes. Cela signifie que la transmission s\u2019est faite localement, par l\u2019interm\u00e9diaire d\u2019un moustique porteur du virus.<\/p>\n<p>La <strong>dengue<\/strong>, \u00e9galement appel\u00e9e <strong>grippe tropicale<\/strong>, ne se transmet pas de personne \u00e0 personne, mais uniquement via <strong>la piq\u00fbre du moustique tigre<\/strong> (Aedes albopictus), lui-m\u00eame infect\u00e9 apr\u00e8s avoir piqu\u00e9 une personne porteuse du virus.<\/p>\n<p><strong>Mesures imm\u00e9diates pour freiner la transmission<\/strong><\/p>\n<p>Face \u00e0 cette situation, des actions concr\u00e8tes ont \u00e9t\u00e9 mises en place \u00e0 Langon. L\u2019entreprise <strong>Altopictus<\/strong>, en charge de la surveillance entomologique du moustique tigre en Gironde, m\u00e8ne actuellement des <strong>op\u00e9rations de d\u00e9moustication<\/strong> dans les zones fr\u00e9quent\u00e9es par les personnes contamin\u00e9es. Ces interventions visent \u00e0 <strong>\u00e9liminer les moustiques adultes<\/strong> ainsi que les <strong>g\u00eetes larvaires<\/strong>, c\u2019est-\u00e0-dire les zones d\u2019eau stagnante o\u00f9 les moustiques se reproduisent.<\/p>\n<p>Les <strong>habitants concern\u00e9s<\/strong> ont \u00e9t\u00e9 inform\u00e9s via un <strong>flyer distribu\u00e9 en bo\u00eete aux lettres<\/strong>. Si aucun document n\u2019a \u00e9t\u00e9 re\u00e7u, cela signifie que leur logement n\u2019est pas situ\u00e9 dans une zone \u00e0 risque imm\u00e9diat.<\/p>\n<p><strong>Mobilisation des acteurs de sant\u00e9 et enqu\u00eate de terrain<\/strong><\/p>\n<p>Une <strong>enqu\u00eate de porte \u00e0 porte<\/strong> est organis\u00e9e par <strong>l\u2019ARS Nouvelle-Aquitaine<\/strong> et <strong>Sant\u00e9 publique France<\/strong>, en partenariat avec la <strong>mairie de Langon<\/strong>. L\u2019objectif : identifier d\u2019\u00e9ventuels autres cas non d\u00e9clar\u00e9s et sensibiliser les riverains. Les sympt\u00f4mes \u00e0 surveiller sont : <strong>fi\u00e8vre \u00e9lev\u00e9e (sup\u00e9rieure \u00e0 38,5\u00b0C), douleurs musculaires et articulaires, maux de t\u00eate, \u00e9ruptions cutan\u00e9es et fatigue intense<\/strong>.<\/p>\n<p>En parall\u00e8le, les <strong>professionnels de sant\u00e9 locaux<\/strong> (m\u00e9decins, h\u00f4pitaux, pharmaciens, laboratoires) sont mobilis\u00e9s pour assurer la prise en charge des patients et diffuser les messages de pr\u00e9vention.<\/p>\n<p><img loading=\"lazy\" decoding=\"async\" width=\"1024\" height=\"593\" src=\"https:\/\/www.bougerabordeaux.com\/wp-content\/uploads\/2025\/08\/dengue-en-gironde-1024x593.webp\" alt=\"\" class=\"wp-image-82375\"  \/>L\u2019entreprise <strong>Altopictus<\/strong>, en charge de la surveillance entomologique du moustique tigre en Gironde, m\u00e8ne actuellement des <strong>op\u00e9rations de d\u00e9moustication<\/strong> dans les zones fr\u00e9quent\u00e9es par les personnes contamin\u00e9es. <\/p>\n<p><strong>Les bons gestes \u00e0 adopter pour se prot\u00e9ger<\/strong><\/p>\n<p>Se prot\u00e9ger des piq\u00fbres :<\/p>\n<ul class=\"wp-block-list\">\n<li>Porter des <strong>v\u00eatements longs et amples<\/strong> ;<\/li>\n<li>Installer des <strong>moustiquaires<\/strong>, surtout pour les nourrissons et les personnes alit\u00e9es ;<\/li>\n<li>Utiliser un <strong>r\u00e9pulsif cutan\u00e9<\/strong>, apr\u00e8s conseil en pharmacie ;<\/li>\n<li>Allumer un <strong>ventilateur<\/strong>, car les moustiques volent difficilement face au vent.<\/li>\n<\/ul>\n<p>\u00c9viter la prolif\u00e9ration :<\/p>\n<ul class=\"wp-block-list\">\n<li>Vider chaque semaine les <strong>coupelles, jouets, seaux<\/strong>, ou tout objet pouvant contenir de l\u2019eau ;<\/li>\n<li>Ranger \u00e0 l\u2019abri de la pluie les objets inutilis\u00e9s ;<\/li>\n<li>Couvrir herm\u00e9tiquement ou prot\u00e9ger les <strong>r\u00e9serves d\u2019eau<\/strong> (r\u00e9cup\u00e9rateurs, bassins) avec une moustiquaire.<\/li>\n<\/ul>\n<p><strong>Un dispositif r\u00e9gional de surveillance renforc\u00e9<\/strong><\/p>\n<p>L\u2019<strong>ARS Nouvelle-Aquitaine<\/strong> pilote la surveillance du moustique tigre tout au long de l\u2019ann\u00e9e. Elle coordonne les efforts des collectivit\u00e9s locales et diffuse des campagnes comme <strong>\u00ab Pas de quartier pour les moustiques \u00bb<\/strong>, tout en mettant \u00e0 disposition des communes une <strong>plateforme d\u00e9di\u00e9e<\/strong> (Moustique Tigre \u2013 Sant\u00e9 Environnement Nouvelle-Aquitaine) avec outils de pr\u00e9vention, fiches pratiques et actions \u00e0 mener.<\/p>\n<p>La vigilance de chacun est essentielle pour <strong>endiguer la transmission<\/strong> de la dengue dans la r\u00e9gion.<\/p>\n<p>A lire aussi : <a href=\"https:\/\/www.bougerabordeaux.com\/actu\/le-guide-complet-pour-demander-une-place-en-creche-a-bordeaux\/\" rel=\"nofollow noopener\" target=\"_blank\">Le guide complet pour demander une place en cr\u00e8che \u00e0 Bordeaux<br \/><\/a><\/p>\n","protected":false},"excerpt":{"rendered":"Deux cas autochtones de dengue ont \u00e9t\u00e9 confirm\u00e9s \u00e0 Langon, en Gironde. L\u2019\u00e9tat de sant\u00e9 des personnes concern\u00e9es&hellip;\n","protected":false},"author":2,"featured_media":328794,"comment_status":"","ping_status":"","sticky":false,"template":"","format":"standard","meta":{"footnotes":""},"categories":[2817],"tags":[1111,11,1997,1777,674,1011,27,12,2219,25],"class_list":{"0":"post-328793","1":"post","2":"type-post","3":"status-publish","4":"format-standard","5":"has-post-thumbnail","7":"category-bordeaux","8":"tag-actu","9":"tag-actualites","10":"tag-bordeaux","11":"tag-eu","12":"tag-europe","13":"tag-fr","14":"tag-france","15":"tag-news","16":"tag-nouvelle-aquitaine","17":"tag-republique-francaise"},"share_on_mastodon":{"url":"https:\/\/pubeurope.com\/@fr\/115054231271992428","error":""},"_links":{"self":[{"href":"https:\/\/www.europesays.com\/fr\/wp-json\/wp\/v2\/posts\/328793","targetHints":{"allow":["GET"]}}],"collection":[{"href":"https:\/\/www.europesays.com\/fr\/wp-json\/wp\/v2\/posts"}],"about":[{"href":"https:\/\/www.europesays.com\/fr\/wp-json\/wp\/v2\/types\/post"}],"author":[{"embeddable":true,"href":"https:\/\/www.europesays.com\/fr\/wp-json\/wp\/v2\/users\/2"}],"replies":[{"embeddable":true,"href":"https:\/\/www.europesays.com\/fr\/wp-json\/wp\/v2\/comments?post=328793"}],"version-history":[{"count":0,"href":"https:\/\/www.europesays.com\/fr\/wp-json\/wp\/v2\/posts\/328793\/revisions"}],"wp:featuredmedia":[{"embeddable":true,"href":"https:\/\/www.europesays.com\/fr\/wp-json\/wp\/v2\/media\/328794"}],"wp:attachment":[{"href":"https:\/\/www.europesays.com\/fr\/wp-json\/wp\/v2\/media?parent=328793"}],"wp:term":[{"taxonomy":"category","embeddable":true,"href":"https:\/\/www.europesays.com\/fr\/wp-json\/wp\/v2\/categories?post=328793"},{"taxonomy":"post_tag","embeddable":true,"href":"https:\/\/www.europesays.com\/fr\/wp-json\/wp\/v2\/tags?post=328793"}],"curies":[{"name":"wp","href":"https:\/\/api.w.org\/{rel}","templated":true}]}}