{"id":328799,"date":"2025-08-19T07:25:16","date_gmt":"2025-08-19T07:25:16","guid":{"rendered":"https:\/\/www.europesays.com\/fr\/328799\/"},"modified":"2025-08-19T07:25:16","modified_gmt":"2025-08-19T07:25:16","slug":"toulouse-recupere-son-maitre-a-jouer-juste-avant-la-reprise","status":"publish","type":"post","link":"https:\/\/www.europesays.com\/fr\/328799\/","title":{"rendered":"Toulouse r\u00e9cup\u00e8re son ma\u00eetre \u00e0 jouer juste avant la reprise"},"content":{"rendered":"<p><strong>Romain Ntamack<\/strong> a repris l\u2019entra\u00eenement collectif avec le Stade Toulousain ce lundi 18 ao\u00fbt. Op\u00e9r\u00e9 du genou au d\u00e9but de l\u2019\u00e9t\u00e9, l\u2019ouvreur international est \u00e0 nouveau pleinement int\u00e9gr\u00e9 au groupe et pourrait m\u00eame \u00eatre align\u00e9 pour la premi\u00e8re journ\u00e9e de Top 14.<\/p>\n<p>L\u2019essentiel<\/p>\n<ul class=\"wp-block-list\">\n<li><strong>Retour \u00e0 l\u2019entra\u00eenement<\/strong> ce lundi, un mois et demi apr\u00e8s une op\u00e9ration du genou.<\/li>\n<li><strong>Objectif rentr\u00e9e<\/strong> : il pourrait rejouer d\u00e8s le d\u00e9placement \u00e0 <a data-ilj-link-preview=\"true\" data-excerpt=\"Fond\u00e9 en 1911, l&#039;ASM Clermont \u00e9volue en Top 14.&#013;&#010;Staff et pr\u00e9sidence du club :&#013;&#010;&#013;&#010; &#009;Pr\u00e9sident Jean-Claude Pats&#013;&#010; &#009;Entra\u00eeneur Christophe Urios&#013;&#010; &#009;Frederic Charrier (Arri\u00e8res)&#013;&#010; &#009;Julien La\u00efrle (Avants)&#013;&#010; &#009;Siaki Tukino (skills &quot;collisions&quot;)&#013;&#010; &#009;Ian Vass (jeu au pied)&#013;&#010;&#013;&#010;Palmar\u00e8s de Clermont&#013;&#010;&#013;&#010;&#013;&#010;&#013;&#010;Comp\u00e9tition&#013;&#010;Titres&#013;&#010;Ann\u00e9es&#013;&#010;&#013;&#010;&#013;&#010;&#013;&#010;&#013;&#010;Championnat de France&#013;&#010;2&#013;&#010;2010, 2017&#013;&#010;&#013;&#010;&#013;&#010;Finaliste (12)&#013;&#010;-&#013;&#010;1936, 1937, 1970, 1978, 1994, 1999, 2001, 2007, 2008, 2009, 2015, 2019&#013;&#010;&#013;&#010;&#013;&#010;Championnat de France de 2e division&#013;&#010;1&#013;&#010;1925&#013;&#010;&#013;&#010;&#013;&#010;Challenge Yves du Manoir&#013;&#010;3&#013;&#010;1938, 1976, 1986&#013;&#010;&#013;&#010;&#013;&#010;Finaliste (2)&#013;&#010;-&#013;&#010;1957, 1979&#013;&#010;&#013;&#010;&#013;&#010;Coupe de France&#013;&#010;Finaliste (2)&#013;&#010;1945, 1947&#013;&#010;&#013;&#010;&#013;&#010;Coupe de la Ligue&#013;&#010;1&#013;&#010;2001&#013;&#010;&#013;&#010;&#013;&#010;Coupe d&#039;Europe&#013;&#010;Finaliste (3)&#013;&#010;2013, 2015, 2017&#013;&#010;&#013;&#010;&#013;&#010;Challenge europ\u00e9en&#013;&#010;3&#013;&#010;1999, 2007, 2019&#013;&#010;&#013;&#010;&#013;&#010;&#013;&#010;\u00a0\" href=\"https:\/\/www.xvovalie.com\/clermont\/\" rel=\"nofollow noopener\" target=\"_blank\">Clermont<\/a> le 7 septembre.<\/li>\n<li><strong>Anticipation m\u00e9dicale r\u00e9ussie<\/strong> : l\u2019intervention a permis une reprise rapide, sans pr\u00e9cipitation.<\/li>\n<li><strong>Renfort pr\u00e9cieux<\/strong> pour un Stade Toulousain priv\u00e9 de <a data-ilj-link-preview=\"true\" data-excerpt=\"Antoine Dupont, c\u2019est le patron du XV de France et du Stade Toulousain.&#013;&#010;&#013;&#010;N\u00e9 en 1996 \u00e0 Lannemezan, il est devenu l\u2019un des meilleurs demis de m\u00eal\u00e9e du monde, encha\u00eenant les troph\u00e9es et les distinctions, dont le titre de meilleur joueur du monde en 2021. En 2024, il a m\u00eame d\u00e9croch\u00e9 l\u2019or olympique en rugby \u00e0 7, un exploit in\u00e9dit pour un joueur de son calibre.&#013;&#010;&#013;&#010;Grand artisan du Grand Chelem en 2022, il brille aussi en club avec plusieurs titres de Top 14 et de Coupe d\u2019Europe. Un ph\u00e9nom\u00e8ne, tout simplement.\" href=\"https:\/\/www.xvovalie.com\/tag\/antoine-dupont\/\" rel=\"nofollow noopener\" target=\"_blank\">Dupont<\/a> en ce d\u00e9but de saison.<\/li>\n<\/ul>\n<p>Un \u00e9t\u00e9 bien g\u00e9r\u00e9 pour un retour attendu<\/p>\n<p>Le calendrier de <strong>Romain Ntamack<\/strong> a \u00e9t\u00e9 parfaitement millim\u00e9tr\u00e9. Sorti en pleine forme d\u2019une saison o\u00f9 il avait retrouv\u00e9 tout son volume de jeu, il avait pourtant besoin d\u2019un passage sur la table d\u2019op\u00e9ration. L\u2019intervention, b\u00e9nigne mais n\u00e9cessaire, est intervenue peu apr\u00e8s la finale du Top 14 remport\u00e9e par <a data-ilj-link-preview=\"true\" data-excerpt=\"Le club de rugby du Stade Toulousain, qui \u00e9volue en Top 14, est l&#039;un des plus prestigieux clubs de rugby en France. Il a remport\u00e9 19 titres de champions de France, 11 Coupes d&#039;Europe et 4 Troph\u00e9es des champions.&#013;&#010;Staff et pr\u00e9sidence :&#013;&#010;&#013;&#010; &#009;Pr\u00e9sident : Didier Lacroix&#013;&#010; &#009;Entra\u00eeneur : Ugo Mola&#013;&#010;&#013;&#010;Palmar\u00e8s du Stade toulousain&#013;&#010;&#013;&#010;&#013;&#010;&#013;&#010;Comp\u00e9tition&#013;&#010;R\u00e9sultats&#013;&#010;Ann\u00e9es&#013;&#010;&#013;&#010;&#013;&#010;Coupe d&#039;Europe de rugby \u00e0 XV&#013;&#010;Vainqueur (6)&#013;&#010;1996, 2003, 2005, 2010, 2021, 2024&#013;&#010;&#013;&#010;&#013;&#010;Championnat de France de rugby \u00e0 XV&#013;&#010;Champion (22)&#013;&#010;1912, 1922, 1923, 1924, 1926, 1927, 1947, 1985, 1986, 1989, 1994, 1995, 1996, 1997, 1999, 2001, 2008, 2011, 2012, 2019, 2021, 2023&#013;&#010;&#013;&#010;&#013;&#010;Coupe de France de rugby \u00e0 XV&#013;&#010;Vainqueur (4)&#013;&#010;1946, 1947, 1984, 1998\" href=\"https:\/\/www.xvovalie.com\/stade-toulousain\/\" rel=\"nofollow noopener\" target=\"_blank\">Toulouse<\/a> face \u00e0 l\u2019UBB. Officiellement, il s\u2019agissait de corriger une g\u00eane persistante au genou, vestige des s\u00e9quelles post-Coupe du monde.<\/p>\n<p>Plut\u00f4t que de repousser l\u2019\u00e9ch\u00e9ance, le staff m\u00e9dical et le joueur ont choisi d\u2019agir imm\u00e9diatement. R\u00e9sultat : apr\u00e8s six semaines de r\u00e9cup\u00e9ration, il est d\u00e9sormais apte \u00e0 r\u00e9int\u00e9grer les s\u00e9ances collectives et devrait rapidement retrouver le rythme des matchs de haut niveau.<\/p>\n<p>Une rentr\u00e9e qui change le visage du Stade Toulousain<\/p>\n<p>Toulouse peut souffler. Sans <strong>Antoine Dupont<\/strong>, encore en phase de reprise apr\u00e8s ses soucis musculaires de juin, le retour de Ntamack arrive au bon moment. Le n\u00b010 toulousain n\u2019a pas seulement l\u2019exp\u00e9rience pour encadrer une jeune ligne de trois-quarts, il a aussi d\u00e9montr\u00e9, sur les phases finales du printemps dernier, qu\u2019il pouvait porter l\u2019animation offensive du club en l\u2019absence de son comp\u00e8re de charni\u00e8re.<\/p>\n<p>Sa pr\u00e9sence au stage de pr\u00e9-saison en Bretagne, puis \u00e0 l\u2019entra\u00eenement collectif cette semaine, laisse peu de place au doute : le staff pr\u00e9pare activement sa r\u00e9int\u00e9gration en match officiel. Le d\u00e9placement \u00e0 Clermont le 7 septembre, pour ouvrir la saison, est d\u00e9j\u00e0 dans toutes les t\u00eates.<\/p>\n<p>Un objectif clair : encha\u00eener enfin une saison pleine<\/p>\n<p>Touch\u00e9 au genou en ao\u00fbt 2023, Ntamack avait manqu\u00e9 le Mondial et quasiment toute la saison 2023-2024. Son retour en f\u00e9vrier dernier avait \u00e9t\u00e9 progressif mais d\u00e9cisif. Ma\u00eetre du tempo, serein sous pression, il avait men\u00e9 Toulouse vers un nouveau titre. Cette fois, l\u2019ouvreur vise une saison pleine, sans blessure ni pause forc\u00e9e.<\/p>\n<p>Le club mise sur sa stabilit\u00e9, sa science du jeu et sa capacit\u00e9 \u00e0 faire briller ses partenaires pour lancer une campagne \u00e0 double enjeu : conserver le titre de champion de <a data-ilj-link-preview=\"true\" data-featured-image=\"\" data-excerpt=\"Depuis des d\u00e9cennies, ce sport a \u00e9t\u00e9 au c\u0153ur de nombreux \u00e9v\u00e9nements sportifs majeurs dans le pays, avec des \u00e9quipes de renomm\u00e9e mondiale comme le Stade Toulousain, l&#039;ASM Clermont Auvergne ou encore le Racing 92. La coupe du monde 2023 s&#039;organisant en France, la ferveur n&#039;a pas fini de monter... La France est \u00e9galement reconnue\u2026\" href=\"https:\/\/www.xvovalie.com\/xv-de-france\/\" rel=\"nofollow noopener\" target=\"_blank\">France<\/a> et aller plus loin en <strong>Champions Cup<\/strong>, un objectif avort\u00e9 trop t\u00f4t la saison pass\u00e9e.<\/p>\n<p>Et en Bleu ? Rien n\u2019est \u00e9cart\u00e9<\/p>\n<p>Si son \u00e9tat de forme le confirme dans les prochaines semaines, Ntamack pourrait aussi retrouver la s\u00e9lection pour la tourn\u00e9e d\u2019automne. Les choix r\u00e9cents de <strong><a href=\"https:\/\/www.xvovalie.com\/tag\/fabien-galthie\/\" rel=\"nofollow noopener\" target=\"_blank\">Fabien Galthi\u00e9<\/a><\/strong> ont montr\u00e9 qu\u2019une charni\u00e8re Lucu\u2013Jalibert n\u2019\u00e9tait pas grav\u00e9e dans le marbre, et le profil compl\u00e9mentaire de Ntamack reste une option s\u00e9rieuse.<\/p>\n<p>Pour l\u2019instant, l\u2019objectif reste le club. Mais un retour express et des prestations convaincantes pourraient vite rebattre les cartes \u00e0 Marcoussis.<\/p>\n<p>Une reprise fluide, dans la continuit\u00e9<\/p>\n<p>Romain Ntamack ne revient pas en terrain inconnu. Sa gestion estivale, men\u00e9e avec m\u00e9thode, lui permet aujourd\u2019hui de reprendre avec s\u00e9r\u00e9nit\u00e9. Toulouse retrouve un cadre, un patron, un ouvreur capable de faire la diff\u00e9rence dans les grands soirs. Et le Top 14 s\u2019appr\u00eate \u00e0 retrouver un des joueurs les plus \u00e9l\u00e9gants du championnat, pr\u00eat \u00e0 relancer la machine toulousaine.<\/p>\n<p><img loading=\"lazy\" src=\"data:image\/svg+xml,%3Csvg%20xmlns=\" http:=\"\" height=\"100\" width=\"100\" class=\" sp-no-webp\" alt=\"whatsapp image 2024 07 31 at 09.08.32\" decoding=\"async\" data-lazy-src=\"https:\/\/www.europesays.com\/fr\/wp-content\/uploads\/2025\/04\/whatsapp-image-2024-07-31-at-09.08.32-e1727245864215.jpeg\"\/> <\/p>\n<p>J\u2019ai grandi dans une famille o\u00f9 le rugby \u00e9tait de tous les moments. J\u2019\u00e9tais au bord du terrain quand Castres a battu Pau et a rejoint l\u2019\u00e9lite, j\u2019\u00e9tais dans le Stade Pierre Antoine face \u00e0 Gary Whetton quand il a fait son Haka pour c\u00e9l\u00e9brer le Brennus de 1993 et j\u2019ai toujours \u00e9t\u00e9 berc\u00e9 des l\u00e9gendes de ce sport. Maintenant, c\u2019est avec XV Ovalie que j\u2019entends prolonger l\u2019aventure. #TeamCO<\/p>\n","protected":false},"excerpt":{"rendered":"Romain Ntamack a repris l\u2019entra\u00eenement collectif avec le Stade Toulousain ce lundi 18 ao\u00fbt. Op\u00e9r\u00e9 du genou au&hellip;\n","protected":false},"author":2,"featured_media":328800,"comment_status":"","ping_status":"","sticky":false,"template":"","format":"standard","meta":{"footnotes":""},"categories":[2816],"tags":[1111,11,1431,1777,674,1011,27,12,2680,25,7205,476,2312],"class_list":{"0":"post-328799","1":"post","2":"type-post","3":"status-publish","4":"format-standard","5":"has-post-thumbnail","7":"category-toulouse","8":"tag-actu","9":"tag-actualites","10":"tag-blessure","11":"tag-eu","12":"tag-europe","13":"tag-fr","14":"tag-france","15":"tag-news","16":"tag-occitanie","17":"tag-republique-francaise","18":"tag-romain-ntamack","19":"tag-stade-toulousain","20":"tag-toulouse"},"share_on_mastodon":{"url":"https:\/\/pubeurope.com\/@fr\/115054242842066870","error":""},"_links":{"self":[{"href":"https:\/\/www.europesays.com\/fr\/wp-json\/wp\/v2\/posts\/328799","targetHints":{"allow":["GET"]}}],"collection":[{"href":"https:\/\/www.europesays.com\/fr\/wp-json\/wp\/v2\/posts"}],"about":[{"href":"https:\/\/www.europesays.com\/fr\/wp-json\/wp\/v2\/types\/post"}],"author":[{"embeddable":true,"href":"https:\/\/www.europesays.com\/fr\/wp-json\/wp\/v2\/users\/2"}],"replies":[{"embeddable":true,"href":"https:\/\/www.europesays.com\/fr\/wp-json\/wp\/v2\/comments?post=328799"}],"version-history":[{"count":0,"href":"https:\/\/www.europesays.com\/fr\/wp-json\/wp\/v2\/posts\/328799\/revisions"}],"wp:featuredmedia":[{"embeddable":true,"href":"https:\/\/www.europesays.com\/fr\/wp-json\/wp\/v2\/media\/328800"}],"wp:attachment":[{"href":"https:\/\/www.europesays.com\/fr\/wp-json\/wp\/v2\/media?parent=328799"}],"wp:term":[{"taxonomy":"category","embeddable":true,"href":"https:\/\/www.europesays.com\/fr\/wp-json\/wp\/v2\/categories?post=328799"},{"taxonomy":"post_tag","embeddable":true,"href":"https:\/\/www.europesays.com\/fr\/wp-json\/wp\/v2\/tags?post=328799"}],"curies":[{"name":"wp","href":"https:\/\/api.w.org\/{rel}","templated":true}]}}