{"id":328803,"date":"2025-08-19T07:30:13","date_gmt":"2025-08-19T07:30:13","guid":{"rendered":"https:\/\/www.europesays.com\/fr\/328803\/"},"modified":"2025-08-19T07:30:13","modified_gmt":"2025-08-19T07:30:13","slug":"au-moins-18-personnes-sans-chez-soi-decedees-depuis-le-debut-de-lannee-a-marseille","status":"publish","type":"post","link":"https:\/\/www.europesays.com\/fr\/328803\/","title":{"rendered":"Au moins 18 personnes sans \u00ab\u00a0chez-soi\u00a0\u00bb d\u00e9c\u00e9d\u00e9es depuis le d\u00e9but de l&rsquo;ann\u00e9e \u00e0 Marseille"},"content":{"rendered":"<p>Le plus jeune avait 9 mois tandis que le plus \u00e2g\u00e9 avait 77 ans. Depuis le 1er janvier 2025, au moins 18 enfants, femmes et hommes vivant \u00e0 la rue, en squat ou en centre d&rsquo;h\u00e9bergement sont morts \u00e0 Marseille. \u00ab\u00a0Et ces chiffres sont s\u00fbrement en de\u00e7\u00e0 de la r\u00e9alit\u00e9, on ne comptabilise que les d\u00e9c\u00e8s qu&rsquo;on nous fait remonter et on en apprend certains plusieurs mois, voire ann\u00e9es apr\u00e8s\u00a0\u00bb, pr\u00e9cise Ad\u00e8le Lenormand, coordinatrice au sein du <a href=\"https:\/\/www.laprovence.com\/article\/societe\/1794086779137914\/sans-abri-en-paca-au-moins-56-personnes-mortes-dans-la-rue-en-2024-dont-un-enfant-de-3-ans\" target=\"_blank\" rel=\"noopener\">Collectif les Morts De la Rue<\/a> (CMDR). Le d\u00e9but d&rsquo;ann\u00e9e a \u00e9t\u00e9 <a href=\"https:\/\/www.laprovence.com\/article\/faits-divers-justice\/253733899507315\/deux-sdf-retrouves-morts-cette-nuit-a-marseille-a-la-gare-saint-charles-et-a-belsunce\" target=\"_blank\" rel=\"noopener\">particuli\u00e8rement mortif\u00e8re<\/a>, avec a minima sept d\u00e9c\u00e8s sur les seuls mois de janvier et de f\u00e9vrier.<\/p>\n","protected":false},"excerpt":{"rendered":"Le plus jeune avait 9 mois tandis que le plus \u00e2g\u00e9 avait 77 ans. Depuis le 1er janvier&hellip;\n","protected":false},"author":2,"featured_media":328804,"comment_status":"","ping_status":"","sticky":false,"template":"","format":"standard","meta":{"footnotes":""},"categories":[2814],"tags":[17,1111,11,1102,46613,1869,43666,394,1777,674,1011,27,884,379,12,3744,882,16,25,4561],"class_list":{"0":"post-328803","1":"post","2":"type-post","3":"status-publish","4":"format-standard","5":"has-post-thumbnail","7":"category-marseille","8":"tag-17","9":"tag-actu","10":"tag-actualites","11":"tag-breakingnews","12":"tag-chez-soi","13":"tag-debut","14":"tag-decedees","15":"tag-depuis","16":"tag-eu","17":"tag-europe","18":"tag-fr","19":"tag-france","20":"tag-marseille","21":"tag-moins","22":"tag-news","23":"tag-personnes","24":"tag-provence-alpes-cote-dazur","25":"tag-region","26":"tag-republique-francaise","27":"tag-sans"},"share_on_mastodon":{"url":"https:\/\/pubeurope.com\/@fr\/115054262614426805","error":""},"_links":{"self":[{"href":"https:\/\/www.europesays.com\/fr\/wp-json\/wp\/v2\/posts\/328803","targetHints":{"allow":["GET"]}}],"collection":[{"href":"https:\/\/www.europesays.com\/fr\/wp-json\/wp\/v2\/posts"}],"about":[{"href":"https:\/\/www.europesays.com\/fr\/wp-json\/wp\/v2\/types\/post"}],"author":[{"embeddable":true,"href":"https:\/\/www.europesays.com\/fr\/wp-json\/wp\/v2\/users\/2"}],"replies":[{"embeddable":true,"href":"https:\/\/www.europesays.com\/fr\/wp-json\/wp\/v2\/comments?post=328803"}],"version-history":[{"count":0,"href":"https:\/\/www.europesays.com\/fr\/wp-json\/wp\/v2\/posts\/328803\/revisions"}],"wp:featuredmedia":[{"embeddable":true,"href":"https:\/\/www.europesays.com\/fr\/wp-json\/wp\/v2\/media\/328804"}],"wp:attachment":[{"href":"https:\/\/www.europesays.com\/fr\/wp-json\/wp\/v2\/media?parent=328803"}],"wp:term":[{"taxonomy":"category","embeddable":true,"href":"https:\/\/www.europesays.com\/fr\/wp-json\/wp\/v2\/categories?post=328803"},{"taxonomy":"post_tag","embeddable":true,"href":"https:\/\/www.europesays.com\/fr\/wp-json\/wp\/v2\/tags?post=328803"}],"curies":[{"name":"wp","href":"https:\/\/api.w.org\/{rel}","templated":true}]}}