{"id":328805,"date":"2025-08-19T07:31:09","date_gmt":"2025-08-19T07:31:09","guid":{"rendered":"https:\/\/www.europesays.com\/fr\/328805\/"},"modified":"2025-08-19T07:31:09","modified_gmt":"2025-08-19T07:31:09","slug":"une-application-sur-la-sante-mentale-des-femmes-lancee-par-une-lyonnaise","status":"publish","type":"post","link":"https:\/\/www.europesays.com\/fr\/328805\/","title":{"rendered":"Une application sur la sant\u00e9 mentale des femmes lanc\u00e9e par une Lyonnaise"},"content":{"rendered":"<p><strong>Alice Develle<\/strong> est la fondatrice de BonHer, une association fruit de son histoire personnelle. Apr\u00e8s une enfance compliqu\u00e9e, un premier mariage avec un mari violent puis un burn-out, cette m\u00e8re de famille lyonnaise a d\u00e9cid\u00e9 de quitter son travail dans la communication et le marketing. \u00ab\u00a0Je suis devenue sophrologue et th\u00e9rapeute en psychologie positive\u00a0\u00bb, explique-t-elle assurant avoir voulu \u00ab\u00a0remettre les choses en place dans sa vie\u00a0\u00bb.<\/p>\n<p>Dans la perspective d\u2019aider \u00e0 son tour les autres femmes ayant connu des difficult\u00e9s, Alice Develle a d\u00e9cid\u00e9 \u00ab\u00a0de changer les choses et de cr\u00e9er l\u2019association BonHer d\u00e9di\u00e9e \u00e0 la sant\u00e9 mentale des femmes\u00a0\u00bb. L\u2019application est la suite de ce projet. Son lancement a eu lieu en mars dernier \u00e0 l\u2019occasion de la journ\u00e9e internationale du bonheur. Une campagne Ulule valid\u00e9e \u00e0 plus de 120% a notamment contribu\u00e9 \u00e0 son d\u00e9veloppement avec au bout une intelligence artificielle d\u2019\u00e9coute disponible 24h\/24 ou encore un r\u00e9seau d\u2019expertes (psychologues, sophrologues, avocates, coachs\u2026) accessibles directement via l\u2019application \u00e0 tarifs solidaires sans oublier des bourses solidaires permettant aux femmes en difficult\u00e9 de consulter gratuitement des professionnelles.<\/p>\n<p>Alice Develle qualifie cette application comme \u00ab\u00a0une porte facile\u00a0\u00bb pour les femmes \u00e0 la recherche d&rsquo;un endroit o\u00f9 se confier. \u00ab\u00a0On veut faire comprendre que le bonheur n\u2019est pas un luxe et qu\u2019il est accessible \u00e0 tout le monde\u00a0\u00bb, insiste la sophrologue. \u00ab\u00a0Ce qu\u2019on veut vraiment faire comprendre c\u2019est qu\u2019il n\u2019y a pas de petits probl\u00e8mes. Avec BonHer, on peut parler d\u2019un probl\u00e8me au travail, d\u2019un probl\u00e8me avec ses enfants, d\u2019un retour de la maternit\u00e9 un peu compliqu\u00e9 ou encore de probl\u00e8mes financiers\u00a0\u00bb, ajoute-t-elle. Une fa\u00e7on de faire avancer la question de la sant\u00e9 mentale des femmes dans la soci\u00e9t\u00e9. L\u2019application est t\u00e9l\u00e9chargeable gratuitement d\u00e8s ce jeudi sur iOS et Android.<\/p>\n<blockquote class=\"instagram-media\" style=\"background: #FFF; border: 0; border-radius: 3px; box-shadow: 0 0 1px 0 rgba(0,0,0,0.5),0 1px 10px 0 rgba(0,0,0,0.15); margin: 1px; max-width: 540px; min-width: 326px; padding: 0; width: calc(100% - 2px);\" data-instgrm-captioned=\"\" data-instgrm-permalink=\"https:\/\/www.instagram.com\/p\/DLb41SlieJu\/?utm_source=ig_embed&amp;utm_campaign=loading\" data-instgrm-version=\"14\"><p>&#13;<br \/>\n&#13;\n<\/p><\/blockquote>\n<p>\t\t  <script async src=\"\/\/www.instagram.com\/embed.js\"><\/script><\/p>\n","protected":false},"excerpt":{"rendered":"Alice Develle est la fondatrice de BonHer, une association fruit de son histoire personnelle. Apr\u00e8s une enfance compliqu\u00e9e,&hellip;\n","protected":false},"author":2,"featured_media":328806,"comment_status":"","ping_status":"","sticky":false,"template":"","format":"standard","meta":{"footnotes":""},"categories":[1889],"tags":[1111,11,2813,2190,2430,1109,251,1112,2811,1777,674,118,1294,4651,1011,27,1922,1110,1114,2428,4903,4902,12,241,316,25,2812,517,800],"class_list":{"0":"post-328805","1":"post","2":"type-post","3":"status-publish","4":"format-standard","5":"has-post-thumbnail","7":"category-lyon","8":"tag-actu","9":"tag-actualites","10":"tag-article","11":"tag-asvel","12":"tag-auvergne-rhone-alpes","13":"tag-breves","14":"tag-culture","15":"tag-depeches","16":"tag-economique","17":"tag-eu","18":"tag-europe","19":"tag-faits-divers","20":"tag-femme","21":"tag-femmes","22":"tag-fr","23":"tag-france","24":"tag-info","25":"tag-informations","26":"tag-infos","27":"tag-lyon","28":"tag-lyonfemme","29":"tag-lyonfemmes","30":"tag-news","31":"tag-ol","32":"tag-politique","33":"tag-republique-francaise","34":"tag-sociale","35":"tag-sport","36":"tag-transports"},"share_on_mastodon":{"url":"https:\/\/pubeurope.com\/@fr\/115054266521026320","error":""},"_links":{"self":[{"href":"https:\/\/www.europesays.com\/fr\/wp-json\/wp\/v2\/posts\/328805","targetHints":{"allow":["GET"]}}],"collection":[{"href":"https:\/\/www.europesays.com\/fr\/wp-json\/wp\/v2\/posts"}],"about":[{"href":"https:\/\/www.europesays.com\/fr\/wp-json\/wp\/v2\/types\/post"}],"author":[{"embeddable":true,"href":"https:\/\/www.europesays.com\/fr\/wp-json\/wp\/v2\/users\/2"}],"replies":[{"embeddable":true,"href":"https:\/\/www.europesays.com\/fr\/wp-json\/wp\/v2\/comments?post=328805"}],"version-history":[{"count":0,"href":"https:\/\/www.europesays.com\/fr\/wp-json\/wp\/v2\/posts\/328805\/revisions"}],"wp:featuredmedia":[{"embeddable":true,"href":"https:\/\/www.europesays.com\/fr\/wp-json\/wp\/v2\/media\/328806"}],"wp:attachment":[{"href":"https:\/\/www.europesays.com\/fr\/wp-json\/wp\/v2\/media?parent=328805"}],"wp:term":[{"taxonomy":"category","embeddable":true,"href":"https:\/\/www.europesays.com\/fr\/wp-json\/wp\/v2\/categories?post=328805"},{"taxonomy":"post_tag","embeddable":true,"href":"https:\/\/www.europesays.com\/fr\/wp-json\/wp\/v2\/tags?post=328805"}],"curies":[{"name":"wp","href":"https:\/\/api.w.org\/{rel}","templated":true}]}}