{"id":328820,"date":"2025-08-19T07:40:12","date_gmt":"2025-08-19T07:40:12","guid":{"rendered":"https:\/\/www.europesays.com\/fr\/328820\/"},"modified":"2025-08-19T07:40:12","modified_gmt":"2025-08-19T07:40:12","slug":"la-russie-restreint-whatsapp-et-telegram","status":"publish","type":"post","link":"https:\/\/www.europesays.com\/fr\/328820\/","title":{"rendered":"La Russie restreint Whatsapp et Telegram"},"content":{"rendered":"<p>Les autorit\u00e9s russes viennent d\u2019annoncer une restriction des appels vocaux sur Telegram et WhatsApp, accentuant leur politique de contr\u00f4le du num\u00e9rique. Selon Roskomnadzor, l\u2019agence de r\u00e9gulation des m\u00e9dias et d\u2019Internet, ces deux plateformes seraient devenues les outils privil\u00e9gi\u00e9s pour commettre des fraudes, extorquer de l\u2019argent ou recruter des citoyens dans des activit\u00e9s de sabotage et de terrorisme. <\/p>\n<p>L\u2019agence reproche aux services concern\u00e9s d\u2019avoir ignor\u00e9 ses demandes r\u00e9p\u00e9t\u00e9es de lutter contre ces abus. D\u00e9sormais, les appels audio y sont bloqu\u00e9s, bien que l\u2019\u00e9change de messages texte reste autoris\u00e9, selon le minist\u00e8re du D\u00e9veloppement num\u00e9rique.<\/p>\n<p><img fetchpriority=\"high\" decoding=\"async\" width=\"1024\" height=\"684\" src=\"https:\/\/worldissmall.fr\/wp-content\/uploads\/2025\/02\/whatsapp-1024x684.webp\" alt=\"La Russie restreint Whatsapp et Telegram\" class=\"wp-image-232504\"   title=\"La Russie restreint Whatsapp et Telegram\"\/><\/p>\n<p>Immense public<\/p>\n<p>La mesure touche un immense public : en juillet, WhatsApp comptait 96 millions d\u2019utilisateurs mensuels en Russie et Telegram 89 millions. Un porte-parole de WhatsApp a d\u00e9clar\u00e9 \u00e0 l\u2019Associated Press que la messagerie chiffr\u00e9e \u00ab r\u00e9siste aux tentatives des gouvernements de compromettre le droit \u00e0 une communication s\u00e9curis\u00e9e \u00bb, ce qui expliquerait selon lui la volont\u00e9 de Moscou de la bloquer.<\/p>\n<p>Cette restriction s\u2019inscrit dans une strat\u00e9gie plus large de mise au pas d\u2019Internet en Russie. Depuis plusieurs ann\u00e9es, le gouvernement multiplie les lois restrictives, bloque des sites et d\u00e9veloppe des syst\u00e8mes de surveillance du trafic. <\/p>\n<p>Dans ce contexte, le d\u00e9put\u00e9 Anton Gorelkin a d\u00e9j\u00e0 averti que WhatsApp pourrait devoir quitter le march\u00e9 russe, \u00e9voquant le lancement de MAX, une messagerie nationale d\u00e9velopp\u00e9e par VK.<\/p>\n<p>Encore en phase b\u00eata avec deux millions d\u2019utilisateurs, MAX combine messagerie, services publics en ligne et paiements, mais transmet les donn\u00e9es aux autorit\u00e9s sur demande. Sa pr\u00e9installation est d\u00e9sormais obligatoire sur tous les nouveaux smartphones, et les institutions publiques sont incit\u00e9es \u00e0 l\u2019adopter. <\/p>\n<p>Les VPN restent une \u00e9chappatoire, mais leur acc\u00e8s est r\u00e9guli\u00e8rement restreint. Moscou conditionne la lev\u00e9e du blocage des appels \u00e0 la conformit\u00e9 des plateformes avec sa l\u00e9gislation, un crit\u00e8re volontairement flou qui souligne sa volont\u00e9 de centraliser le contr\u00f4le des communications.<\/p>\n","protected":false},"excerpt":{"rendered":"Les autorit\u00e9s russes viennent d\u2019annoncer une restriction des appels vocaux sur Telegram et WhatsApp, accentuant leur politique de&hellip;\n","protected":false},"author":2,"featured_media":328821,"comment_status":"","ping_status":"","sticky":false,"template":"","format":"standard","meta":{"footnotes":""},"categories":[1591],"tags":[11,1887,12,1885,1886,132,250],"class_list":{"0":"post-328820","1":"post","2":"type-post","3":"status-publish","4":"format-standard","5":"has-post-thumbnail","7":"category-russie","8":"tag-actualites","9":"tag-federation-de-russie","10":"tag-news","11":"tag-russia","12":"tag-russian-federation","13":"tag-russie","14":"tag-whatsapp"},"share_on_mastodon":{"url":"https:\/\/pubeurope.com\/@fr\/115054301937273459","error":""},"_links":{"self":[{"href":"https:\/\/www.europesays.com\/fr\/wp-json\/wp\/v2\/posts\/328820","targetHints":{"allow":["GET"]}}],"collection":[{"href":"https:\/\/www.europesays.com\/fr\/wp-json\/wp\/v2\/posts"}],"about":[{"href":"https:\/\/www.europesays.com\/fr\/wp-json\/wp\/v2\/types\/post"}],"author":[{"embeddable":true,"href":"https:\/\/www.europesays.com\/fr\/wp-json\/wp\/v2\/users\/2"}],"replies":[{"embeddable":true,"href":"https:\/\/www.europesays.com\/fr\/wp-json\/wp\/v2\/comments?post=328820"}],"version-history":[{"count":0,"href":"https:\/\/www.europesays.com\/fr\/wp-json\/wp\/v2\/posts\/328820\/revisions"}],"wp:featuredmedia":[{"embeddable":true,"href":"https:\/\/www.europesays.com\/fr\/wp-json\/wp\/v2\/media\/328821"}],"wp:attachment":[{"href":"https:\/\/www.europesays.com\/fr\/wp-json\/wp\/v2\/media?parent=328820"}],"wp:term":[{"taxonomy":"category","embeddable":true,"href":"https:\/\/www.europesays.com\/fr\/wp-json\/wp\/v2\/categories?post=328820"},{"taxonomy":"post_tag","embeddable":true,"href":"https:\/\/www.europesays.com\/fr\/wp-json\/wp\/v2\/tags?post=328820"}],"curies":[{"name":"wp","href":"https:\/\/api.w.org\/{rel}","templated":true}]}}