{"id":328824,"date":"2025-08-19T07:42:09","date_gmt":"2025-08-19T07:42:09","guid":{"rendered":"https:\/\/www.europesays.com\/fr\/328824\/"},"modified":"2025-08-19T07:42:09","modified_gmt":"2025-08-19T07:42:09","slug":"aux-etats-unis-le-taux-de-mortalite-des-enfants-et-adolescents-bien-au-dessus-de-ceux-des-autres-pays-developpes","status":"publish","type":"post","link":"https:\/\/www.europesays.com\/fr\/328824\/","title":{"rendered":"Aux \u00c9tats-Unis, le taux de mortalit\u00e9 des enfants et adolescents bien au-dessus de ceux des autres pays d\u00e9velopp\u00e9s"},"content":{"rendered":"<p class=\"PopSlotParagraph qg-tx2 qg-xtra-lh svelte-1r0pyek\">Les enfants et les adolescents am\u00e9ricains ont la pire sant\u00e9 de tous les pays d\u00e9velopp\u00e9s, avec des chiffres de morbidit\u00e9 et de mortalit\u00e9 chez les plus jeunes qui sont tr\u00e8s mauvais, r\u00e9v\u00e8le\u00a0<a href=\"https:\/\/jamanetwork.com\/journals\/jama\/article-abstract\/2836060\" target=\"_blank\" rel=\"noopener noreferrer nofollow\" class=\"\" data-testid=\"link\">une \u00e9tude publi\u00e9e par le Journal of the American Medical Association<\/a>, qui alerte sur une situation qui se d\u00e9grade nettement.<\/p>\n<p class=\"PopSlotParagraph qg-tx2 qg-xtra-lh svelte-1r0pyek\">Les donn\u00e9es collect\u00e9es dans cette \u00e9tude, conduite par le professeur de p\u00e9diatrie Christopher B. Forrest, du centre hospitalo-universitaire de Philadelphie (Pennsylvanie), montrent des taux de mortalit\u00e9 et de morbidit\u00e9 bien au-dessus de ceux de 18 pays riches, membres de l&rsquo;Organisation de coop\u00e9ration et de d\u00e9veloppement \u00e9conomique (OCDE).\u00a0Entre 2007 et 2022, le risque de d\u00e9c\u00e8s \u00e9tait 78% plus \u00e9lev\u00e9 pour les nourrissons (<\/p>\n<p> Pr\u00e9maturit\u00e9, armes \u00e0 feu, accidents&#8230;<\/p>\n<p class=\"PopSlotParagraph qg-tx2 qg-xtra-lh svelte-1r0pyek\">Concernant le taux de mortalit\u00e9 avant l&rsquo;\u00e2ge d&rsquo;un an, qui est bien plus fort aux \u00c9tats-Unis, les deux causes r\u00e9v\u00e9l\u00e9es par les chercheurs sont la pr\u00e9maturit\u00e9 (+122% aux \u00c9tats-Unis) et la mort subite du nourrisson (+139%). Tandis que pour les enfants et les adolescents am\u00e9ricains \u00e2g\u00e9s de 1 \u00e0 19 ans, ce sont les armes \u00e0 feu (+1 434%) et les accidents de la route (+145 %) qui en sont les responsables.<\/p>\n<p class=\"PopSlotParagraph qg-tx2 qg-xtra-lh svelte-1r0pyek\">Autre fait alarmant mis en lumi\u00e8re par cette \u00e9tude\u00a0: la multiplication des maladies chroniques aux \u00c9tats-Unis. Dans la population g\u00e9n\u00e9rale, un quart des Am\u00e9ricains \u00e2g\u00e9s de 3 \u00e0 17 ans en avait une en 2011 (25,8%). Ils sont pr\u00e8s d&rsquo;un tiers en 2023 (31,0%).<\/p>\n<p class=\"PopSlotParagraph qg-tx2 qg-xtra-lh svelte-1r0pyek\">\u00ab\u00a0Les taux d&rsquo;ob\u00e9sit\u00e9, d&rsquo;apparition pr\u00e9coce des menstruations, de troubles du sommeil, de limitations dans les activit\u00e9s, de sympt\u00f4mes physiques, de sympt\u00f4mes d\u00e9pressifs et de solitude ont tous augment\u00e9\u00a0\u00bb entre 2007 et 2022, rapporte l&rsquo;\u00e9tude. Ses auteurs concluent que \u00ab\u00a0la sant\u00e9 des enfants am\u00e9ricains s\u2019est d\u00e9grad\u00e9e sur un large \u00e9ventail d\u2019indicateurs ces 17 derni\u00e8res ann\u00e9es\u00a0\u00bb. Ils appellent \u00e0 identifier et \u00e0 traiter les causes profondes de ce d\u00e9clin, un objectif jug\u00e9 \u00ab\u00a0fondamental\u00a0\u00bb pour la sant\u00e9 publique du pays.<\/p>\n","protected":false},"excerpt":{"rendered":"Les enfants et les adolescents am\u00e9ricains ont la pire sant\u00e9 de tous les pays d\u00e9velopp\u00e9s, avec des chiffres&hellip;\n","protected":false},"author":2,"featured_media":328825,"comment_status":"","ping_status":"","sticky":false,"template":"","format":"standard","meta":{"footnotes":""},"categories":[1589],"tags":[11,73,1866,12,1864,1865,1863,308],"class_list":{"0":"post-328824","1":"post","2":"type-post","3":"status-publish","4":"format-standard","5":"has-post-thumbnail","7":"category-etats-unis","8":"tag-actualites","9":"tag-etats-unis","10":"tag-etats-unis-damerique","11":"tag-news","12":"tag-united-states","13":"tag-united-states-of-america","14":"tag-us","15":"tag-usa"},"share_on_mastodon":{"url":"https:\/\/pubeurope.com\/@fr\/115054309718874927","error":""},"_links":{"self":[{"href":"https:\/\/www.europesays.com\/fr\/wp-json\/wp\/v2\/posts\/328824","targetHints":{"allow":["GET"]}}],"collection":[{"href":"https:\/\/www.europesays.com\/fr\/wp-json\/wp\/v2\/posts"}],"about":[{"href":"https:\/\/www.europesays.com\/fr\/wp-json\/wp\/v2\/types\/post"}],"author":[{"embeddable":true,"href":"https:\/\/www.europesays.com\/fr\/wp-json\/wp\/v2\/users\/2"}],"replies":[{"embeddable":true,"href":"https:\/\/www.europesays.com\/fr\/wp-json\/wp\/v2\/comments?post=328824"}],"version-history":[{"count":0,"href":"https:\/\/www.europesays.com\/fr\/wp-json\/wp\/v2\/posts\/328824\/revisions"}],"wp:featuredmedia":[{"embeddable":true,"href":"https:\/\/www.europesays.com\/fr\/wp-json\/wp\/v2\/media\/328825"}],"wp:attachment":[{"href":"https:\/\/www.europesays.com\/fr\/wp-json\/wp\/v2\/media?parent=328824"}],"wp:term":[{"taxonomy":"category","embeddable":true,"href":"https:\/\/www.europesays.com\/fr\/wp-json\/wp\/v2\/categories?post=328824"},{"taxonomy":"post_tag","embeddable":true,"href":"https:\/\/www.europesays.com\/fr\/wp-json\/wp\/v2\/tags?post=328824"}],"curies":[{"name":"wp","href":"https:\/\/api.w.org\/{rel}","templated":true}]}}