{"id":328826,"date":"2025-08-19T07:43:11","date_gmt":"2025-08-19T07:43:11","guid":{"rendered":"https:\/\/www.europesays.com\/fr\/328826\/"},"modified":"2025-08-19T07:43:11","modified_gmt":"2025-08-19T07:43:11","slug":"linflation-alimentaire-au-royaume-uni-ralentit-legerement-en-aout-selon-worldpanel","status":"publish","type":"post","link":"https:\/\/www.europesays.com\/fr\/328826\/","title":{"rendered":"L&rsquo;inflation alimentaire au Royaume-Uni ralentit l\u00e9g\u00e8rement en ao\u00fbt, selon Worldpanel"},"content":{"rendered":"<p>L&rsquo;inflation des produits alimentaires au Royaume-Uni a l\u00e9g\u00e8rement recul\u00e9 pour s&rsquo;\u00e9tablir \u00e0 5,0\u00a0% sur les quatre semaines pr\u00e9c\u00e9dant le 10 ao\u00fbt, selon les donn\u00e9es publi\u00e9es mardi par le cabinet d&rsquo;\u00e9tudes de march\u00e9 Worldpanel by Numerator, offrant ainsi un l\u00e9ger r\u00e9pit aux consommateurs.<\/p>\n<p>Ce chiffre, qui constitue le barom\u00e8tre le plus r\u00e9cent de l&rsquo;inflation alimentaire britannique, est en baisse par rapport aux 5,2\u00a0% enregistr\u00e9s lors du rapport du mois pr\u00e9c\u00e9dent.<\/p>\n<p>\u00ab\u00a0Nous avons constat\u00e9 une baisse marginale de l&rsquo;inflation des prix alimentaires ce mois-ci, mais nous sommes toujours bien au-del\u00e0 du seuil o\u00f9 la hausse des prix commence vraiment \u00e0 peser, et les consommateurs continuent d&rsquo;adapter leur comportement pour joindre les deux bouts\u00a0\u00bb, a d\u00e9clar\u00e9 Fraser McKevitt, responsable de la distribution et de l&rsquo;analyse des consommateurs chez Worldpanel.<\/p>\n<p>Le cabinet d&rsquo;\u00e9tudes pr\u00e9cise que les prix augmentent le plus rapidement dans des segments tels que le chocolat, la viande fra\u00eeche et le caf\u00e9, tandis qu&rsquo;ils baissent le plus dans le champagne et les vins mousseux, la nourriture pour chiens et les confiseries sucr\u00e9es.<\/p>\n<p>Les distributeurs alimentaires britanniques soulignent que la hausse des taxes patronales, des co\u00fbts r\u00e9glementaires ainsi que l&rsquo;augmentation des salaires du personnel s&rsquo;ajoutent aux pressions inflationnistes d\u00e9j\u00e0 provoqu\u00e9es par la flamb\u00e9e des prix des mati\u00e8res premi\u00e8res.<\/p>\n<p>L&rsquo;organisation professionnelle British Retail Consortium, qui repr\u00e9sente les plus grands distributeurs britanniques, pr\u00e9voit que l&rsquo;inflation alimentaire atteindra 6\u00a0% d&rsquo;ici la fin de l&rsquo;ann\u00e9e, accentuant la pression sur les budgets des m\u00e9nages \u00e0 l&rsquo;approche de No\u00ebl.<\/p>\n<p>La Banque d&rsquo;Angleterre pr\u00e9voit pour sa part que ce taux atteindra 5,5\u00a0% avant No\u00ebl, avant de refluer \u00e0 mesure que les facteurs mondiaux sur les march\u00e9s de gros s&rsquo;estompent.<\/p>\n<p>Les donn\u00e9es officielles sur l&rsquo;inflation au Royaume-Uni pour le mois de juillet seront publi\u00e9es mercredi.<\/p>\n","protected":false},"excerpt":{"rendered":"L&rsquo;inflation des produits alimentaires au Royaume-Uni a l\u00e9g\u00e8rement recul\u00e9 pour s&rsquo;\u00e9tablir \u00e0 5,0\u00a0% sur les quatre semaines pr\u00e9c\u00e9dant&hellip;\n","protected":false},"author":2,"featured_media":328827,"comment_status":"","ping_status":"","sticky":false,"template":"","format":"standard","meta":{"footnotes":""},"categories":[1588],"tags":[11,340,1777,674,12,473,1853,1851,1850,1852],"class_list":{"0":"post-328826","1":"post","2":"type-post","3":"status-publish","4":"format-standard","5":"has-post-thumbnail","7":"category-royaume-uni","8":"tag-actualites","9":"tag-bourse","10":"tag-eu","11":"tag-europe","12":"tag-news","13":"tag-royaume-uni","14":"tag-royaume-uni-de-grande-bretagne-et-dirlande-du-nord","15":"tag-uk","16":"tag-united-kingdom","17":"tag-united-kingdom-of-great-britain-and-northern-ireland"},"share_on_mastodon":{"url":"https:\/\/pubeurope.com\/@fr\/115054313713354168","error":""},"_links":{"self":[{"href":"https:\/\/www.europesays.com\/fr\/wp-json\/wp\/v2\/posts\/328826","targetHints":{"allow":["GET"]}}],"collection":[{"href":"https:\/\/www.europesays.com\/fr\/wp-json\/wp\/v2\/posts"}],"about":[{"href":"https:\/\/www.europesays.com\/fr\/wp-json\/wp\/v2\/types\/post"}],"author":[{"embeddable":true,"href":"https:\/\/www.europesays.com\/fr\/wp-json\/wp\/v2\/users\/2"}],"replies":[{"embeddable":true,"href":"https:\/\/www.europesays.com\/fr\/wp-json\/wp\/v2\/comments?post=328826"}],"version-history":[{"count":0,"href":"https:\/\/www.europesays.com\/fr\/wp-json\/wp\/v2\/posts\/328826\/revisions"}],"wp:featuredmedia":[{"embeddable":true,"href":"https:\/\/www.europesays.com\/fr\/wp-json\/wp\/v2\/media\/328827"}],"wp:attachment":[{"href":"https:\/\/www.europesays.com\/fr\/wp-json\/wp\/v2\/media?parent=328826"}],"wp:term":[{"taxonomy":"category","embeddable":true,"href":"https:\/\/www.europesays.com\/fr\/wp-json\/wp\/v2\/categories?post=328826"},{"taxonomy":"post_tag","embeddable":true,"href":"https:\/\/www.europesays.com\/fr\/wp-json\/wp\/v2\/tags?post=328826"}],"curies":[{"name":"wp","href":"https:\/\/api.w.org\/{rel}","templated":true}]}}