{"id":328842,"date":"2025-08-19T07:52:11","date_gmt":"2025-08-19T07:52:11","guid":{"rendered":"https:\/\/www.europesays.com\/fr\/328842\/"},"modified":"2025-08-19T07:52:11","modified_gmt":"2025-08-19T07:52:11","slug":"top-14-saga-racing-92-frederic-michalak-nous-devons-faire-preuve-dhumilite","status":"publish","type":"post","link":"https:\/\/www.europesays.com\/fr\/328842\/","title":{"rendered":"Top 14. Saga Racing 92 &#8211; Fr\u00e9d\u00e9ric Michalak : \u00ab\u00a0Nous devons faire preuve d\u2019humilit\u00e9\u00a0\u00bb"},"content":{"rendered":"<p>\n                Un des adjoints de Patrice Collazo insiste lui aussi sur l\u2019immensit\u00e9 du chantier quant \u00e0 la mise en place d\u2019un nouveau projet. Mais il se d\u00e9lecte aussi d\u2019avoir \u00e0 travailler avec une nouvelle charni\u00e8re dont on dit le plus grand bien&#8230;\n            <\/p>\n<p><strong>Le Racing 92 a d\u00e9cid\u00e9 de se lancer dans un nouveau projet. Avez-vous le sentiment que le chantier est immense ?<\/strong><\/p>\n<p>C\u2019est un travail de tous les jours, un travail de longue haleine. Notre volont\u00e9, c\u2019est d\u2019avoir la bonne mentalit\u00e9 et le bon \u00e9tat d\u2019esprit. C\u2019est n\u00e9cessaire pour \u00eatre une bonne \u00e9quipe puisqu\u2019on est un sport collectif. La partie mentale, on y entre au fur et \u00e0 mesure. Quelle est notre identit\u00e9 ? Quelle image voulons-nous donner ? Tous les jours, nous demandons de faire un maximum d\u2019efforts pour que l\u2019\u00e9quipe r\u00e9ussisse.<\/p>\n<p><strong>Avez-vous le sentiment que cet \u00e9tat d\u2019esprit vous a parfois fait d\u00e9faut l\u2019an dernier ?<\/strong><\/p>\n<p>Pas forc\u00e9ment. Ce n\u2019est pas que \u00e7a. Le Top 14 est un championnat difficile, tr\u00e8s resserr\u00e9, avec beaucoup d\u2019\u00e9quipes comp\u00e9titives. Si vous \u00eates sur une dynamique positive, automatiquement \u00e7a cr\u00e9e plus de joie et plus de motivation. Mais quand vous perdez plusieurs matchs d\u2019affil\u00e9e, l\u00e0 vous entrez dans une forme de difficult\u00e9 qui entame le moral. Maintenant, je trouve que les joueurs, depuis trois ans, font tout pour essayer de progresser. Mais les r\u00e9sultats, g\u00e9n\u00e9ralement, ne se font pas ressentir en un ou deux mois. C\u2019est du long terme. Et, c\u2019est le plus r\u00e9silient qui r\u00e9ussit. On essaie donc d\u2019\u00eatre dans cette r\u00e9silience-l\u00e0.<\/p>\n<p><strong>Qu\u2019est-ce qui vous permet de croire que vous allez pouvoir r\u00e9aliser une plus belle saison par rapport \u00e0 ce que vous avez pu voir sur le travail d\u00e9j\u00e0 effectu\u00e9 depuis la reprise ?<\/strong><\/p>\n<p>Rien. Simplement la capacit\u00e9 des joueurs \u00e0 encaisser le boulot. Aujourd\u2019hui, ils l\u2019encaissent plut\u00f4t bien. Ils sont plut\u00f4t bien dans toutes les longues phases que l\u2019on met en place. Il y a une meilleure discipline aussi sur nos entra\u00eenements. Et \u00e7a, c\u2019est vraiment ce qui nous a, par exemple, fait d\u00e9faut l\u2019an dernier. Je pense qu\u2019ils ont tous envie de r\u00e9ussir et de ne pas renouveler les erreurs pass\u00e9es. Mais comme je l\u2019ai dit, nous entrons dans un long processus. Nous devons faire preuve d\u2019humilit\u00e9. Les joueurs qui nous ont rejoints arrivent, pour beaucoup, de Pro D2. Cette humilit\u00e9, ils l\u2019ont. Tout comme ils ont l\u2019envie de r\u00e9ussir. Et \u00e7a nous va bien.<\/p>\n<p><strong>Justement, votre charni\u00e8re Carbonneau-Seunes arrive de Pro D2. Comment allez-vous l\u2019accompagner ?<\/strong><\/p>\n<p>Un jeune joueur fait automatiquement des erreurs. On va donc travailler en essayant de les impliquer, de les faire participer. On regarde beaucoup d\u2019images ensemble. On regarde comment d\u2019autres joueurs vivent certaines situations. Et je vais essayer de les faire accompagner par certains leaders \u00e0 c\u00f4t\u00e9 d\u2019eux, qui ont plus d\u2019exp\u00e9rience, ce qui leur permettra, j\u2019imagine, d\u2019\u00eatre meilleurs sur l\u2019intelligence \u00e9motionnelle, d\u2019\u00eatre moins sous pression. Maintenant, cette jeunesse, c\u2019est un atout aujourd\u2019hui. Il faut \u00eatre fort, il faut aller vite. C\u2019est un sport de mouvement. Ce sont des joueurs plut\u00f4t innovants dans leur geste, dans leur fa\u00e7on de voir les choses. Ils ont un parcours diff\u00e9rent. Je suis s\u00fbr que cette charni\u00e8re va faire des \u00e9tincelles. Mais, parfois, l\u2019apprentissage est douloureux. Je serai l\u00e0 pour les aider et, ensemble, on va y arriver ensemble.<\/p>\n<p><strong>N\u2019est-ce pas excitant pour un entra\u00eeneur comme vous d\u2019avoir \u00e0 travailler avec des jeunes talentueux avec qui le travail semble encore important ?<\/strong><\/p>\n<p>C\u2019est \u00e9vident ! Mais il va falloir que je sois un bon entra\u00eeneur<\/p>\n","protected":false},"excerpt":{"rendered":"Un des adjoints de Patrice Collazo insiste lui aussi sur l\u2019immensit\u00e9 du chantier quant \u00e0 la mise en&hellip;\n","protected":false},"author":2,"featured_media":328843,"comment_status":"","ping_status":"","sticky":false,"template":"","format":"standard","meta":{"footnotes":""},"categories":[1416],"tags":[1011,27,479,1468,60],"class_list":{"0":"post-328842","1":"post","2":"type-post","3":"status-publish","4":"format-standard","5":"has-post-thumbnail","7":"category-rugby","8":"tag-fr","9":"tag-france","10":"tag-rugby","11":"tag-rugby-football","12":"tag-sports"},"share_on_mastodon":{"url":"https:\/\/pubeurope.com\/@fr\/115054349102028628","error":""},"_links":{"self":[{"href":"https:\/\/www.europesays.com\/fr\/wp-json\/wp\/v2\/posts\/328842","targetHints":{"allow":["GET"]}}],"collection":[{"href":"https:\/\/www.europesays.com\/fr\/wp-json\/wp\/v2\/posts"}],"about":[{"href":"https:\/\/www.europesays.com\/fr\/wp-json\/wp\/v2\/types\/post"}],"author":[{"embeddable":true,"href":"https:\/\/www.europesays.com\/fr\/wp-json\/wp\/v2\/users\/2"}],"replies":[{"embeddable":true,"href":"https:\/\/www.europesays.com\/fr\/wp-json\/wp\/v2\/comments?post=328842"}],"version-history":[{"count":0,"href":"https:\/\/www.europesays.com\/fr\/wp-json\/wp\/v2\/posts\/328842\/revisions"}],"wp:featuredmedia":[{"embeddable":true,"href":"https:\/\/www.europesays.com\/fr\/wp-json\/wp\/v2\/media\/328843"}],"wp:attachment":[{"href":"https:\/\/www.europesays.com\/fr\/wp-json\/wp\/v2\/media?parent=328842"}],"wp:term":[{"taxonomy":"category","embeddable":true,"href":"https:\/\/www.europesays.com\/fr\/wp-json\/wp\/v2\/categories?post=328842"},{"taxonomy":"post_tag","embeddable":true,"href":"https:\/\/www.europesays.com\/fr\/wp-json\/wp\/v2\/tags?post=328842"}],"curies":[{"name":"wp","href":"https:\/\/api.w.org\/{rel}","templated":true}]}}