{"id":328860,"date":"2025-08-19T08:03:11","date_gmt":"2025-08-19T08:03:11","guid":{"rendered":"https:\/\/www.europesays.com\/fr\/328860\/"},"modified":"2025-08-19T08:03:11","modified_gmt":"2025-08-19T08:03:11","slug":"biceps-de-sortie-chevelure-tres-travaillee-paysage-parfait-julien-dore-pose-avec-son-fils-de-4-ans-style-comme-papa","status":"publish","type":"post","link":"https:\/\/www.europesays.com\/fr\/328860\/","title":{"rendered":"Biceps de sortie, chevelure tr\u00e8s travaill\u00e9e, paysage parfait : Julien Dor\u00e9 pose avec son fils de 4 ans, styl\u00e9 comme papa"},"content":{"rendered":"<p>            <img loading=\"lazy\" decoding=\"async\" src=\"https:\/\/www.europesays.com\/fr\/wp-content\/uploads\/2025\/04\/144-64f8c016610ee-35x35-1.jpg\" class=\"author-article-picture\" width=\"35\" height=\"35\"\/><\/p>\n<p>                Par<br \/>\n                                    <a class=\"author-article-bio-link\" href=\"https:\/\/www.purepeople.com\/auteur\/louise-martin_a144\" rel=\"nofollow noopener\" target=\"_blank\">Louise Martin<\/a><br \/>\n                                                    | R\u00e9dactrice<\/p>\n<p>\n                Koh Lanta, Les Marseillais mais aussi Mari\u00e9s au Premier regards\u2026 Louise Martin est une t\u00e9l\u00e9vore qui essaye, \u00e0 ses heures perdues, de refaire les g\u00e2teaux qu\u2019elle admire devant le Meilleur P\u00e2tissier\u2026 mais elle ne risque pas de gagner le tablier bleu ! Les r\u00e9seaux sociaux n\u2019ont pas de secret pour elle, les derniers scoops, les derni\u00e8res \u00e9missions, elle les conna\u00eet tous.\n            <\/p>\n<p>\n    Julien Dor\u00e9 savoure plus que jamais sa vie loin de Paris. Install\u00e9 dans les C\u00e9vennes, le chanteur a r\u00e9alis\u00e9 son r\u00eave de vivre au c\u0153ur de la nature, entour\u00e9 de ses chiens\u2026 et de son fils. Le jeune papa a d\u00e9cid\u00e9 de partager quelques clich\u00e9s estivaux avec ses fans sur Instagram, et l\u2019artiste y d\u00e9voile un bonheur simple marqu\u00e9 par les petits plaisirs de la vie.\n<\/p>\n<p>                            <img loading=\"lazy\" decoding=\"async\" class=\"player-thumbnail\" src=\"https:\/\/www.europesays.com\/fr\/wp-content\/uploads\/2025\/08\/bbdb20f1108fd918-580x326-1.jpg\" width=\"580\" height=\"326\"\/><\/p>\n<p>                    Biceps de sortie, chevelure tr\u00e8s travaill\u00e9e, paysage parfait : Julien Dor\u00e9 pose avec son fils de 4 ans, styl\u00e9 comme papa<\/p>\n<p>La suite apr\u00e8s la publicit\u00e9<\/p>\n<p><a href=\"https:\/\/www.purepeople.com\/people\/julien-dore_p608\" rel=\"nofollow noopener\" target=\"_blank\">Julien Dor\u00e9<\/a> a choisi de changer radicalement de vie. Loin de l\u2019agitation parisienne,<a href=\"https:\/\/www.purepeople.com\/article\/julien-dore-a-quitte-le-tumulte-parisien-pour-les-cevennes-6-ans-apres-ce-choix-il-fait-le-point_a529615\/1\" rel=\"nofollow noopener\" target=\"_blank\"> l\u2019artiste vit aujourd\u2019hui dans les C\u00e9vennes,<\/a> o\u00f9 il s\u2019\u00e9panouit dans un cadre qu\u2019il a longtemps r\u00eav\u00e9 d\u2019atteindre. Dans une interview au Populaire du Centre, il a expliqu\u00e9 ce que cette nouvelle existence repr\u00e9sentait pour lui : <strong>\u00ab\u00a0C\u2019est la chance de vivre dans un endroit berc\u00e9 par des choses bien plus puissantes que nous, \u00eatres humains.<\/strong> Donc, les valeurs sont plut\u00f4t celles de l\u2019observation, du respect, de l\u2019\u00e9coute et du silence\u00a0\u00bb. Un cadre qu\u2019il consid\u00e8re comme un v\u00e9ritable accomplissement personnel. Car, comme il le confiait dans les colonnes de Gala, son installation \u00e0 la campagne n\u2019a rien d\u2019un hasard. \u00ab\u00a0Mon r\u00eave, c&rsquo;\u00e9tait d&rsquo;avoir assez de sous un jour pour acheter une maison et vivre dans la nature avec mes chiens\u00a0\u00bb, avait-il avou\u00e9. Et aujourd\u2019hui, ce r\u00eave est devenu r\u00e9alit\u00e9. <a href=\"https:\/\/www.purepeople.com\/article\/julien-dore-papa-les-coulisses-folles-de-sa-tournee-avec-son-tres-jeune-fils-c-est-assez-injuste-mais_a517075\/1\" rel=\"nofollow noopener\" target=\"_blank\">Papa combl\u00e9, il savoure ce nouveau chapitre de vie<\/a> puisque <strong>\u00ab\u00a0Je vis ce que je voulais\u00a0\u00bb.\u00a0<\/strong><\/p>\n<p>Dans ce quotidien qu\u2019il qualifie de simple et authentique, le chanteur go\u00fbte au calme et au d\u00e9paysement et d\u00e9crit son quotidien : \u00ab\u00a0Il n&rsquo;y a rien, juste la nature, et de l&rsquo;autre c\u00f4t\u00e9, la for\u00eat, les chiens, les sangliers, les ch\u00eanes\u00a0\u00bb. Lorsqu\u2019il n\u2019est pas en tourn\u00e9e, Julien Dor\u00e9 consacre une partie de son temps \u00e0 une autre de ses passions : cultiver son potager. <strong>Une vie en retrait qui tranche avec le rythme fr\u00e9n\u00e9tique qu\u2019impose souvent sa carri\u00e8re.<\/strong> Mais ce choix est aussi dict\u00e9 par une volont\u00e9 profonde : offrir \u00e0 son fils une enfance loin du tumulte. <a href=\"https:\/\/www.purepeople.com\/article\/julien-dore-avec-son-fils-qui-aura-bientot-4-ans-en-pleine-seance-de-piano-le-garcon-montre-son-assurance_a535083\/1\" rel=\"nofollow noopener\" target=\"_blank\">L\u2019enfant, qui s\u2019est d\u00e9j\u00e0 mis au piano<\/a>, \u00e9volue dans un environnement pr\u00e9serv\u00e9. \u00ab\u00a0Quand j&rsquo;ai su que j&rsquo;allais \u00eatre papa, j&rsquo;ai pens\u00e9 que vivre ici serait moins effrayant. <strong>Paris est une ville qui me fait peur. <\/strong>M\u00eame seul, elle me faisait flipper\u00a0\u00bb, avait-il expliqu\u00e9. Et en parlant de son petit gar\u00e7on, le chanteur a d\u00e9voil\u00e9 quelques clich\u00e9s de son \u00e9t\u00e9 \u00ab\u00a0pas comme les autres\u00a0\u00bb \u00e0 en croire la l\u00e9gende sous le carrousel de photos. Sur le premier souvenir estival, on peut voir le papa de dos avec son fils devant une piscine et face \u00e0 une vue somptueuse. Toujours aussi styl\u00e9, <strong>le fils de 4 ans de Julien Dor\u00e9 porte une chemise avec plusieurs crocodiles qui jouent au tennis et un short en jean.\u00a0<\/strong><\/p>\n<p><strong>Entre potager et moments en famille : l\u2019\u00e9t\u00e9 solaire de Julien Dor\u00e9<\/strong><\/p>\n<p>Sur les clich\u00e9s suivants, le chanteur a d\u00e9cid\u00e9 de montrer comment il a pass\u00e9 ses vacances et la joie et la bonne humeur \u00e9tait de mise ! Sur un bateau, bi\u00e8re \u00e0 la main avec des copains, torse nu et une vue de r\u00eave, mais on a aussi eu le droit \u00e0 Julien Dor\u00e9 et ses carottes tout droit venues de son potager, accompagn\u00e9es de magnifiques tomates et courgettes et m\u00eame d&rsquo;un beau citron. Et puis sur d&rsquo;autres photos, <a href=\"https:\/\/www.purepeople.com\/article\/-j-ai-arrete-de-le-fils-de-julien-dore-3-ans-et-demi-a-provoque-un-cataclysme-dans-la-vie-de-son-pere_a528277\/1\" rel=\"nofollow noopener\" target=\"_blank\"><strong>c&rsquo;est son petit gar\u00e7on qui attire l&rsquo;attention<\/strong><\/a><strong> avec ses petits mots comme <\/strong><strong>\u00ab\u00a0Au travail papa\u00a0\u00bb <\/strong><strong>ou encore<\/strong><strong> \u00ab\u00a0Jean-Marc\u00a0\u00bb, <\/strong><strong>le pr\u00e9nom de l&rsquo;un des chiens de l&rsquo;artiste<\/strong> accompagn\u00e9 d&rsquo;un dessin cens\u00e9 le repr\u00e9senter.<\/p>\n<p>Le chanteur \u00e0 la magnifique chevelure blonde a \u00e9galement prouv\u00e9 ses talents de jongleur avant de d\u00e9voiler l&rsquo;un de ses repas captur\u00e9 dans un cadre tr\u00e8s esth\u00e9tique : une omelette dans une assiette bleue sur une table en bois avec un bouquet \u00e9pur\u00e9 de lavande. Les commentaires ont \u00e9t\u00e9 nombreux sous cette publication multiple et on a notamment pu lire : <strong>\u00ab\u00a0Trop de mignonneries par ici\u00a0\u00bb<\/strong>, \u00ab\u00a0Golden \u00e9t\u00e9 Golden Photos avec beaucoup de love\u00a0\u00bb, \u00ab\u00a0Je meurs d\u2019amour pour le dessin de Jean-Marc\u00a0\u00bb, \u00ab\u00a0Merci pour le partage de petits moments de ta vie\u00a0\u00bb, ou encore \u00ab\u00a0Tellement cool ce juju\u00a0\u00bb.\u00a0<\/p>\n","protected":false},"excerpt":{"rendered":"Par Louise Martin | R\u00e9dactrice Koh Lanta, Les Marseillais mais aussi Mari\u00e9s au Premier regards\u2026 Louise Martin est&hellip;\n","protected":false},"author":2,"featured_media":328861,"comment_status":"","ping_status":"","sticky":false,"template":"","format":"standard","meta":{"footnotes":""},"categories":[1355],"tags":[58,59,1011,27,1361,873],"class_list":{"0":"post-328860","1":"post","2":"type-post","3":"status-publish","4":"format-standard","5":"has-post-thumbnail","7":"category-musique","8":"tag-divertissement","9":"tag-entertainment","10":"tag-fr","11":"tag-france","12":"tag-music","13":"tag-musique"},"share_on_mastodon":{"url":"https:\/\/pubeurope.com\/@fr\/115054392557139411","error":""},"_links":{"self":[{"href":"https:\/\/www.europesays.com\/fr\/wp-json\/wp\/v2\/posts\/328860","targetHints":{"allow":["GET"]}}],"collection":[{"href":"https:\/\/www.europesays.com\/fr\/wp-json\/wp\/v2\/posts"}],"about":[{"href":"https:\/\/www.europesays.com\/fr\/wp-json\/wp\/v2\/types\/post"}],"author":[{"embeddable":true,"href":"https:\/\/www.europesays.com\/fr\/wp-json\/wp\/v2\/users\/2"}],"replies":[{"embeddable":true,"href":"https:\/\/www.europesays.com\/fr\/wp-json\/wp\/v2\/comments?post=328860"}],"version-history":[{"count":0,"href":"https:\/\/www.europesays.com\/fr\/wp-json\/wp\/v2\/posts\/328860\/revisions"}],"wp:featuredmedia":[{"embeddable":true,"href":"https:\/\/www.europesays.com\/fr\/wp-json\/wp\/v2\/media\/328861"}],"wp:attachment":[{"href":"https:\/\/www.europesays.com\/fr\/wp-json\/wp\/v2\/media?parent=328860"}],"wp:term":[{"taxonomy":"category","embeddable":true,"href":"https:\/\/www.europesays.com\/fr\/wp-json\/wp\/v2\/categories?post=328860"},{"taxonomy":"post_tag","embeddable":true,"href":"https:\/\/www.europesays.com\/fr\/wp-json\/wp\/v2\/tags?post=328860"}],"curies":[{"name":"wp","href":"https:\/\/api.w.org\/{rel}","templated":true}]}}