{"id":328876,"date":"2025-08-19T08:11:10","date_gmt":"2025-08-19T08:11:10","guid":{"rendered":"https:\/\/www.europesays.com\/fr\/328876\/"},"modified":"2025-08-19T08:11:10","modified_gmt":"2025-08-19T08:11:10","slug":"le-maire-estime-sa-ville-victime-dune-lutte-entre-gangs","status":"publish","type":"post","link":"https:\/\/www.europesays.com\/fr\/328876\/","title":{"rendered":"Le maire estime sa ville victime d\u2019une \u00ab\u00a0lutte entre gangs\u00a0\u00bb"},"content":{"rendered":"<p>Olivier Bianchi est inquiet pour la ville qu\u2019il dirige. Un nouvel \u00e9pisode <a href=\"https:\/\/www.20minutes.fr\/dossier\/violence\" target=\"_blank\" class=\"c-link c-link--is-underlined\" rel=\"noopener\">violent<\/a> a en effet eu lieu dimanche soir \u00e0 <a href=\"https:\/\/www.20minutes.fr\/societe\/clermont-ferrand\/\" target=\"_blank\" class=\"c-link c-link--is-underlined\" rel=\"noopener\">Clermont-Ferrand<\/a>. C\u2019est donc une s\u00e9rie noire pour cette ville dont le maire d\u00e9nonce \u00ab\u00a0une lutte entre gangs\u00a0\u00bb.<\/p>\n<p>Vers 23 heures, \u00ab\u00a0deux hommes n\u00e9s en\u00a02005 et\u00a02009 ont \u00e9t\u00e9 bless\u00e9s par arme blanche dans un appartement\u00a0\u00bb du quartier Croix-de-Neyrat, une zone prioritaire dans le nord de la ville, a indiqu\u00e9 une source polici\u00e8re. Le majeur a \u00e9t\u00e9 touch\u00e9 \u00ab\u00a0plus gri\u00e8vement au flanc droit et au bras gauche\u00a0\u00bb. Son \u00ab\u00a0pronostic vital est engag\u00e9\u00a0\u00bb. Cette agression a \u00e9t\u00e9 commise par deux personnes cagoul\u00e9es, selon une autre source polici\u00e8re. L\u2019autre victime, mineure, a \u00e9t\u00e9 l\u00e9g\u00e8rement atteinte \u00e0 la main gauche et \u00e0 la tempe. Aucune garde \u00e0 vue n\u2019est en cours.<\/p>\n<p>Des d\u00e9tonations dans la nuit<\/p>\n<p>Par ailleurs, dans la nuit de dimanche \u00e0 lundi \u00e0 00h25, les policiers sont intervenus dans un autre quartier de la ville pour des d\u00e9tonations, selon une source polici\u00e8re. Sur place, ils ont d\u00e9couvert trois \u00e9tuis percut\u00e9s de calibre 7,65 et 32. Deux t\u00e9moins ont indiqu\u00e9 avoir vu deux agresseurs cagoul\u00e9s dans un v\u00e9hicule. Les tirs n\u2019ont fait aucun bless\u00e9.<\/p>\n<\/p>\n<p>\u00ab\u00a0\u00c0 nouveau deux bless\u00e9s dans ce qui ressemble \u00e0 une lutte entre gangs pour s\u2019approprier le r\u00e9seau de notre ville. Cette spirale de violence est infernale. Je reste d\u00e9termin\u00e9 \u00e0 lutter avec le pr\u00e9fet contre ce fl\u00e9au\u00a0\u00bb, a r\u00e9agi sur X le maire Olivier Bianchi (PS).<\/p>\n<p>Le trafic de drogues point\u00e9 du doigt<\/p>\n<p>Tout en soulignant qu\u2019il est trop t\u00f4t pour tirer des conclusions, la pr\u00e9fecture a relev\u00e9 l\u2019existence \u00ab\u00a0de r\u00e8glements de comptes entre r\u00e9seaux de <a href=\"https:\/\/www.20minutes.fr\/dossier\/trafic_de_drogue\" target=\"_blank\" class=\"c-link c-link--is-underlined\" rel=\"noopener\">narcotrafiquants<\/a>\u00a0\u00bb. Le pr\u00e9fet du Puy-de-D\u00f4me Jo\u00ebl Mathurin souligne ainsi \u00ab\u00a0la n\u00e9cessit\u00e9 d\u2019une mobilisation g\u00e9n\u00e9rale contre le narcotrafic, impliquant non seulement les forces de s\u00e9curit\u00e9, mais aussi les habitants, les propri\u00e9taires, et les syndicats de copropri\u00e9t\u00e9\u00a0\u00bb. Il \u00ab\u00a0appelle \u00e0 la vigilance des activit\u00e9s suspectes, soulignant que la lutte contre le narcotrafic est l\u2019affaire de tous\u00a0\u00bb.<\/p>\n<p>D\u00e9j\u00e0 la semaine derni\u00e8re, dans la nuit de mardi \u00e0 mercredi, un corps calcin\u00e9 avait \u00e9t\u00e9 retrouv\u00e9 dans une voiture incendi\u00e9e dans le quartier Croix-de-Neyrat. La m\u00eame nuit, une personne avait \u00e9t\u00e9 bless\u00e9e par balle \u00e0 Clermont et des maisons vis\u00e9es par des incendies criminels en banlieue. Certains de ces faits, qui ont parfois eu lieu dans des quartiers tranquilles, ont \u00e9t\u00e9 identifi\u00e9s par la police en lien avec le trafic de stup\u00e9fiants.<\/p>\n<p><a href=\"https:\/\/www.20minutes.fr\/societe\/clermont-ferrand\/\" target=\"_blank\" class=\"c-link c-btn c-btn--primary\" rel=\"noopener\">Nos articles sur Clermont-Ferrand<\/a><\/p>\n<p>La ville, peu habitu\u00e9e \u00e0 ce ph\u00e9nom\u00e8ne, conna\u00eet depuis\u00a02024 de nombreux r\u00e8glements de comptes li\u00e9s au trafic de drogues. Quatre personnes ont ainsi \u00e9t\u00e9 tu\u00e9es dans ce cadre en\u00a02025 selon la pr\u00e9fecture.<\/p>\n","protected":false},"excerpt":{"rendered":"Olivier Bianchi est inquiet pour la ville qu\u2019il dirige. Un nouvel \u00e9pisode violent a en effet eu lieu&hellip;\n","protected":false},"author":2,"featured_media":328877,"comment_status":"","ping_status":"","sticky":false,"template":"","format":"standard","meta":{"footnotes":""},"categories":[4],"tags":[47,11,9050,1052,118,1011,27,12,25,104,887,133,809],"class_list":{"0":"post-328876","1":"post","2":"type-post","3":"status-publish","4":"format-standard","5":"has-post-thumbnail","7":"category-france","8":"tag-actualite","9":"tag-actualites","10":"tag-clermont-ferrand","11":"tag-drogue","12":"tag-faits-divers","13":"tag-fr","14":"tag-france","15":"tag-news","16":"tag-republique-francaise","17":"tag-societe","18":"tag-trafic-de-drogue","19":"tag-video","20":"tag-violence"},"share_on_mastodon":{"url":"https:\/\/pubeurope.com\/@fr\/115054423821036284","error":""},"_links":{"self":[{"href":"https:\/\/www.europesays.com\/fr\/wp-json\/wp\/v2\/posts\/328876","targetHints":{"allow":["GET"]}}],"collection":[{"href":"https:\/\/www.europesays.com\/fr\/wp-json\/wp\/v2\/posts"}],"about":[{"href":"https:\/\/www.europesays.com\/fr\/wp-json\/wp\/v2\/types\/post"}],"author":[{"embeddable":true,"href":"https:\/\/www.europesays.com\/fr\/wp-json\/wp\/v2\/users\/2"}],"replies":[{"embeddable":true,"href":"https:\/\/www.europesays.com\/fr\/wp-json\/wp\/v2\/comments?post=328876"}],"version-history":[{"count":0,"href":"https:\/\/www.europesays.com\/fr\/wp-json\/wp\/v2\/posts\/328876\/revisions"}],"wp:featuredmedia":[{"embeddable":true,"href":"https:\/\/www.europesays.com\/fr\/wp-json\/wp\/v2\/media\/328877"}],"wp:attachment":[{"href":"https:\/\/www.europesays.com\/fr\/wp-json\/wp\/v2\/media?parent=328876"}],"wp:term":[{"taxonomy":"category","embeddable":true,"href":"https:\/\/www.europesays.com\/fr\/wp-json\/wp\/v2\/categories?post=328876"},{"taxonomy":"post_tag","embeddable":true,"href":"https:\/\/www.europesays.com\/fr\/wp-json\/wp\/v2\/tags?post=328876"}],"curies":[{"name":"wp","href":"https:\/\/api.w.org\/{rel}","templated":true}]}}