{"id":328882,"date":"2025-08-19T08:15:10","date_gmt":"2025-08-19T08:15:10","guid":{"rendered":"https:\/\/www.europesays.com\/fr\/328882\/"},"modified":"2025-08-19T08:15:10","modified_gmt":"2025-08-19T08:15:10","slug":"la-plus-grande-friperie-solidaire-de-lorraine-va-ouvrir-tout-pres-de-nancy","status":"publish","type":"post","link":"https:\/\/www.europesays.com\/fr\/328882\/","title":{"rendered":"la \u00ab\u00a0plus grande friperie solidaire de Lorraine\u00a0\u00bb va ouvrir tout pr\u00e8s de Nancy"},"content":{"rendered":"<p>            Par<br \/>\n        <strong><br \/>\n            <a href=\"https:\/\/actu.fr\/auteur\/emil-vautrin\" title=\"Consulter tous les articles de Emil Vautrin\" target=\"_blank\" rel=\"noopener\">Emil Vautrin<\/a><br \/>\n        <\/strong><\/p>\n<p>        Publi\u00e9 le<\/p>\n<p>            19 ao\u00fbt 2025 \u00e0 9h33        <\/p>\n<p>Ce samedi 23 ao\u00fbt, le Relais Lorraine, \u00ab\u00a0une entreprise sp\u00e9cialis\u00e9e dans la collecte et la<br \/>valorisation des TLC (textile, linge et chaussures) et la cr\u00e9ation <a href=\"https:\/\/actu.fr\/tag\/emploi\" target=\"_blank\" rel=\"noopener\">d\u2019emplois<\/a> en insertion\u00a0\u00bb, ouvrira une friperie de<strong> 525 m<\/strong><strong>2<\/strong>\u00a0au <strong>centre commercial La Cascade \u00e0 Laxou<\/strong> (<a href=\"https:\/\/actu.fr\/grand-est\/meurthe-et-moselle_54\" target=\"_blank\" rel=\"noopener\">Meurthe-et-Moselle<\/a>).<\/p>\n<p class=\" wall-content\">Selon les g\u00e9rants, il s\u2019agira de la plus grande de Lorraine dans son genre.<\/p>\n<p class=\" wall-content\">Elle proposera notamment des<strong> textiles, du linge de maison, des chaussures, de la maroquinerie et des accessoires<\/strong>, le tout de <strong>seconde main<\/strong>.<\/p>\n<p>Des produits de qualit\u00e9 et \u00e0 petits prix<\/p>\n<p class=\" wall-content\">Contact\u00e9 par Lorraine Actu, la future boutique annonce qu\u2019elle proposera des produits de qualit\u00e9, dont \u00ab\u00a0certains de <strong>grandes marques<\/strong>\u00ab\u00a0. De nouveaux articles arriveront <strong>chaque jour<\/strong> en provenance du centre de tri d\u2019Allain (Meurthe-et-Moselle) g\u00e9r\u00e9 par le Relais.<\/p>\n<p class=\" wall-content\">L\u2019entreprise annonce \u00e9galement que l\u2019ouverture de cette boutique \u00ab\u00a0va permettre de <strong>cr\u00e9er 6 emplois, dont 4 en insertion<\/strong>.\u00a0\u00bb<\/p>\n<p class=\" wall-content\">Personnalisez votre actualit\u00e9 en ajoutant vos villes et m\u00e9dias en favori avec <a href=\"https:\/\/moncompte.actu.fr\" title=\"D\u00e9couvez Mon Actu\" rel=\"nofollow noopener\" data-trk=\"{&quot;cta&quot;:{&quot;action&quot;:&quot;https:\\\/\\\/moncompte.actu.fr&quot;,&quot;category&quot;:&quot;mon compte&quot;,&quot;from&quot;:&quot;article footer&quot;,&quot;name&quot;:&quot;Mon actu&quot;,&quot;type&quot;:&quot;cta&quot;}}\" target=\"_blank\">Mon Actu<\/a>.<\/p>\n","protected":false},"excerpt":{"rendered":"Par Emil Vautrin Publi\u00e9 le 19 ao\u00fbt 2025 \u00e0 9h33 Ce samedi 23 ao\u00fbt, le Relais Lorraine, \u00ab\u00a0une&hellip;\n","protected":false},"author":2,"featured_media":328883,"comment_status":"","ping_status":"","sticky":false,"template":"","format":"standard","meta":{"footnotes":""},"categories":[9635],"tags":[1111,11,215,341,1777,674,1011,27,775,1702,12,25,104,3400],"class_list":{"0":"post-328882","1":"post","2":"type-post","3":"status-publish","4":"format-standard","5":"has-post-thumbnail","7":"category-nancy","8":"tag-actu","9":"tag-actualites","10":"tag-commerce","11":"tag-emploi","12":"tag-eu","13":"tag-europe","14":"tag-fr","15":"tag-france","16":"tag-grand-est","17":"tag-nancy","18":"tag-news","19":"tag-republique-francaise","20":"tag-societe","21":"tag-solidarite"},"share_on_mastodon":{"url":"https:\/\/pubeurope.com\/@fr\/115054439627405685","error":""},"_links":{"self":[{"href":"https:\/\/www.europesays.com\/fr\/wp-json\/wp\/v2\/posts\/328882","targetHints":{"allow":["GET"]}}],"collection":[{"href":"https:\/\/www.europesays.com\/fr\/wp-json\/wp\/v2\/posts"}],"about":[{"href":"https:\/\/www.europesays.com\/fr\/wp-json\/wp\/v2\/types\/post"}],"author":[{"embeddable":true,"href":"https:\/\/www.europesays.com\/fr\/wp-json\/wp\/v2\/users\/2"}],"replies":[{"embeddable":true,"href":"https:\/\/www.europesays.com\/fr\/wp-json\/wp\/v2\/comments?post=328882"}],"version-history":[{"count":0,"href":"https:\/\/www.europesays.com\/fr\/wp-json\/wp\/v2\/posts\/328882\/revisions"}],"wp:featuredmedia":[{"embeddable":true,"href":"https:\/\/www.europesays.com\/fr\/wp-json\/wp\/v2\/media\/328883"}],"wp:attachment":[{"href":"https:\/\/www.europesays.com\/fr\/wp-json\/wp\/v2\/media?parent=328882"}],"wp:term":[{"taxonomy":"category","embeddable":true,"href":"https:\/\/www.europesays.com\/fr\/wp-json\/wp\/v2\/categories?post=328882"},{"taxonomy":"post_tag","embeddable":true,"href":"https:\/\/www.europesays.com\/fr\/wp-json\/wp\/v2\/tags?post=328882"}],"curies":[{"name":"wp","href":"https:\/\/api.w.org\/{rel}","templated":true}]}}