{"id":328886,"date":"2025-08-19T08:17:11","date_gmt":"2025-08-19T08:17:11","guid":{"rendered":"https:\/\/www.europesays.com\/fr\/328886\/"},"modified":"2025-08-19T08:17:11","modified_gmt":"2025-08-19T08:17:11","slug":"a-la-garde-les-eleves-de-lecole-paul-langevin-honores-pour-leur-travail","status":"publish","type":"post","link":"https:\/\/www.europesays.com\/fr\/328886\/","title":{"rendered":"\u00c0 La Garde, les \u00e9l\u00e8ves de l\u2019\u00e9cole Paul Langevin honor\u00e9s pour leur travail (\u2026)"},"content":{"rendered":"<p>                    <img loading=\"lazy\" decoding=\"async\" src=\"https:\/\/www.europesays.com\/fr\/wp-content\/uploads\/2025\/08\/a51b1a6c7e0d47d7cd930885f7e2ec.jpg\" class=\"img-responsive post-image\" width=\"680\" height=\"510\" alt=\"\u00c0 La Garde, les \u00e9l\u00e8ves de\" title=\"\u00c0 La Garde, les \u00e9l\u00e8ves de l'\u00e9cole Paul Langevin honor\u00e9s pour leur travail sur le devoir de m\u00e9moire\"\/><\/p>\n<p class=\"chapo\">\u00c0 l\u2019\u00e9cole Paul Langevin de La Garde, les \u00e9l\u00e8ves de CM2 ont re\u00e7u le Prix M\u00e9moire, une distinction d\u00e9cern\u00e9e par la section varoise de l\u2019Association Nationale des Membres de l\u2019Ordre National du M\u00e9rite du Var (ANMONM).<\/p>\n<p>Une belle reconnaissance pour leur engagement tout au long de l\u2019ann\u00e9e sur un projet consacr\u00e9 \u00e0 la R\u00e9sistance pendant la Seconde Guerre mondiale. Convaincue que \u00ab\u00a0 les enfants sont des passeurs de m\u00e9moire\u00a0\u00bb, leur enseignante, <strong>Val\u00e9rie Muffat,<\/strong> a inscrit sa classe \u00e0 ce concours port\u00e9 par l\u2019ANMONM.\u00a0Un pari r\u00e9ussi, salu\u00e9 lors de la c\u00e9r\u00e9monie en pr\u00e9sence d\u2019<strong>H\u00e9l\u00e8ne Arnaud-Bill,<\/strong> maire de La Garde, <strong>Marc Gosselin,<\/strong> pr\u00e9sident de l\u2019ANMONM du Var, et <strong>Marjorie Gardiol<\/strong>, inspectrice de l\u2019\u00c9ducation nationale.<br class=\"texte\"\/><br \/>\nLe projet p\u00e9dagogique a m\u00eal\u00e9 recherches historiques, lectures de t\u00e9moignages et cr\u00e9ations artistiques pour donner naissance \u00e0 une s\u00e9rie de r\u00e9cits illustr\u00e9s, retra\u00e7ant les parcours de figures locales de la R\u00e9sistance. \u00ab\u00a0Un travail rigoureux, sensible et profond\u00e9ment citoyen \u00a0\u00bb, a soulign\u00e9 M.\u00a0Gosselin.<br class=\"autobr\"\/><br \/>\nLe <strong>Prix M\u00e9moire, <\/strong> attribu\u00e9 chaque ann\u00e9e dans plusieurs d\u00e9partements, vise \u00e0 encourager les initiatives scolaires qui perp\u00e9tuent le devoir de m\u00e9moire et les valeurs r\u00e9publicaines. L\u2019ANMONM rappelle que ces projets participent \u00e0 la formation du jeune citoyen, en ancrant l\u2019histoire dans une r\u00e9flexion sur les droits, les devoirs, et les engagements de chacun.<br class=\"autobr\"\/><br \/>\n\u00c0 travers cette d\u00e9marche, les \u00e9l\u00e8ves de CM2 de l\u2019\u00e9cole Langevin ont prouv\u00e9 que la m\u00e9moire n\u2019est pas l\u2019affaire des seuls historiens, mais aussi celle des enfants, quand ils sont guid\u00e9s avec exigence et confiance.<\/p>\n<p>Photo de une \u00a9PRESSE AGENCE<\/p>\n","protected":false},"excerpt":{"rendered":"\u00c0 l\u2019\u00e9cole Paul Langevin de La Garde, les \u00e9l\u00e8ves de CM2 ont re\u00e7u le Prix M\u00e9moire, une distinction&hellip;\n","protected":false},"author":2,"featured_media":328887,"comment_status":"","ping_status":"","sticky":false,"template":"","format":"standard","meta":{"footnotes":""},"categories":[9619],"tags":[1111,11,2408,1777,674,1011,27,12,882,25,2310],"class_list":{"0":"post-328886","1":"post","2":"type-post","3":"status-publish","4":"format-standard","5":"has-post-thumbnail","7":"category-toulon","8":"tag-actu","9":"tag-actualites","10":"tag-appels-d","11":"tag-eu","12":"tag-europe","13":"tag-fr","14":"tag-france","15":"tag-news","16":"tag-provence-alpes-cote-dazur","17":"tag-republique-francaise","18":"tag-toulon"},"share_on_mastodon":{"url":"https:\/\/pubeurope.com\/@fr\/115054447387248095","error":""},"_links":{"self":[{"href":"https:\/\/www.europesays.com\/fr\/wp-json\/wp\/v2\/posts\/328886","targetHints":{"allow":["GET"]}}],"collection":[{"href":"https:\/\/www.europesays.com\/fr\/wp-json\/wp\/v2\/posts"}],"about":[{"href":"https:\/\/www.europesays.com\/fr\/wp-json\/wp\/v2\/types\/post"}],"author":[{"embeddable":true,"href":"https:\/\/www.europesays.com\/fr\/wp-json\/wp\/v2\/users\/2"}],"replies":[{"embeddable":true,"href":"https:\/\/www.europesays.com\/fr\/wp-json\/wp\/v2\/comments?post=328886"}],"version-history":[{"count":0,"href":"https:\/\/www.europesays.com\/fr\/wp-json\/wp\/v2\/posts\/328886\/revisions"}],"wp:featuredmedia":[{"embeddable":true,"href":"https:\/\/www.europesays.com\/fr\/wp-json\/wp\/v2\/media\/328887"}],"wp:attachment":[{"href":"https:\/\/www.europesays.com\/fr\/wp-json\/wp\/v2\/media?parent=328886"}],"wp:term":[{"taxonomy":"category","embeddable":true,"href":"https:\/\/www.europesays.com\/fr\/wp-json\/wp\/v2\/categories?post=328886"},{"taxonomy":"post_tag","embeddable":true,"href":"https:\/\/www.europesays.com\/fr\/wp-json\/wp\/v2\/tags?post=328886"}],"curies":[{"name":"wp","href":"https:\/\/api.w.org\/{rel}","templated":true}]}}