{"id":328888,"date":"2025-08-19T08:18:13","date_gmt":"2025-08-19T08:18:13","guid":{"rendered":"https:\/\/www.europesays.com\/fr\/328888\/"},"modified":"2025-08-19T08:18:13","modified_gmt":"2025-08-19T08:18:13","slug":"fete-des-salins-metropole-toulon-provence-mediterranee","status":"publish","type":"post","link":"https:\/\/www.europesays.com\/fr\/328888\/","title":{"rendered":"F\u00eate des Salins | M\u00e9tropole Toulon Provence M\u00e9diterran\u00e9e"},"content":{"rendered":"<p><strong>Samedi 13 et dimanche 14 septembre de 10h \u00e018h &#8211; Entr\u00e9e libre<\/strong><\/p>\n<p>EXPOSITIONSAutour des oiseaux du 13 au 21 septembre<\/p>\n<p><strong>Au Hangar de la Mouture<\/strong><\/p>\n<ul>\n<li><strong>Le Port des Cr\u00e9ateurs : <\/strong>Les ailes du d\u00e9sir<br \/><strong>Exposition collective :<\/strong> au c\u0153ur des Salins d\u2019Hy\u00e8res, une quinzaine d\u2019artistes explorent un vertige, celui du moment suspendu ou l\u2019on quitte le sol.<\/li>\n<\/ul>\n<p><strong>Sur la piste du Tympan<\/strong><\/p>\n<ul>\n<li><strong>River Dillon : <\/strong>Birdmen (Les hommes-oiseaux)<br \/>La s\u00e9rie des Birdmen r\u00e9alise ce vieux r\u00eave universel de se m\u00e9tamorphoser en oiseau\u2026<\/li>\n<\/ul>\n<p><strong>Au Magasin<\/strong><\/p>\n<ul>\n<li><strong>Christophe Maout : <\/strong>Le Ciel de Paris<br \/>Au printemps 2020, alors que nous partagions le confinement et sa solitude, le photographe Christophe Maout, \u00e9quipe de jumelles, observait les oiseaux&#8230;<\/li>\n<li><strong>Catherine Blancard :<\/strong> Terraliben<br \/>Au travers d\u2019un inventaire po\u00e9tique, nous vous invitons \u00e0 une rencontre, un face \u00e0 face avec le vivant.<\/li>\n<li><strong>Christophe Blancard : <\/strong>Stobal<br \/>Le m\u00e9tal, mat\u00e9riau industriel, devient ici un hommage vibrant a la vie ail\u00e9e pour esquisser les silhouettes des oiseaux que nous devons prot\u00e9ger.<br \/>\u00a0<\/li>\n<\/ul>\n<p>\u00c9V\u00c8NEMENTS<\/p>\n<blockquote>\n<p>Inauguration par M. Jean-Pierre GIRAN, Maire de la ville d\u2019Hy\u00e8res et Pr\u00e9sident de la M\u00e9tropole TPM le samedi 13 a 12h.<\/p>\n<\/blockquote>\n<p>Les 50 ans du Conservatoire du littoral<\/p>\n<p>\u00c0 la Camelle : seh\u2082l &#8211; Cristallisation artistique<\/p>\n<ul>\n<li><strong>Paysage des objets cristallis\u00e9s.<\/strong><\/li>\n<\/ul>\n<p>Maia Amiel propose dans ce projet un dispositif d\u2019installation in situ dans le paysage des salins pour restituer la transformation des objets qui ont cristallises tout l\u2019\u00e9t\u00e9.<\/p>\n<ul>\n<li><strong>Lettres flottant dans le paysage.<\/strong><\/li>\n<\/ul>\n<p>La lettre continue de s\u2019\u00e9tendre sous les mots qui s\u2019ajoutent sous les crayons du public pr\u00e9sent.<br \/>Le soleil ne fait pas que se coucher.<\/p>\n<ul>\n<li><strong>la Cie Artmacadam<\/strong> propose un parcours po\u00e9tique d\u20191h30 au lever du soleil au c\u0153ur du Salin, installation plastique et sonore avec danseurs, performeurs, chanteuse, plasticien\u2026<br \/>Salin des Pesquiers &#8211; 7h &#8211; 8h30<br \/>Gratuit sur r\u00e9servation au 04 94 01 36 33<\/li>\n<\/ul>\n<p>La surprise !<\/p>\n<ul>\n<li><strong>Rodolphe Macabeo : <\/strong>On ne peut emp\u00eacher les oiseaux&#8230; (suite).<br \/>Ce projet initie aux Salins d\u2019Hy\u00e8res lors du programme Mondes Nouveaux par le collectif u2p050 trouvera, lors de la F\u00eate des Salins, un prolongement inattendu !<\/li>\n<\/ul>\n<p><strong>Les 10 ans de la marque \u00ab Esprit Parc \u00bb avec le Parc national de Port-Cros<\/strong><\/p>\n<ul>\n<li><strong>Les sorties de l&rsquo;OT Provence M\u00e9diterran\u00e9e <\/strong>(l&rsquo;histoire du Sel et Au Pays du Sel)<\/li>\n<li><strong>La sortie de la LPO <\/strong>(Sortie de d\u00e9couverte des oiseaux sur le salin des Pesquiers)<\/li>\n<li><strong>L&rsquo;espace Marche de producteurs avec :<\/strong><br \/>&#8211; Lessive d&rsquo;Hy\u00e8res<br \/>&#8211; Atelier de Sabine avec en alternance le Projet et produits Copains<br \/>&#8211; Lapso: fabrication de luminaires en pare battages recycles<br \/>&#8211; Curiosit\u00e9s de Neptune : bijoux sur les \u00e9l\u00e9ments du monde sous-marin<\/li>\n<\/ul>\n<p>Parade du sel<\/p>\n<p>Samedi 13, D\u00e9part \u00e0 17h30 du Salin des Pesquiers en direction du port de La Capte avec les \u00e2nes d\u2019Hippothera, la Cie de Danse Lyken (Camille Vergnaud, Mae. Forte, Benoit Le Bars et Chlo\u00e9 Henneman), la musique de la Guinguette a roulettes et le Saint Antoine (bateau traditionnel) de Sylvain Renard.<\/p>\n<p>La f\u00eate se prolonge \u00e0 La Capte<\/p>\n<p><strong>Samedi soir festif avec le groupe Analogic<\/strong> propose par l\u2019Association des Commer\u00e7ants de La Capte &#8211; Restauration sur place &#8211; A partir de 21h.<\/p>\n<p>ANIMATIONS<\/p>\n<p><strong>Fleur de sel<\/strong><br \/>L\u2019\u00e9quipe MTPM des Salins d\u2019Hy\u00e8res distribue gratuitement la fleur de sel r\u00e9colt\u00e9e manuellement durant l\u2019\u00e9t\u00e9 a la Cabane du saunier.<\/p>\n<p>Les Stands<\/p>\n<ul>\n<li>\n<p><strong>Au village arts et environnement<\/strong><br \/>Stands artistiques, scientifiques et ludiques : Les services Biodiversit\u00e9, Sentiers du Littoral, Valorisation des d\u00e9chets, de la M\u00e9tropole TPM, la Ville d\u2019Hy\u00e8res, le Conservatoire du littoral, Le Parc national de Port-Cros, Le CCFF, le CIL de La Capte, la LPO PACA, La SOPTOM, Hy\u00e8res en photos, les Totipotents, NO\/ID*, Terre de vie et nature, Magic Yoga Kid, Explore et Preserve, L\u2019atelier bleu \u2013 CPIE cote proven\u00e7ale, Baz-art, Romane Loriot, L\u2019atelier a sac, Chercheurs en herbe, Le Naturoscope, les voiles latines et Tonton Roger.<\/p>\n<p><strong>Escape Game : <\/strong>\u226a Trizzy \u226b avec Romain et Gaelle<br \/><strong>Cirque : <\/strong>Pousses de cirque<\/p>\n<p><strong>Man\u00e8ges et jeux : <\/strong>La belle roue, Copeaux et Cie, Les Yeux dans les jeux<br \/><strong>Tours \u00e0 dos d\u2019\u00e2nes et tours en cal\u00e8ches :<\/strong> Hippothera<br \/><strong>Musique : <\/strong>La guinguette \u00e0 roulettes (Tambouille Prod.), Handpan (NO\/ID*)<br \/><strong>Foodtrucks : <\/strong>La Bi\u00e8re des Iles d\u2019Or, O\u2019Coconut, Le Road Trip<\/p>\n<\/li>\n<li><strong>Au Tympan<\/strong><\/li>\n<\/ul>\n<p><strong>Stands artistiques et scientifiques : <\/strong>Varnat, Geraldine Choux et Deborah Di Fiore, Natura Maris.<br \/><strong>Musique : <\/strong>Plongez dans l&rsquo;univers envoutant des m\u00e9lodies ancestrales aux instruments traditionnels \u00e0 cordes d&rsquo;Afrique de l&rsquo;Ouest. (NO\/ID*).<br \/>\u00a0<\/p>\n<p>Les visites guid\u00e9es<\/p>\n<p><strong>Histoire du sel<\/strong> \u00e0 10h30, 14h, 16h<br \/><strong>Au pays du sel (enfants) :<\/strong> 11h, 14h30 et 16h30<br \/>Gratuit, sans r\u00e9servation pr\u00e9alable (Marque Esprit Parc).<\/p>\n<p><strong>A la d\u00e9couverte des Reptiles : <\/strong>renseignements et d\u00e9parts au Stand de la SOPTOM.<\/p>\n<p>Observation ornithologique<\/p>\n<p>Permanence d\u2019observation ornithologique toute la journ\u00e9e a l\u2019observatoire N\u00b03 avec la LPO PACA (Marque Esprit Parc).<\/p>\n<p>Initiation Yoga<\/p>\n<p><strong>D\u00e9couverte du yoga au soleil couchant avec Helene Morvan<\/strong><br \/>Anhata yoga &#8211; Samedi \u00e0 18h<br \/>D\u00e9couverte du yoga au soleil levant avec Magali Assencio Falaize.<br \/>Association Shankha yoga \u2013 Dimanche \u00e0 8h30<br \/>\u00a0<\/p>\n<p>La F\u00eate continue durant les Journ\u00e9es Europ\u00e9ennes du PatrimoineLES 20 &amp; 21 SEPTEMBRE 2025EXPOSITIONS<\/p>\n<p><strong>Au Magasin<\/strong><\/p>\n<ul>\n<li>Christophe Maout : Le ciel de Paris<\/li>\n<li>Catherine Blancard : Terraliben<\/li>\n<li>Christophe Blancard : Stobal<\/li>\n<\/ul>\n<p><strong>Au Hangar de la Mouture<\/strong><\/p>\n<ul>\n<li><strong>Le Port des Cr\u00e9ateurs &#8211; Les ailes du d\u00e9sir<\/strong><\/li>\n<\/ul>\n<p><strong>Sur la piste du Tympan :<\/strong><\/p>\n<ul>\n<li><strong>River Dillon : Birdmen (Les hommes-oiseaux)<\/strong><br \/>Acc\u00e8s libre et gratuit : 9h-12h \/ 14h-17h30<\/li>\n<\/ul>\n<p><strong>Au Tympan<\/strong><\/p>\n<ul>\n<li>A<strong>telier croquis\/aquarelles avec Jeanne Guyon<\/strong><br \/>Samedi et dimanche de 9h30 \u00e0 12h<br \/>Gratuit sur r\u00e9servation pr\u00e9alable 04 94 01 36 33<\/li>\n<li><strong>Performance th\u00e9\u00e2trale avec le Cabinet de Curiosit\u00e9s<\/strong><br \/>Samedi et dimanche \u00e0 15h &#8211; gratuit sans r\u00e9servation<\/li>\n<li><strong>Danse avec la Cie Lyken <\/strong>(Camille Vergnaud \/ Gautier Gentieu et Thomas Astegiano) &#8211; Samedi \u00e0 16h &#8211; Gratuit sans r\u00e9servation<\/li>\n<li><strong>Des Jardins et des Hommes<\/strong><br \/>Lecture musicale avec Patrick Scheyder piano, Allain Bougrain-Dubourg textes, Abdelghani Benhelal chant et contes Kabyles<br \/>Dimanche \u00e0 16h &#8211; gratuit sans r\u00e9servation<br \/>\u00a0<\/li>\n<\/ul>\n","protected":false},"excerpt":{"rendered":"Samedi 13 et dimanche 14 septembre de 10h \u00e018h &#8211; Entr\u00e9e libre EXPOSITIONSAutour des oiseaux du 13 au&hellip;\n","protected":false},"author":2,"featured_media":328889,"comment_status":"","ping_status":"","sticky":false,"template":"","format":"standard","meta":{"footnotes":""},"categories":[9619],"tags":[1111,11,1777,674,1011,27,12,882,25,2310],"class_list":{"0":"post-328888","1":"post","2":"type-post","3":"status-publish","4":"format-standard","5":"has-post-thumbnail","7":"category-toulon","8":"tag-actu","9":"tag-actualites","10":"tag-eu","11":"tag-europe","12":"tag-fr","13":"tag-france","14":"tag-news","15":"tag-provence-alpes-cote-dazur","16":"tag-republique-francaise","17":"tag-toulon"},"share_on_mastodon":{"url":"https:\/\/pubeurope.com\/@fr\/115054451348394248","error":""},"_links":{"self":[{"href":"https:\/\/www.europesays.com\/fr\/wp-json\/wp\/v2\/posts\/328888","targetHints":{"allow":["GET"]}}],"collection":[{"href":"https:\/\/www.europesays.com\/fr\/wp-json\/wp\/v2\/posts"}],"about":[{"href":"https:\/\/www.europesays.com\/fr\/wp-json\/wp\/v2\/types\/post"}],"author":[{"embeddable":true,"href":"https:\/\/www.europesays.com\/fr\/wp-json\/wp\/v2\/users\/2"}],"replies":[{"embeddable":true,"href":"https:\/\/www.europesays.com\/fr\/wp-json\/wp\/v2\/comments?post=328888"}],"version-history":[{"count":0,"href":"https:\/\/www.europesays.com\/fr\/wp-json\/wp\/v2\/posts\/328888\/revisions"}],"wp:featuredmedia":[{"embeddable":true,"href":"https:\/\/www.europesays.com\/fr\/wp-json\/wp\/v2\/media\/328889"}],"wp:attachment":[{"href":"https:\/\/www.europesays.com\/fr\/wp-json\/wp\/v2\/media?parent=328888"}],"wp:term":[{"taxonomy":"category","embeddable":true,"href":"https:\/\/www.europesays.com\/fr\/wp-json\/wp\/v2\/categories?post=328888"},{"taxonomy":"post_tag","embeddable":true,"href":"https:\/\/www.europesays.com\/fr\/wp-json\/wp\/v2\/tags?post=328888"}],"curies":[{"name":"wp","href":"https:\/\/api.w.org\/{rel}","templated":true}]}}