{"id":328890,"date":"2025-08-19T08:19:09","date_gmt":"2025-08-19T08:19:09","guid":{"rendered":"https:\/\/www.europesays.com\/fr\/328890\/"},"modified":"2025-08-19T08:19:09","modified_gmt":"2025-08-19T08:19:09","slug":"course-camarguaise-le-plein-de-spectacle-demotions-et-de-peripeties-a-mauguio-avenir","status":"publish","type":"post","link":"https:\/\/www.europesays.com\/fr\/328890\/","title":{"rendered":"Course camarguaise :\u00a0 le plein de spectacle, d&rsquo;\u00e9motions et de p\u00e9rip\u00e9ties \u00e0 Mauguio (Avenir)"},"content":{"rendered":"<p><strong>Entr\u00e9e\u00a0: 350 entr\u00e9es payantes. Organisation\u00a0: C.T. Le Trident. Pr\u00e9sidence\u00a0: Anouar Balti. Raseteurs droitiers\u00a0: Oukharti, Laurier, Diaz (bless\u00e9 au 5e). Gauchers\u00a0: Benzegh, Gibert (bless\u00e9 au 3e), El Mahboub, Oufkir.\u00a0Tourneurs\u00a0: Moutet, Sabde.<\/strong><\/p>\n<p>Les cocardiers ont men\u00e9 la vie rude aux raseteurs pour cette 2e journ\u00e9e du <a href=\"https:\/\/www.laprovence.com\/article\/region\/4850533064322214\/course-camarguaise-chabenco-guillierme-conclut-brillamment-ce-samedi-5-juillet-a-mauguio-avenir\" target=\"_blank\" rel=\"noopener\">Troph\u00e9e de la Motte<\/a>. Tout d\u2019abord avec Romarin, ma\u00eetre du jeu et des actions frapp\u00e9es\u00a0; puis Pica\u00efre qui, par deux fois, anticipe et malm\u00e8ne m\u00e9chamment\u00a0Kilian Gibert (apparemment sans coup de corne)\u00a0; ensuite Camisard, hautement spectaculaire\u00a0et dominateur qui coince le pied de Diaz et Caligula, qui fait parler la poudre. On ne s\u2019est pas ennuy\u00e9s une seconde. Mention aux raseteurs qui ont fait leur possible, particuli\u00e8rement Diaz, El Mahboub, Oukharti, Laurier.<\/p>\n<p><strong>L\u00c9O (Lafon, N.028).- <\/strong>Tout jeune et un peu perdu, il prend les rasets au passage, s\u2019am\u00e9liore aux ficelles pour quelques s\u00e9ries et acc\u00e9l\u00e9rations (2 Carmen).<\/p>\n<p><strong>ROMARIN (Rouquette, N.616).- <\/strong>Raccompagne vivement, flirte avec les planches en guise d\u2019\u00e9chauffement puis, calme et pos\u00e9, ouvre le bal des actions frapp\u00e9es, encha\u00een\u00e9es, coups de barri\u00e8re puissants, s\u00e9ries tenues. Toujours bien plac\u00e9, il s\u2019approprie la piste et m\u00e8ne le jeu. Retour en musique (+ 12), ficelles en place.<\/p>\n<p><strong>PICAIRE (Guillierme, N.610).-<\/strong> Vif, il encha\u00eene et occupe toute la piste, parfois le centre. Vite rendu sur l\u2019homme, il peut aussi aller au bout et frapper. \u00c0 la 6e mn, anticipe Gibert pleine piste et le bouscule m\u00e9chamment aux planches. 9e mn, rebelote, et un gros baroulage aux barri\u00e8res. Kilian est oblig\u00e9 de sortir, genou touch\u00e9. \u00c0 la reprise, il reste centriste mais menace avec rage et les ficelles restent. 5 Carmen et retour.<\/p>\n","protected":false},"excerpt":{"rendered":"Entr\u00e9e\u00a0: 350 entr\u00e9es payantes. Organisation\u00a0: C.T. Le Trident. Pr\u00e9sidence\u00a0: Anouar Balti. Raseteurs droitiers\u00a0: Oukharti, Laurier, Diaz (bless\u00e9 au&hellip;\n","protected":false},"author":2,"featured_media":328891,"comment_status":"","ping_status":"","sticky":false,"template":"","format":"standard","meta":{"footnotes":""},"categories":[9599],"tags":[17,1111,11,13912,6466,46620,1777,674,1011,27,33760,2208,12,2680,46621,11388,16,25,3140],"class_list":{"0":"post-328890","1":"post","2":"type-post","3":"status-publish","4":"format-standard","5":"has-post-thumbnail","7":"category-montpellier","8":"tag-17","9":"tag-actu","10":"tag-actualites","11":"tag-camarguaise","12":"tag-course","13":"tag-demotions","14":"tag-eu","15":"tag-europe","16":"tag-fr","17":"tag-france","18":"tag-mauguio","19":"tag-montpellier","20":"tag-news","21":"tag-occitanie","22":"tag-peripeties","23":"tag-plein","24":"tag-region","25":"tag-republique-francaise","26":"tag-spectacle"},"share_on_mastodon":{"url":"https:\/\/pubeurope.com\/@fr\/115054455274066890","error":""},"_links":{"self":[{"href":"https:\/\/www.europesays.com\/fr\/wp-json\/wp\/v2\/posts\/328890","targetHints":{"allow":["GET"]}}],"collection":[{"href":"https:\/\/www.europesays.com\/fr\/wp-json\/wp\/v2\/posts"}],"about":[{"href":"https:\/\/www.europesays.com\/fr\/wp-json\/wp\/v2\/types\/post"}],"author":[{"embeddable":true,"href":"https:\/\/www.europesays.com\/fr\/wp-json\/wp\/v2\/users\/2"}],"replies":[{"embeddable":true,"href":"https:\/\/www.europesays.com\/fr\/wp-json\/wp\/v2\/comments?post=328890"}],"version-history":[{"count":0,"href":"https:\/\/www.europesays.com\/fr\/wp-json\/wp\/v2\/posts\/328890\/revisions"}],"wp:featuredmedia":[{"embeddable":true,"href":"https:\/\/www.europesays.com\/fr\/wp-json\/wp\/v2\/media\/328891"}],"wp:attachment":[{"href":"https:\/\/www.europesays.com\/fr\/wp-json\/wp\/v2\/media?parent=328890"}],"wp:term":[{"taxonomy":"category","embeddable":true,"href":"https:\/\/www.europesays.com\/fr\/wp-json\/wp\/v2\/categories?post=328890"},{"taxonomy":"post_tag","embeddable":true,"href":"https:\/\/www.europesays.com\/fr\/wp-json\/wp\/v2\/tags?post=328890"}],"curies":[{"name":"wp","href":"https:\/\/api.w.org\/{rel}","templated":true}]}}