{"id":328894,"date":"2025-08-19T08:22:16","date_gmt":"2025-08-19T08:22:16","guid":{"rendered":"https:\/\/www.europesays.com\/fr\/328894\/"},"modified":"2025-08-19T08:22:16","modified_gmt":"2025-08-19T08:22:16","slug":"la-cueillette-des-tulipes-contre-le-cancer-a-debute-pres-de-rouen","status":"publish","type":"post","link":"https:\/\/www.europesays.com\/fr\/328894\/","title":{"rendered":"La cueillette des tulipes contre le cancer a d\u00e9but\u00e9 pr\u00e8s de Rouen"},"content":{"rendered":"<p class=\"text-align-justify\">Le d\u00e9but du mois d\u2019avril marque le retour de l\u2019op\u00e9ration des \u201cTulipes contre le cancer\u201d. Une op\u00e9ration n\u00e9e en 1994 \u00e0 F\u00e9camp et qui est aujourd&rsquo;hui men\u00e9e par 130 Lions Club dans tout le pays. Une op\u00e9ration destin\u00e9e \u00e0 soutenir le monde m\u00e9dical dans la lutte contre le cancer.<\/p>\n<p>120 000 bulbes<\/p>\n<p class=\"text-align-justify\" style=\"line-height:1.38;margin-bottom:0pt;margin-top:0pt;\" dir=\"ltr\">A Saint-Jean-du-Cardonnay, en Seine-Maritime, de nombreux b\u00e9n\u00e9voles des Lions Clubs de la r\u00e9gion rouennaise et de l&rsquo;association sportive du CHU de Rouen ont commenc\u00e9 ce matin \u00e0 s&rsquo;affairer dans un champ de pr\u00e8s d&rsquo;1 hectare.<\/p>\n<p class=\"text-align-justify\" style=\"line-height:1.38;margin-bottom:0pt;margin-top:0pt;\" dir=\"ltr\">120 000 bulbes ont \u00e9t\u00e9 plant\u00e9s le 11 novembre dernier et les b\u00e9n\u00e9voles doivent d\u00e9sormais cueillir les fleurs jaunes, rouges, roses, les effeuiller, puis former des bouquets.<\/p>\n<p class=\"text-align-justify\" style=\"line-height:1.38;margin-bottom:0pt;margin-top:0pt;\" dir=\"ltr\">Des bouquets qui seront vendus aux abords du CHU de Rouen, dans des supermarch\u00e9s, ou m\u00eame livr\u00e9s directement \u00e0 des particuliers ou des commer\u00e7ants.<\/p>\n<p class=\"text-align-justify\" style=\"line-height:1.38;margin-bottom:0pt;margin-top:0pt;\" dir=\"ltr\">Vous pouvez \u00e9galement aller les cueillir sur place, en famille.\u00a0<\/p>\n<p class=\"text-align-justify\" style=\"line-height:1.38;margin-bottom:0pt;margin-top:0pt;\" dir=\"ltr\">Une solution que pr\u00e9conise Jocelyne, qui participe b\u00e9n\u00e9volement \u00e0 la pr\u00e9paration des bouquets depuis 30 ans : \u00ab\u00a0On est en famille, au grand air, et quand on a fini de cueillir, on est heureux de passer un moment sous le soleil pour se retrouver ou m\u00eame pour faire connaissance avec des gens que l&rsquo;on ne connaissait pas\u00a0\u00bb.<\/p>\n<p class=\"text-align-justify\" style=\"line-height:1.38;margin-bottom:0pt;margin-top:0pt;\" dir=\"ltr\">\u00a0<\/p>\n<p style=\"line-height:1.38;margin-bottom:0pt;margin-top:0pt;\" dir=\"ltr\">Il faudra s&rsquo;acquitter de 6 euros pour un bouquet de 10 tulipes. 10 euros pour repartir avec deux bouquets. Ce qui permet aux Rouennais de r\u00e9colter en moyenne 35 000 euros chaque ann\u00e9e, \u00ab\u00a0en comptant aussi les r\u00e9sultats de nos coll\u00e8gues des Lions Clubs eurois\u00a0\u00bb, pr\u00e9cise Philippe Penot, qui coordonne les b\u00e9n\u00e9voles sur le champ de Saint-Jean-de-Cardonnay.<\/p>\n<p>Financer du mat\u00e9riel de pointe<\/p>\n<p style=\"line-height:1.38;margin-bottom:0pt;margin-top:0pt;\" dir=\"ltr\">Comme chaque ann\u00e9e, ces 35 000 euros seront int\u00e9gralement revers\u00e9s \u00e0 la Fondation Charles-Nicolle pour financer un projet destin\u00e9 \u00e0 la lutte ou \u00e0 la pr\u00e9vention contre le cancer.<\/p>\n<p class=\"text-align-justify\">Ces derni\u00e8res ann\u00e9es, la vente des tulipes a permis au CHU de Rouen de s&rsquo;\u00e9quiper de cam\u00e9ras infrarouges, d&rsquo;une cam\u00e9ra chirurgicale 3D, d&rsquo;un \u00e9quipement d\u2019anuscopie haute-r\u00e9solution, de mat\u00e9riel pour la reconstruction plastique \u00e0 la suite d\u2019un cancer du sein, ou encore d&rsquo;un logiciel de mod\u00e9lisation 3D des organes atteints dans les cancers du pancr\u00e9as et du<br \/>rectum.<\/p>\n<p>Pour la campagne 2025, \u00e0 la suite de l\u2019appel \u00e0 projets \u00ab\u00a0\u00e9quipements innovants\u00a0\u00bb de la Fondation Charles Nicolle-Normandie, les Lions Clubs de la r\u00e9gion de Rouen projette de financer un \u00e9quipement qui va s\u2019av\u00e9rer tr\u00e8s utile dans la pr\u00e9vention des cancers du foie.<\/p>\n<p>Un investissement local<\/p>\n<p class=\"text-align-justify\">Pour cela, il faudra une nouvelle fois compter sur la g\u00e9n\u00e9rosit\u00e9 des acheteurs de tulipes. Une g\u00e9n\u00e9rosit\u00e9 qui se manifeste plus facilement quand il faut financer un projet \u00e0 \u00e9chelle locale. C&rsquo;est ce que constate le Dr. Anne Pellerin, membre du Lions Club Rouen Drakkar : \u00ab\u00a0Tous ceux qui ach\u00e8tent un bouquet de tulipes savent que c&rsquo;est pour am\u00e9liorer le traitement des cancers localement, que \u00e7a profite \u00e0 la r\u00e9gion. On sait \u00e0 quoi sert l&rsquo;argent et \u00e0 quoi sert le mat\u00e9riel.\u00a0\u00bb<\/p>\n<p class=\"text-align-justify\">Rendez-vous donc tr\u00e8s prochainement dans vos commerces et supermarch\u00e9s. Deux ventes seront organis\u00e9s aux abords du CHU de Rouen le 11 et le 25 avril de 11h \u00e0 15h. Et pour aller cueillir directement vos tulipes dans leur champ, \u00e7a se passe rue Georges-Charpak, \u00e0 Saint-Jean-du-Cardonnay.<br \/>\u00a0<\/p>\n","protected":false},"excerpt":{"rendered":"Le d\u00e9but du mois d\u2019avril marque le retour de l\u2019op\u00e9ration des \u201cTulipes contre le cancer\u201d. Une op\u00e9ration n\u00e9e&hellip;\n","protected":false},"author":2,"featured_media":328895,"comment_status":"","ping_status":"","sticky":false,"template":"","format":"standard","meta":{"footnotes":""},"categories":[9587],"tags":[1111,11,1777,674,1011,27,12,5161,25,9590],"class_list":{"0":"post-328894","1":"post","2":"type-post","3":"status-publish","4":"format-standard","5":"has-post-thumbnail","7":"category-rouen","8":"tag-actu","9":"tag-actualites","10":"tag-eu","11":"tag-europe","12":"tag-fr","13":"tag-france","14":"tag-news","15":"tag-normandie","16":"tag-republique-francaise","17":"tag-rouen"},"share_on_mastodon":{"url":"https:\/\/pubeurope.com\/@fr\/115054467058521520","error":""},"_links":{"self":[{"href":"https:\/\/www.europesays.com\/fr\/wp-json\/wp\/v2\/posts\/328894","targetHints":{"allow":["GET"]}}],"collection":[{"href":"https:\/\/www.europesays.com\/fr\/wp-json\/wp\/v2\/posts"}],"about":[{"href":"https:\/\/www.europesays.com\/fr\/wp-json\/wp\/v2\/types\/post"}],"author":[{"embeddable":true,"href":"https:\/\/www.europesays.com\/fr\/wp-json\/wp\/v2\/users\/2"}],"replies":[{"embeddable":true,"href":"https:\/\/www.europesays.com\/fr\/wp-json\/wp\/v2\/comments?post=328894"}],"version-history":[{"count":0,"href":"https:\/\/www.europesays.com\/fr\/wp-json\/wp\/v2\/posts\/328894\/revisions"}],"wp:featuredmedia":[{"embeddable":true,"href":"https:\/\/www.europesays.com\/fr\/wp-json\/wp\/v2\/media\/328895"}],"wp:attachment":[{"href":"https:\/\/www.europesays.com\/fr\/wp-json\/wp\/v2\/media?parent=328894"}],"wp:term":[{"taxonomy":"category","embeddable":true,"href":"https:\/\/www.europesays.com\/fr\/wp-json\/wp\/v2\/categories?post=328894"},{"taxonomy":"post_tag","embeddable":true,"href":"https:\/\/www.europesays.com\/fr\/wp-json\/wp\/v2\/tags?post=328894"}],"curies":[{"name":"wp","href":"https:\/\/api.w.org\/{rel}","templated":true}]}}