{"id":328900,"date":"2025-08-19T08:26:36","date_gmt":"2025-08-19T08:26:36","guid":{"rendered":"https:\/\/www.europesays.com\/fr\/328900\/"},"modified":"2025-08-19T08:26:36","modified_gmt":"2025-08-19T08:26:36","slug":"un-homme-tue-a-larme-blanche-sur-fond-de-trafic-de-drogue","status":"publish","type":"post","link":"https:\/\/www.europesays.com\/fr\/328900\/","title":{"rendered":"un homme tu\u00e9 \u00e0 l\u2019arme blanche sur fond de trafic de drogue"},"content":{"rendered":"\n<p class=\"article__paragraph  \">Un homme \u00e2g\u00e9 de 21\u00a0ans a \u00e9t\u00e9 tu\u00e9 t\u00f4t vendredi 15\u00a0ao\u00fbt \u00e0 Rennes, pr\u00e8s d\u2019un point de vente de stup\u00e9fiants, victime de plusieurs blessures par arme blanche, a annonc\u00e9 le parquet. Vers 5\u00a0heures, les policiers du commissariat de Rennes ont \u00e9t\u00e9 appel\u00e9s \u00e0 intervenir dans le quartier de Maurepas pour un homme inanim\u00e9 et ensanglant\u00e9 d\u00e9couvert par des passants, rapporte dans un communiqu\u00e9 le procureur de la R\u00e9publique adjoint, Jean-Marie Blin.<\/p>\n<p class=\"article__paragraph  \">Les secours n\u2019ont pu ranimer l\u2019homme qui pr\u00e9sentait des plaies par arme blanche notamment aux jambes et \u00e0 la poitrine, selon M. Blin. La victime, demeurant dans l\u2019agglom\u00e9ration rennaise, avait d\u00e9j\u00e0 \u00e9t\u00e9 mise en cause dans des affaires li\u00e9es au trafic de drogue. \u00ab\u00a0Les constatations sur la sc\u00e8ne de crime permettent de supposer que les faits sont en lien avec l\u2019activit\u00e9 d\u2019un point de revente de stup\u00e9fiants proche du lieu de d\u00e9couverte du corps\u00a0\u00bb, souligne le procureur adjoint.<\/p>\n<p class=\"article__paragraph  \">Quelques instants avant leur intervention, les services de police avaient re\u00e7u un appel signalant qu\u2019un homme \u00e9tait poursuivi par une dizaine d\u2019autres personnes. Un voisin aurait entendu quelqu\u2019un crier\u00a0: \u00ab\u00a0tue-le, tue-le\u00a0\u00bb, pr\u00e9cise-t-il. Selon <a href=\"https:\/\/www.ouest-france.fr\/societe\/faits-divers\/meurtre-dun-homme-de-21-ans-a-rennes-ses-agresseurs-ont-crie-tue-le-tue-le-f85c24c2-79f3-11f0-a327-6ebe5461832d\" target=\"_blank\" rel=\"noopener nofollow\" title=\"Nouvelle fen\u00eatre\">Ouest-France<\/a>, la victime a \u00e9t\u00e9 mortellement bless\u00e9e au niveau du centre commercial Gros-Ch\u00eane, un point de deal bien connu du quartier de Maurepas, et a parcouru 200 m\u00e8tres jusqu\u2019\u00e0 une station de m\u00e9tro voisine en laissant derri\u00e8re elle une tra\u00een\u00e9e de sang.<\/p>\n<p class=\"article__paragraph  \">C\u2019est \u00ab\u00a0dans une mare de sang\u00a0\u00bb que des passants ont d\u00e9couvert le jeune homme avant d\u2019appeler les secours, selon une source polici\u00e8re. La Division de la criminalit\u00e9 organis\u00e9e et sp\u00e9cialis\u00e9e (DCOS, ex-police judiciaire) a \u00e9t\u00e9 saisie de l\u2019enqu\u00eate.<\/p>\n<p class=\"article__paragraph  \">Durant l\u2019\u00e9t\u00e9 2024, plusieurs \u00e9pisodes de violence avec des tirs d\u2019armes \u00e0 feu avaient secou\u00e9 le quartier de Maurepas, sur fond de guerre de territoire pour le contr\u00f4le d\u2019un point de deal. C\u2019est aussi en lien avec le trafic de drogue dans ce quartier de Maurepas qu\u2019un enfant de 5\u00a0ans avait \u00e9t\u00e9 gri\u00e8vement bless\u00e9 \u00e0 la t\u00eate par balles le 26\u00a0octobre\u00a02024, alors qu\u2019il se trouvait \u00e0 bord de la voiture de son p\u00e8re, pris en chasse par des poursuivants. Trois personnes ont \u00e9t\u00e9 mises en examen mercredi dans le cadre de ce r\u00e8glement de comptes.<\/p>\n<p>                                       Lire aussi |  Article r\u00e9serv\u00e9 \u00e0 nos abonn\u00e9s  <a href=\"https:\/\/www.lemonde.fr\/societe\/article\/2024\/10\/29\/trafic-de-drogue-a-rennes-la-blessure-d-un-enfant-par-balles-un-nouveau-palier-franchi-dans-la-violence_6364598_3224.html\" class=\"js-article-read-also catcher--favoris__link\" data-premium=\"1\" id=\"article-title-3395463\" rel=\"nofollow noopener\" target=\"_blank\">Trafic de drogue\u00a0: \u00e0 Rennes, la blessure d\u2019un enfant par balles, un \u00ab\u00a0nouveau palier\u00a0\u00bb franchi dans la violence<\/a>    <\/p>\n<p>   Lire plus tard  <\/p>\n<p class=\"author__detail\">  Le Monde avec AFP  <\/p>\n<p>                  <a href=\"https:\/\/www.lemonde.fr\/syndication\/\" class=\"reuse__content\" title=\"R\u00e9utiliser ce contenu\" target=\"_blank\" rel=\"nofollow noopener\">R\u00e9utiliser ce contenu<\/a>      <\/p>\n","protected":false},"excerpt":{"rendered":"Un homme \u00e2g\u00e9 de 21\u00a0ans a \u00e9t\u00e9 tu\u00e9 t\u00f4t vendredi 15\u00a0ao\u00fbt \u00e0 Rennes, pr\u00e8s d\u2019un point de vente&hellip;\n","protected":false},"author":2,"featured_media":191492,"comment_status":"","ping_status":"","sticky":false,"template":"","format":"standard","meta":{"footnotes":""},"categories":[2821],"tags":[1111,11,829,1777,674,1011,27,12,584,25],"class_list":{"0":"post-328900","1":"post","2":"type-post","3":"status-publish","4":"format-standard","5":"has-post-thumbnail","7":"category-rennes","8":"tag-actu","9":"tag-actualites","10":"tag-bretagne","11":"tag-eu","12":"tag-europe","13":"tag-fr","14":"tag-france","15":"tag-news","16":"tag-rennes","17":"tag-republique-francaise"},"share_on_mastodon":{"url":"https:\/\/pubeurope.com\/@fr\/115054482781934168","error":""},"_links":{"self":[{"href":"https:\/\/www.europesays.com\/fr\/wp-json\/wp\/v2\/posts\/328900","targetHints":{"allow":["GET"]}}],"collection":[{"href":"https:\/\/www.europesays.com\/fr\/wp-json\/wp\/v2\/posts"}],"about":[{"href":"https:\/\/www.europesays.com\/fr\/wp-json\/wp\/v2\/types\/post"}],"author":[{"embeddable":true,"href":"https:\/\/www.europesays.com\/fr\/wp-json\/wp\/v2\/users\/2"}],"replies":[{"embeddable":true,"href":"https:\/\/www.europesays.com\/fr\/wp-json\/wp\/v2\/comments?post=328900"}],"version-history":[{"count":0,"href":"https:\/\/www.europesays.com\/fr\/wp-json\/wp\/v2\/posts\/328900\/revisions"}],"wp:featuredmedia":[{"embeddable":true,"href":"https:\/\/www.europesays.com\/fr\/wp-json\/wp\/v2\/media\/191492"}],"wp:attachment":[{"href":"https:\/\/www.europesays.com\/fr\/wp-json\/wp\/v2\/media?parent=328900"}],"wp:term":[{"taxonomy":"category","embeddable":true,"href":"https:\/\/www.europesays.com\/fr\/wp-json\/wp\/v2\/categories?post=328900"},{"taxonomy":"post_tag","embeddable":true,"href":"https:\/\/www.europesays.com\/fr\/wp-json\/wp\/v2\/tags?post=328900"}],"curies":[{"name":"wp","href":"https:\/\/api.w.org\/{rel}","templated":true}]}}