{"id":328901,"date":"2025-08-19T08:27:10","date_gmt":"2025-08-19T08:27:10","guid":{"rendered":"https:\/\/www.europesays.com\/fr\/328901\/"},"modified":"2025-08-19T08:27:10","modified_gmt":"2025-08-19T08:27:10","slug":"3-pistes-tres-chaudes-pour-remplacer-kalumuendo-a-rennes","status":"publish","type":"post","link":"https:\/\/www.europesays.com\/fr\/328901\/","title":{"rendered":"3 pistes tr\u00e8s chaudes pour remplacer Kalumuendo \u00e0 Rennes"},"content":{"rendered":"<p><b>Apr\u00e8s avoir vendu Arnaud Kalimuendo, le stade Rennais cherche son rempla\u00e7ant est se heurte au march\u00e9 tr\u00e8s compliqu\u00e9 des attaquants. Les Bretons ont 3 pistes mais avec de s\u00e9rieux obstacles.\u00a0<\/b><\/p>\n<p>Forte concurrence pour Brian Brobbey (Ajax)\u00a0<\/p>\n<p>Orphelin d\u2019Arnaud Kalimuendo, le Stade Rennais cherche activement \u00e0 se renforcer offensivement. Hier, la presse n\u00e9erlandaise r\u00e9v\u00e9lait le fort int\u00e9r\u00eat des Bretons pour le buteur de l\u2019Ajax, Brian Brobbey. L\u2019attaquant international n\u00e9erlandais de 23 ans est annonc\u00e9 sur le d\u00e9part d\u2019Amsterdam, mais les Rennais ,e sont pas les seuls sur le coup. Stuttgart, la Roma et Sunderland le suivent de tr\u00e8s pr\u00e8s, malgr\u00e9 une derni\u00e8re saison un peu plus compliqu\u00e9, avec notamment plusieurs petites blessures. \u00a0<\/p>\n<p>Esteban Lepaul retenu par Angers qui monte les prix<\/p>\n<p>Selon les m\u00e9dias n\u00e9erlandais, le Stade Rennais\u00a0 pourrait poser 20 M\u20ac sur la table pour en faire le rempla\u00e7ant d\u2019Arnaud Kalimuendo. Mais une autre piste s\u00e9rieuse est suivie par les Bretons : elle m\u00e8ne \u00e0 Esteban Lepaul. Le joueur du SCO Angers, qui a d\u00e9couvert la Ligue 1 la saison derni\u00e8re, ne cesse d\u2019impressionner. Apr\u00e8s ses 9 buts en 28 matchs de championnat lors du pr\u00e9c\u00e9dent exercice, le buteur de 25 ans a offert la victoire \u00e0 son \u00e9quipe face au Paris FC, en inscrivant l\u2019unique but du match. Mais le Fran\u00e7ais coute plus cher que le N\u00e9erlandais ! En, effet, alors que Rennes s\u2019est vu refuser une premi\u00e8re offre \u00e0 10 M\u20ac, Angers attendrait 25 M\u20ac pour le joueur sous contrat jusqu\u2019en 2028 valoris\u00e9 \u00e0 7 M\u20ac par le site sp\u00e9cialis\u00e9 Transfermarkt).\u00a0<\/p>\n<p>Pour Conrad Harder (Sporting Portugal), il faudra mettre le paquet !<\/p>\n<p>La troisi\u00e8me piste m\u00e8ne \u00e0 Conrad Harder, attaquant du Sporting Portugal. L\u2019international danois de 20 ans (13 buts et 10 passement 54 matchs la saison derni\u00e8re en 54 matchs, toutes comp\u00e9titions confondues) est pr\u00e9sent\u00e9 comme le digne successeur de Viktor Gy\u00f6keres\u00a0 (parti \u00e0 Arsenal). Sous contrat jusqu\u2019en 2029, il va \u00eatre difficile \u00e0 d\u00e9loger. Valoris\u00e9 \u00e0 24 M\u20ac par Transfermarkt, il a de nombreux courtisans, ce qui pourrait faire grimper les ench\u00e8res.\u00a0<\/p>\n","protected":false},"excerpt":{"rendered":"Apr\u00e8s avoir vendu Arnaud Kalimuendo, le stade Rennais cherche son rempla\u00e7ant est se heurte au march\u00e9 tr\u00e8s compliqu\u00e9&hellip;\n","protected":false},"author":2,"featured_media":312691,"comment_status":"","ping_status":"","sticky":false,"template":"","format":"standard","meta":{"footnotes":""},"categories":[2821],"tags":[1111,11,829,1777,674,1011,27,12,584,25],"class_list":{"0":"post-328901","1":"post","2":"type-post","3":"status-publish","4":"format-standard","5":"has-post-thumbnail","7":"category-rennes","8":"tag-actu","9":"tag-actualites","10":"tag-bretagne","11":"tag-eu","12":"tag-europe","13":"tag-fr","14":"tag-france","15":"tag-news","16":"tag-rennes","17":"tag-republique-francaise"},"share_on_mastodon":{"url":"https:\/\/pubeurope.com\/@fr\/115054486725732401","error":""},"_links":{"self":[{"href":"https:\/\/www.europesays.com\/fr\/wp-json\/wp\/v2\/posts\/328901","targetHints":{"allow":["GET"]}}],"collection":[{"href":"https:\/\/www.europesays.com\/fr\/wp-json\/wp\/v2\/posts"}],"about":[{"href":"https:\/\/www.europesays.com\/fr\/wp-json\/wp\/v2\/types\/post"}],"author":[{"embeddable":true,"href":"https:\/\/www.europesays.com\/fr\/wp-json\/wp\/v2\/users\/2"}],"replies":[{"embeddable":true,"href":"https:\/\/www.europesays.com\/fr\/wp-json\/wp\/v2\/comments?post=328901"}],"version-history":[{"count":0,"href":"https:\/\/www.europesays.com\/fr\/wp-json\/wp\/v2\/posts\/328901\/revisions"}],"wp:featuredmedia":[{"embeddable":true,"href":"https:\/\/www.europesays.com\/fr\/wp-json\/wp\/v2\/media\/312691"}],"wp:attachment":[{"href":"https:\/\/www.europesays.com\/fr\/wp-json\/wp\/v2\/media?parent=328901"}],"wp:term":[{"taxonomy":"category","embeddable":true,"href":"https:\/\/www.europesays.com\/fr\/wp-json\/wp\/v2\/categories?post=328901"},{"taxonomy":"post_tag","embeddable":true,"href":"https:\/\/www.europesays.com\/fr\/wp-json\/wp\/v2\/tags?post=328901"}],"curies":[{"name":"wp","href":"https:\/\/api.w.org\/{rel}","templated":true}]}}