{"id":328902,"date":"2025-08-19T08:28:09","date_gmt":"2025-08-19T08:28:09","guid":{"rendered":"https:\/\/www.europesays.com\/fr\/328902\/"},"modified":"2025-08-19T08:28:09","modified_gmt":"2025-08-19T08:28:09","slug":"vous-pouvez-offrir-une-douche-aux-plus-demunis-voici-comment","status":"publish","type":"post","link":"https:\/\/www.europesays.com\/fr\/328902\/","title":{"rendered":"vous pouvez offrir une douche aux plus d\u00e9munis, voici comment"},"content":{"rendered":"<p>            Par<br \/>\n        <strong><br \/>\n            <a href=\"https:\/\/actu.fr\/auteur\/ivan-capecchi\" title=\"Consulter tous les articles de Ivan CAPECCHI\" rel=\"nofollow noopener\" target=\"_blank\">Ivan CAPECCHI<\/a><br \/>\n        <\/strong><\/p>\n<p>        Publi\u00e9 le<\/p>\n<p>            19 ao\u00fbt 2025 \u00e0 9h50        <\/p>\n<p>Inaugur\u00e9s en 1908, les <a href=\"https:\/\/actu.fr\/grand-est\/strasbourg_67482\/les-bains-municipaux-de-strasbourg-rouvrent-ce-jeudi-3-juillet-2025_62856202.html\" rel=\"nofollow noopener\" target=\"_blank\">Bains municipaux de Strasbourg<\/a> faisaient figure de service essentiel : \u00e0 l\u2019\u00e9poque, rares \u00e9taient les foyers \u00e9quip\u00e9s d\u2019une salle de bain. <a href=\"https:\/\/actu.fr\/grand-est\/strasbourg_67482\/photos-voici-a-quoi-ressemblent-les-bains-municipaux-de-strasbourg-renoves-vous-aimez_45745480.html\" rel=\"nofollow noopener\" target=\"_blank\">D\u00e9sormais enti\u00e8rement r\u00e9nov\u00e9s<\/a>, ils conservent cette mission historique en proposant toujours des <strong>douches accessibles \u00e0 tous, au prix de 1,50 \u20ac.<\/strong><\/p>\n<p>Un principe de \u00ab\u00a0douches suspendues\u00a0\u00bb<\/p>\n<p class=\" wall-content\">Au-del\u00e0 de ce service, les Bains municipaux ont lanc\u00e9 une initiative solidaire : <strong>les douches suspendues<\/strong>.<\/p>\n<p class=\" wall-content\">Inspir\u00e9 du concept des <a href=\"https:\/\/actu.fr\/grand-est\/strasbourg_67482\/ces-bars-strasbourg-permettent-clients-doffrir-boissons-personnes-sans-abri_26379025.html\" rel=\"nofollow noopener\" target=\"_blank\">caf\u00e9s suspendus<\/a>, le principe repose sur une contribution volontaire.<\/p>\n<p>Acheter une douche pour les plus d\u00e9munis<\/p>\n<p class=\" wall-content\">Lors d\u2019une visite, il est possible <strong>d\u2019acheter une douche \u00e0 l\u2019accueil<\/strong>.<\/p>\n<p class=\" wall-content\">Cette derni\u00e8re sera ensuite <strong>offerte \u00e0 une personne en difficult\u00e9<\/strong>, qui pourra <strong>acc\u00e9der gratuitement aux installations<\/strong>.<\/p>\n<p class=\" wall-content\">\u00ab Aujourd\u2019hui, nos douches publiques sont propos\u00e9es<strong> 7 jours sur 7<\/strong> avec toutes les commodit\u00e9s n\u00e9cessaires \u00e0 l\u2019hygi\u00e8ne \u00bb, rappellent les Bains municipaux sur leur page Facebook.<\/p>\n<p class=\" wall-content\">Personnalisez votre actualit\u00e9 en ajoutant vos villes et m\u00e9dias en favori avec <a href=\"https:\/\/moncompte.actu.fr\" title=\"D\u00e9couvez Mon Actu\" rel=\"nofollow noopener\" data-trk=\"{&quot;cta&quot;:{&quot;action&quot;:&quot;https:\\\/\\\/moncompte.actu.fr&quot;,&quot;category&quot;:&quot;mon compte&quot;,&quot;from&quot;:&quot;article footer&quot;,&quot;name&quot;:&quot;Mon actu&quot;,&quot;type&quot;:&quot;cta&quot;}}\" target=\"_blank\">Mon Actu<\/a>.<\/p>\n","protected":false},"excerpt":{"rendered":"Par Ivan CAPECCHI Publi\u00e9 le 19 ao\u00fbt 2025 \u00e0 9h50 Inaugur\u00e9s en 1908, les Bains municipaux de Strasbourg&hellip;\n","protected":false},"author":2,"featured_media":328903,"comment_status":"","ping_status":"","sticky":false,"template":"","format":"standard","meta":{"footnotes":""},"categories":[2820],"tags":[1111,11,1777,674,1011,27,775,12,25,104,640],"class_list":{"0":"post-328902","1":"post","2":"type-post","3":"status-publish","4":"format-standard","5":"has-post-thumbnail","7":"category-strasbourg","8":"tag-actu","9":"tag-actualites","10":"tag-eu","11":"tag-europe","12":"tag-fr","13":"tag-france","14":"tag-grand-est","15":"tag-news","16":"tag-republique-francaise","17":"tag-societe","18":"tag-strasbourg"},"share_on_mastodon":{"url":"https:\/\/pubeurope.com\/@fr\/115054490630498974","error":""},"_links":{"self":[{"href":"https:\/\/www.europesays.com\/fr\/wp-json\/wp\/v2\/posts\/328902","targetHints":{"allow":["GET"]}}],"collection":[{"href":"https:\/\/www.europesays.com\/fr\/wp-json\/wp\/v2\/posts"}],"about":[{"href":"https:\/\/www.europesays.com\/fr\/wp-json\/wp\/v2\/types\/post"}],"author":[{"embeddable":true,"href":"https:\/\/www.europesays.com\/fr\/wp-json\/wp\/v2\/users\/2"}],"replies":[{"embeddable":true,"href":"https:\/\/www.europesays.com\/fr\/wp-json\/wp\/v2\/comments?post=328902"}],"version-history":[{"count":0,"href":"https:\/\/www.europesays.com\/fr\/wp-json\/wp\/v2\/posts\/328902\/revisions"}],"wp:featuredmedia":[{"embeddable":true,"href":"https:\/\/www.europesays.com\/fr\/wp-json\/wp\/v2\/media\/328903"}],"wp:attachment":[{"href":"https:\/\/www.europesays.com\/fr\/wp-json\/wp\/v2\/media?parent=328902"}],"wp:term":[{"taxonomy":"category","embeddable":true,"href":"https:\/\/www.europesays.com\/fr\/wp-json\/wp\/v2\/categories?post=328902"},{"taxonomy":"post_tag","embeddable":true,"href":"https:\/\/www.europesays.com\/fr\/wp-json\/wp\/v2\/tags?post=328902"}],"curies":[{"name":"wp","href":"https:\/\/api.w.org\/{rel}","templated":true}]}}