{"id":328904,"date":"2025-08-19T08:29:13","date_gmt":"2025-08-19T08:29:13","guid":{"rendered":"https:\/\/www.europesays.com\/fr\/328904\/"},"modified":"2025-08-19T08:29:13","modified_gmt":"2025-08-19T08:29:13","slug":"le-groupe-strasbourgeois-de-25-joueurs-pour-leurope-alsasports","status":"publish","type":"post","link":"https:\/\/www.europesays.com\/fr\/328904\/","title":{"rendered":"Le groupe strasbourgeois de 25 joueurs pour l&rsquo;Europe ! \u2014 Alsa&rsquo;Sports"},"content":{"rendered":"<p><strong>L\u2019UEFA a publi\u00e9 ce mardi matin le groupe de 25 joueurs transmis par Strasbourg pour disputer son barrage contre Brondby. Avec des surprises.<\/strong><\/p>\n<p>L\u2019UEFA vient de communiquer le groupe strasbourgeois de 25 joueurs qui s\u2019appr\u00eate \u00e0 revivre les joutes europ\u00e9ennes, d\u00e8s jeudi en barrage aller de Ligue Conf\u00e9rence contre le club danois de Brondby. Avec plusieurs surprises. Isma\u00ebl Doukour\u00e9, <a href=\"https:\/\/www.alsasports.fr\/football\/rc-strasbourg\/conferences-de-presse\/liam-rosenior-sur-la-mise-a-lecart-de-doukoure-la-porte-nest-pas-fermee\/74511\/\" target=\"_blank\" rel=\"noopener\">mis \u00e0 l\u2019\u00e9cart du groupe professionnel depuis plusieurs jours<\/a>, est bien pr\u00e9sent. Au niveau des gardiens, Gabriel Kerckaert a \u00e9t\u00e9 pr\u00e9f\u00e9r\u00e9 \u00e0 Stefan Bajic comme portier num\u00e9ro 3. En dehors des bless\u00e9s, Pape Demba Diop et Rabby Nzingoula sont absents du groupe. <\/p>\n<p>Voici le groupe complet des 25 joueurs inscrits pour jouer l\u2019Europe : JOHNSSON, PENDERS, KERCKAERT \u2013 OMOBAMIDELE, SAMUELS-SMITH, DOUKOUR\u00c9, DOU\u00c9, SARR, HOGSBERG, SOBOL \u2013 MOREIRA, OYEDELE, PAEZ, AMOUGOU, MWANGA, BARCO, OUATTARA, LEMAR\u00c9CHAL \u2013 PANICHELLI, EMEGHA, NANASI, MARA, BAKWA, AMO-AMEYAW, EL MOURABET. <\/p>\n","protected":false},"excerpt":{"rendered":"L\u2019UEFA a publi\u00e9 ce mardi matin le groupe de 25 joueurs transmis par Strasbourg pour disputer son barrage&hellip;\n","protected":false},"author":2,"featured_media":295217,"comment_status":"","ping_status":"","sticky":false,"template":"","format":"standard","meta":{"footnotes":""},"categories":[2820],"tags":[1111,11,1777,674,63,1011,27,775,43670,12,4448,25,640],"class_list":{"0":"post-328904","1":"post","2":"type-post","3":"status-publish","4":"format-standard","5":"has-post-thumbnail","7":"category-strasbourg","8":"tag-actu","9":"tag-actualites","10":"tag-eu","11":"tag-europe","12":"tag-football","13":"tag-fr","14":"tag-france","15":"tag-grand-est","16":"tag-ligue-conference","17":"tag-news","18":"tag-rc-strasbourg","19":"tag-republique-francaise","20":"tag-strasbourg"},"share_on_mastodon":{"url":"https:\/\/pubeurope.com\/@fr\/115054494544965335","error":""},"_links":{"self":[{"href":"https:\/\/www.europesays.com\/fr\/wp-json\/wp\/v2\/posts\/328904","targetHints":{"allow":["GET"]}}],"collection":[{"href":"https:\/\/www.europesays.com\/fr\/wp-json\/wp\/v2\/posts"}],"about":[{"href":"https:\/\/www.europesays.com\/fr\/wp-json\/wp\/v2\/types\/post"}],"author":[{"embeddable":true,"href":"https:\/\/www.europesays.com\/fr\/wp-json\/wp\/v2\/users\/2"}],"replies":[{"embeddable":true,"href":"https:\/\/www.europesays.com\/fr\/wp-json\/wp\/v2\/comments?post=328904"}],"version-history":[{"count":0,"href":"https:\/\/www.europesays.com\/fr\/wp-json\/wp\/v2\/posts\/328904\/revisions"}],"wp:featuredmedia":[{"embeddable":true,"href":"https:\/\/www.europesays.com\/fr\/wp-json\/wp\/v2\/media\/295217"}],"wp:attachment":[{"href":"https:\/\/www.europesays.com\/fr\/wp-json\/wp\/v2\/media?parent=328904"}],"wp:term":[{"taxonomy":"category","embeddable":true,"href":"https:\/\/www.europesays.com\/fr\/wp-json\/wp\/v2\/categories?post=328904"},{"taxonomy":"post_tag","embeddable":true,"href":"https:\/\/www.europesays.com\/fr\/wp-json\/wp\/v2\/tags?post=328904"}],"curies":[{"name":"wp","href":"https:\/\/api.w.org\/{rel}","templated":true}]}}