{"id":328905,"date":"2025-08-19T08:30:12","date_gmt":"2025-08-19T08:30:12","guid":{"rendered":"https:\/\/www.europesays.com\/fr\/328905\/"},"modified":"2025-08-19T08:30:12","modified_gmt":"2025-08-19T08:30:12","slug":"des-voiturettes-sans-permis-livrees-a-domicile-a-nice","status":"publish","type":"post","link":"https:\/\/www.europesays.com\/fr\/328905\/","title":{"rendered":"Des voiturettes sans permis livr\u00e9es \u00e0 domicile \u00e0 Nice"},"content":{"rendered":"<p>Depuis un mois, la start-up toulousaine V-Loc propose ses voiturettes \u00e9lectriques sans permis \u00e0 Nice. Livr\u00e9es \u00e0 domicile depuis un entrep\u00f4t bas\u00e9 \u00e0 Drap, ces v\u00e9hicules limit\u00e9s \u00e0 45 km\/h s\u00e9duisent d\u00e9j\u00e0 une trentaine de clients. Mais leur arriv\u00e9e inqui\u00e8te certains moniteurs d&rsquo;auto-\u00e9coles.<\/p>\n<p>V-Loc propose la location de voiturette \u00e0 environ 400 \u20ac par mois, assurance comprise, et un livreur apporte directement la voiture \u00e0 domicile. Depuis d\u00e9but juillet, les petites Citro\u00ebn Ami de V-Loc circulent dans les rues ni\u00e7oises. La soci\u00e9t\u00e9 a implant\u00e9 une cinquantaine de voiturettes dans un entrep\u00f4t de Drap.<\/p>\n<p>\u00ab\u00a0Les premiers retours qu&rsquo;on a, c&rsquo;est la vitesse moyenne sur vos routes est bien inf\u00e9rieure \u00e0 d&rsquo;autres, dans le sens o\u00f9 l&rsquo;\u00e9t\u00e9 surtout, elles sont tr\u00e8s charg\u00e9es. Les v\u00e9hicules sans permis ne sont pas autoris\u00e9s sur les autoroutes ni sur la Voie Mathis. Donc \u00e0 partir de l\u00e0, \u00e7a limite d\u00e9j\u00e0 le circuit routier que peuvent emprunter nos clients\u00a0\u00bb, explique le fondateur Quentin Sabath\u00e9.<\/p>\n<p>Souvent, ils ne savent pas que c\u2019est limit\u00e9 \u00e0 45 km\/h<\/p>\n<p>Pourtant, certains les croisent sur la Voie Mathis. \u00ab\u00a0Ces engins sont parfois d\u00e9brid\u00e9s. Beaucoup de jeunes n\u2019ont qu\u2019une formation de 7 heures et ne ma\u00eetrisent pas le code de la route\u00a0\u00bb, alerte Paule Poirier, g\u00e9rante de l\u2019auto-\u00e9cole Caravelle \u00e0 Valrose.<\/p>\n<p>\u00ab\u00a0Moins accidentog\u00e8ne que le deux-roues\u00a0\u00bb<\/p>\n<p>Pour V-Loc, les voiturettes restent plus s\u00fbres que les scooters. \u00ab\u00a0Avec une carrosserie, on est mieux prot\u00e9g\u00e9s\u00a0\u00bb, insiste Quentin Sabath\u00e9. Selon le minist\u00e8re de l\u2019Int\u00e9rieur, les accidents restent rares\u00a0: 23 morts et 300 bless\u00e9s en 2023, soit seulement 0,7 % de la mortalit\u00e9 routi\u00e8re. Mais les drames touchent surtout les plus \u00e2g\u00e9s\u00a0: pr\u00e8s d\u2019un conducteur tu\u00e9 sur deux a plus de 65 ans.<\/p>\n","protected":false},"excerpt":{"rendered":"Depuis un mois, la start-up toulousaine V-Loc propose ses voiturettes \u00e9lectriques sans permis \u00e0 Nice. Livr\u00e9es \u00e0 domicile&hellip;\n","protected":false},"author":2,"featured_media":328906,"comment_status":"","ping_status":"","sticky":false,"template":"","format":"standard","meta":{"footnotes":""},"categories":[2819],"tags":[1111,11,1777,674,1011,27,12,2401,882,25],"class_list":{"0":"post-328905","1":"post","2":"type-post","3":"status-publish","4":"format-standard","5":"has-post-thumbnail","7":"category-nice","8":"tag-actu","9":"tag-actualites","10":"tag-eu","11":"tag-europe","12":"tag-fr","13":"tag-france","14":"tag-news","15":"tag-nice","16":"tag-provence-alpes-cote-dazur","17":"tag-republique-francaise"},"share_on_mastodon":{"url":"https:\/\/pubeurope.com\/@fr\/115054498553700589","error":""},"_links":{"self":[{"href":"https:\/\/www.europesays.com\/fr\/wp-json\/wp\/v2\/posts\/328905","targetHints":{"allow":["GET"]}}],"collection":[{"href":"https:\/\/www.europesays.com\/fr\/wp-json\/wp\/v2\/posts"}],"about":[{"href":"https:\/\/www.europesays.com\/fr\/wp-json\/wp\/v2\/types\/post"}],"author":[{"embeddable":true,"href":"https:\/\/www.europesays.com\/fr\/wp-json\/wp\/v2\/users\/2"}],"replies":[{"embeddable":true,"href":"https:\/\/www.europesays.com\/fr\/wp-json\/wp\/v2\/comments?post=328905"}],"version-history":[{"count":0,"href":"https:\/\/www.europesays.com\/fr\/wp-json\/wp\/v2\/posts\/328905\/revisions"}],"wp:featuredmedia":[{"embeddable":true,"href":"https:\/\/www.europesays.com\/fr\/wp-json\/wp\/v2\/media\/328906"}],"wp:attachment":[{"href":"https:\/\/www.europesays.com\/fr\/wp-json\/wp\/v2\/media?parent=328905"}],"wp:term":[{"taxonomy":"category","embeddable":true,"href":"https:\/\/www.europesays.com\/fr\/wp-json\/wp\/v2\/categories?post=328905"},{"taxonomy":"post_tag","embeddable":true,"href":"https:\/\/www.europesays.com\/fr\/wp-json\/wp\/v2\/tags?post=328905"}],"curies":[{"name":"wp","href":"https:\/\/api.w.org\/{rel}","templated":true}]}}