{"id":328913,"date":"2025-08-19T08:35:15","date_gmt":"2025-08-19T08:35:15","guid":{"rendered":"https:\/\/www.europesays.com\/fr\/328913\/"},"modified":"2025-08-19T08:35:15","modified_gmt":"2025-08-19T08:35:15","slug":"cinq-personnes-au-chomage-technique","status":"publish","type":"post","link":"https:\/\/www.europesays.com\/fr\/328913\/","title":{"rendered":"cinq personnes au ch\u00f4mage technique"},"content":{"rendered":"<p>            Par<br \/>\n        <strong><br \/>\n            <a href=\"https:\/\/actu.fr\/auteur\/julian-doubax\" title=\"Consulter tous les articles de Julian Doubax\" rel=\"nofollow noopener\" target=\"_blank\">Julian Doubax<\/a><br \/>\n        <\/strong><\/p>\n<p>        Publi\u00e9 le<\/p>\n<p>            19 ao\u00fbt 2025 \u00e0 9h40        <\/p>\n<p>Lundi 18 ao\u00fbt 2025, peu avant 23 heures, les pompiers se sont rendus \u00e0 <a href=\"https:\/\/actu.fr\/nouvelle-aquitaine\/merignac_33281\" rel=\"nofollow noopener\" target=\"_blank\">M\u00e9rignac<\/a> (Gironde) pour un <a href=\"https:\/\/actu.fr\/nouvelle-aquitaine\/bordeaux_33063\/bordeaux-les-pompiers-mobilises-pour-un-feu-d-appartement-trois-personnes-examinees-par-les-secours_63045557.html\" rel=\"nofollow noopener\" target=\"_blank\">incendie<\/a>. Un feu s\u2019\u00e9tait d\u00e9clar\u00e9 dans une <strong>construction modulaire<\/strong> appartenant \u00e0 l\u2019entreprise CES Design sur l\u2019avenue Maurice L\u00e9vy. La soci\u00e9t\u00e9 est sp\u00e9cialis\u00e9e dans le stockage de meubles et de v\u00eatements.\u00a0<\/p>\n<p class=\" wall-content\">Cette b\u00e2tisse de 180m\u00b2 a \u00e9t\u00e9 enti\u00e8rement <strong>ravag\u00e9e<\/strong> par les flammes qui se sont ensuite propag\u00e9es dans un entrep\u00f4t voisin de 2000m\u00b2. Heureusement, les pompiers ont pu stopper l\u2019incendie \u00e0 l\u2019aide de trois lances. Apr\u00e8s ce sinistre, cinq personnes se retrouvent au <strong>ch\u00f4mage technique<\/strong>.\u00a0<\/p>\n<p class=\" wall-content\">Personnalisez votre actualit\u00e9 en ajoutant vos villes et m\u00e9dias en favori avec <a href=\"https:\/\/moncompte.actu.fr\" title=\"D\u00e9couvez Mon Actu\" rel=\"nofollow noopener\" data-trk=\"{&quot;cta&quot;:{&quot;action&quot;:&quot;https:\\\/\\\/moncompte.actu.fr&quot;,&quot;category&quot;:&quot;mon compte&quot;,&quot;from&quot;:&quot;article footer&quot;,&quot;name&quot;:&quot;Mon actu&quot;,&quot;type&quot;:&quot;cta&quot;}}\" target=\"_blank\">Mon Actu<\/a>.<\/p>\n","protected":false},"excerpt":{"rendered":"Par Julian Doubax Publi\u00e9 le 19 ao\u00fbt 2025 \u00e0 9h40 Lundi 18 ao\u00fbt 2025, peu avant 23 heures,&hellip;\n","protected":false},"author":2,"featured_media":274681,"comment_status":"","ping_status":"","sticky":false,"template":"","format":"standard","meta":{"footnotes":""},"categories":[2817],"tags":[1111,11,1997,1777,674,118,1011,27,1310,12,2219,1311,25],"class_list":{"0":"post-328913","1":"post","2":"type-post","3":"status-publish","4":"format-standard","5":"has-post-thumbnail","7":"category-bordeaux","8":"tag-actu","9":"tag-actualites","10":"tag-bordeaux","11":"tag-eu","12":"tag-europe","13":"tag-faits-divers","14":"tag-fr","15":"tag-france","16":"tag-incendie","17":"tag-news","18":"tag-nouvelle-aquitaine","19":"tag-pompiers","20":"tag-republique-francaise"},"share_on_mastodon":{"url":"https:\/\/pubeurope.com\/@fr\/115054518140899597","error":""},"_links":{"self":[{"href":"https:\/\/www.europesays.com\/fr\/wp-json\/wp\/v2\/posts\/328913","targetHints":{"allow":["GET"]}}],"collection":[{"href":"https:\/\/www.europesays.com\/fr\/wp-json\/wp\/v2\/posts"}],"about":[{"href":"https:\/\/www.europesays.com\/fr\/wp-json\/wp\/v2\/types\/post"}],"author":[{"embeddable":true,"href":"https:\/\/www.europesays.com\/fr\/wp-json\/wp\/v2\/users\/2"}],"replies":[{"embeddable":true,"href":"https:\/\/www.europesays.com\/fr\/wp-json\/wp\/v2\/comments?post=328913"}],"version-history":[{"count":0,"href":"https:\/\/www.europesays.com\/fr\/wp-json\/wp\/v2\/posts\/328913\/revisions"}],"wp:featuredmedia":[{"embeddable":true,"href":"https:\/\/www.europesays.com\/fr\/wp-json\/wp\/v2\/media\/274681"}],"wp:attachment":[{"href":"https:\/\/www.europesays.com\/fr\/wp-json\/wp\/v2\/media?parent=328913"}],"wp:term":[{"taxonomy":"category","embeddable":true,"href":"https:\/\/www.europesays.com\/fr\/wp-json\/wp\/v2\/categories?post=328913"},{"taxonomy":"post_tag","embeddable":true,"href":"https:\/\/www.europesays.com\/fr\/wp-json\/wp\/v2\/tags?post=328913"}],"curies":[{"name":"wp","href":"https:\/\/api.w.org\/{rel}","templated":true}]}}