{"id":328914,"date":"2025-08-19T08:36:12","date_gmt":"2025-08-19T08:36:12","guid":{"rendered":"https:\/\/www.europesays.com\/fr\/328914\/"},"modified":"2025-08-19T08:36:12","modified_gmt":"2025-08-19T08:36:12","slug":"n2-programme-de-la-2e-journee-de-la-poule-a-avec-bordeaux-granville","status":"publish","type":"post","link":"https:\/\/www.europesays.com\/fr\/328914\/","title":{"rendered":"N2 : programme de la 2e journ\u00e9e de la poule A avec Bordeaux-Granville"},"content":{"rendered":"<p><img decoding=\"async\" src=\"https:\/\/www.europesays.com\/fr\/wp-content\/uploads\/2025\/08\/671_27a5a9e7434fc1a02b561d60e7fadd28.jpg\" alt=\"N2 : programme de la 2e journ\u00e9e de la poule A avec Bordeaux-Granville\" class=\"img-responsive mt-3\"\/><\/p>\n<p class=\"text-center mb-3\" style=\"font-size: 14px\">\u00a9 Iconsport<\/p>\n<p>      <strong>Le programme de la deuxi\u00e8me journ\u00e9e de National 2 de la poule A<\/strong><\/p>\n<p style=\"text-align: justify;\">22 ao\u00fbt \u00e0 19h30 :<\/p>\n<p style=\"text-align: justify;\">Aviron Bayonnais &#8211; US Saint-Malo<br \/>Les Herbiers &#8211; Olympique Saumur FC<\/p>\n<p style=\"text-align: justify;\">23 ao\u00fbt \u00e0 18h :<\/p>\n<p>Saint-Colomban Locmin\u00e9 &#8211; Chauray FC<br \/>Lorient 2 &#8211; Vend\u00e9e Foot Club RY<br \/>Dinan L\u00e9hon FC &#8211; Stade Poitevin FC<br \/>US Avranches &#8211; Voltigeurs Ch\u00e2teaubriant<br \/><strong>FC Girondins de Bordeaux &#8211; US Granville<\/strong><\/p>\n<p style=\"text-align: justify;\">23 ao\u00fbt \u00e0 19h :<\/p>\n<p style=\"text-align: justify;\">FC Montlouis &#8211; Angoul\u00eame Charente FC<\/p>\n<p>\u00c0 lire &gt;&gt; <strong><a href=\"https:\/\/www.webgirondins.com\/actualite-girondins-girondins-david-gluzman-je-suis-decu-du-score-et-du-contenu-il-n-y-a-aucune-excuse-130099\" target=\"_blank\" rel=\"noopener\">David Gluzman : \u00ab\u00a0Je suis d\u00e9\u00e7u du score et du contenu, il n&rsquo;y a aucune excuse\u00a0\u00bb<\/a><\/strong><\/p>\n<p>Notre podcast court \u00e0 \u00e9couter :<br \/><strong><br \/><\/strong><\/p>\n","protected":false},"excerpt":{"rendered":"\u00a9 Iconsport Le programme de la deuxi\u00e8me journ\u00e9e de National 2 de la poule A 22 ao\u00fbt \u00e0&hellip;\n","protected":false},"author":2,"featured_media":309954,"comment_status":"","ping_status":"","sticky":false,"template":"","format":"standard","meta":{"footnotes":""},"categories":[2817],"tags":[1111,11,2863,2865,3396,1997,3233,1777,674,1011,27,1987,19521,3465,3238,12,2219,4789,33645,5240,22702,25,3982,2858,7680],"class_list":{"0":"post-328914","1":"post","2":"type-post","3":"status-publish","4":"format-standard","5":"has-post-thumbnail","7":"category-bordeaux","8":"tag-actu","9":"tag-actualites","10":"tag-aout","11":"tag-atlantique","12":"tag-avec","13":"tag-bordeaux","14":"tag-championnat","15":"tag-eu","16":"tag-europe","17":"tag-fr","18":"tag-france","19":"tag-girondins","20":"tag-granville","21":"tag-journee","22":"tag-national","23":"tag-news","24":"tag-nouvelle-aquitaine","25":"tag-poule","26":"tag-poursuite","27":"tag-programme","28":"tag-recoivent","29":"tag-republique-francaise","30":"tag-samedi","31":"tag-stade","32":"tag-week"},"share_on_mastodon":{"url":"https:\/\/pubeurope.com\/@fr\/115054522385801074","error":""},"_links":{"self":[{"href":"https:\/\/www.europesays.com\/fr\/wp-json\/wp\/v2\/posts\/328914","targetHints":{"allow":["GET"]}}],"collection":[{"href":"https:\/\/www.europesays.com\/fr\/wp-json\/wp\/v2\/posts"}],"about":[{"href":"https:\/\/www.europesays.com\/fr\/wp-json\/wp\/v2\/types\/post"}],"author":[{"embeddable":true,"href":"https:\/\/www.europesays.com\/fr\/wp-json\/wp\/v2\/users\/2"}],"replies":[{"embeddable":true,"href":"https:\/\/www.europesays.com\/fr\/wp-json\/wp\/v2\/comments?post=328914"}],"version-history":[{"count":0,"href":"https:\/\/www.europesays.com\/fr\/wp-json\/wp\/v2\/posts\/328914\/revisions"}],"wp:featuredmedia":[{"embeddable":true,"href":"https:\/\/www.europesays.com\/fr\/wp-json\/wp\/v2\/media\/309954"}],"wp:attachment":[{"href":"https:\/\/www.europesays.com\/fr\/wp-json\/wp\/v2\/media?parent=328914"}],"wp:term":[{"taxonomy":"category","embeddable":true,"href":"https:\/\/www.europesays.com\/fr\/wp-json\/wp\/v2\/categories?post=328914"},{"taxonomy":"post_tag","embeddable":true,"href":"https:\/\/www.europesays.com\/fr\/wp-json\/wp\/v2\/tags?post=328914"}],"curies":[{"name":"wp","href":"https:\/\/api.w.org\/{rel}","templated":true}]}}