{"id":328919,"date":"2025-08-19T08:40:10","date_gmt":"2025-08-19T08:40:10","guid":{"rendered":"https:\/\/www.europesays.com\/fr\/328919\/"},"modified":"2025-08-19T08:40:10","modified_gmt":"2025-08-19T08:40:10","slug":"voici-les-interruptions-de-la-ligne-1-programmees-en-septembre-et-octobre","status":"publish","type":"post","link":"https:\/\/www.europesays.com\/fr\/328919\/","title":{"rendered":"voici les interruptions de la ligne 1 programm\u00e9es en septembre et octobre"},"content":{"rendered":"<p>            Par<br \/>\n        <strong><br \/>\n            <a href=\"https:\/\/actu.fr\/auteur\/nicolas-demollien\" title=\"Consulter tous les articles de Nicolas Demollien\" rel=\"nofollow noopener\" target=\"_blank\">Nicolas Demollien<\/a><br \/>\n        <\/strong><\/p>\n<p>        Publi\u00e9 le<\/p>\n<p>            19 ao\u00fbt 2025 \u00e0 10h34        <\/p>\n<p>Il va de nouveau falloir vous adapter ! <a href=\"https:\/\/actu.fr\/tag\/ilevia\" rel=\"nofollow noopener\" target=\"_blank\">Il\u00e9via<\/a> annonce la poursuite des travaux sur la <b>ligne 1 du m\u00e9tro<\/b> de la m\u00e9tropole de <a href=\"https:\/\/actu.fr\/hauts-de-france\/lille_59350\" rel=\"nofollow noopener\" target=\"_blank\">Lille<\/a> (Nord) avec de n<b>ombreuses interruptions<\/b> programm\u00e9es durant les <b>mois de septembre et octobre 2025<\/b>. On note la pr\u00e9sence d\u2019un <b>week-end entier de fermeture<\/b> durant cette p\u00e9riode.<\/p>\n<p>La ligne 1 du m\u00e9tro de Lille interrompue \u00e0 plusieurs reprises aux mois de septembre et octobre<\/p>\n<p data-end=\"538\" class=\" wall-content\">Pour m\u00e9moire, ces interruptions sont pr\u00e9vues dans le cadre des op\u00e9rations li\u00e9es au <b>doublement des rames de m\u00e9tro<\/b>. \u00ab\u00a0Ces interruptions vont permettre de finaliser les travaux de <b>mise \u00e0 niveau des quais<\/b> et de poursuivre les <b>essais de la rame Alstom en version 52 m\u00e8tres<\/b>\u00ab\u00a0, pr\u00e9cise Il\u00e9via.<\/p>\n<p data-end=\"885\" class=\" wall-content\">Le trafic sur la ligne 1 du m\u00e9tro sera ainsi interrompu :<\/p>\n<ul class=\" wall-content\">\n<li data-end=\"885\">de 22h30 jusqu\u2019\u00e0 la fin de service tous les lundis soir, du lundi 1er septembre au lundi 27 octobre inclus ;<\/li>\n<li data-end=\"885\">de 22h30 jusqu\u2019\u00e0 la fin de service les mardis 16 et 30 septembre, et 14 et 28 octobre ;<\/li>\n<li data-end=\"885\">les dimanches 21 septembre et 12 octobre, de 13h30 jusqu\u2019\u00e0 la fin de service.<\/li>\n<\/ul>\n<p data-end=\"1069\" class=\" wall-content\">\u00ab\u00a0Afin de permettre aux voyageurs de r\u00e9aliser leurs trajets lors de ces interruptions de trafic, des<b> bus relais seront mis en place<\/b>. La fr\u00e9quence sera d\u2019un bus toutes les 15 minutes\u00a0\u00bb, assure l\u2019entreprise de transport.<\/p>\n<p data-end=\"1396\" class=\" wall-content\">Le trafic sera \u00e9galement totalement interrompu :<\/p>\n<ul class=\" wall-content\">\n<li data-end=\"1396\">les samedi 18 et dimanche 19 octobre, toute la journ\u00e9e.<\/li>\n<\/ul>\n<p>Votre r\u00e9gion, votre actu !<\/p>\n<p>Recevez chaque jour les infos qui comptent pour vous.<\/p>\n<p>\t<a href=\"https:\/\/actu.fr\/newsletter\" class=\"ac-btn ac-btn--corner ac-btn--medium ac-btn--blue800\" rel=\"nofollow noopener\" target=\"_blank\">S&rsquo;incrire<\/a><\/p>\n<p data-end=\"1396\" class=\" wall-content\">\u00ab\u00a0Des bus relais seront aussi mis en place pendant toute la dur\u00e9e de cette interruption, \u00e0 raison cette fois d\u2019un bus toutes les 7 \u00e0 10 minutes en journ\u00e9e et toutes les 10 \u00e0 15 minutes en soir\u00e9e, sur la m\u00eame amplitude horaire que le m\u00e9tro.<\/p>\n<p data-end=\"1593\" class=\" wall-content\">Vous voil\u00e0 pr\u00e9venus.<\/p>\n<p class=\" wall-content\">Personnalisez votre actualit\u00e9 en ajoutant vos villes et m\u00e9dias en favori avec <a href=\"https:\/\/moncompte.actu.fr\" title=\"D\u00e9couvez Mon Actu\" rel=\"nofollow noopener\" data-trk=\"{&quot;cta&quot;:{&quot;action&quot;:&quot;https:\\\/\\\/moncompte.actu.fr&quot;,&quot;category&quot;:&quot;mon compte&quot;,&quot;from&quot;:&quot;article footer&quot;,&quot;name&quot;:&quot;Mon actu&quot;,&quot;type&quot;:&quot;cta&quot;}}\" target=\"_blank\">Mon Actu<\/a>.<\/p>\n","protected":false},"excerpt":{"rendered":"Par Nicolas Demollien Publi\u00e9 le 19 ao\u00fbt 2025 \u00e0 10h34 Il va de nouveau falloir vous adapter !&hellip;\n","protected":false},"author":2,"featured_media":328920,"comment_status":"","ping_status":"","sticky":false,"template":"","format":"standard","meta":{"footnotes":""},"categories":[2815],"tags":[1111,11,1777,674,1011,27,811,4288,1307,12,25,104,2803],"class_list":{"0":"post-328919","1":"post","2":"type-post","3":"status-publish","4":"format-standard","5":"has-post-thumbnail","7":"category-lille","8":"tag-actu","9":"tag-actualites","10":"tag-eu","11":"tag-europe","12":"tag-fr","13":"tag-france","14":"tag-hauts-de-france","15":"tag-ilevia","16":"tag-lille","17":"tag-news","18":"tag-republique-francaise","19":"tag-societe","20":"tag-transport"},"share_on_mastodon":{"url":"https:\/\/pubeurope.com\/@fr\/115054537810762310","error":""},"_links":{"self":[{"href":"https:\/\/www.europesays.com\/fr\/wp-json\/wp\/v2\/posts\/328919","targetHints":{"allow":["GET"]}}],"collection":[{"href":"https:\/\/www.europesays.com\/fr\/wp-json\/wp\/v2\/posts"}],"about":[{"href":"https:\/\/www.europesays.com\/fr\/wp-json\/wp\/v2\/types\/post"}],"author":[{"embeddable":true,"href":"https:\/\/www.europesays.com\/fr\/wp-json\/wp\/v2\/users\/2"}],"replies":[{"embeddable":true,"href":"https:\/\/www.europesays.com\/fr\/wp-json\/wp\/v2\/comments?post=328919"}],"version-history":[{"count":0,"href":"https:\/\/www.europesays.com\/fr\/wp-json\/wp\/v2\/posts\/328919\/revisions"}],"wp:featuredmedia":[{"embeddable":true,"href":"https:\/\/www.europesays.com\/fr\/wp-json\/wp\/v2\/media\/328920"}],"wp:attachment":[{"href":"https:\/\/www.europesays.com\/fr\/wp-json\/wp\/v2\/media?parent=328919"}],"wp:term":[{"taxonomy":"category","embeddable":true,"href":"https:\/\/www.europesays.com\/fr\/wp-json\/wp\/v2\/categories?post=328919"},{"taxonomy":"post_tag","embeddable":true,"href":"https:\/\/www.europesays.com\/fr\/wp-json\/wp\/v2\/tags?post=328919"}],"curies":[{"name":"wp","href":"https:\/\/api.w.org\/{rel}","templated":true}]}}