{"id":328923,"date":"2025-08-19T08:43:19","date_gmt":"2025-08-19T08:43:19","guid":{"rendered":"https:\/\/www.europesays.com\/fr\/328923\/"},"modified":"2025-08-19T08:43:19","modified_gmt":"2025-08-19T08:43:19","slug":"toute-lactualite-de-ce-mardi-19-aout-2025-a-lyon","status":"publish","type":"post","link":"https:\/\/www.europesays.com\/fr\/328923\/","title":{"rendered":"Toute l&rsquo;actualit\u00e9 de ce mardi 19 aout 2025 \u00e0 Lyon"},"content":{"rendered":"<p>A la une de l\u2019info \u00e0 Lyon : la fili\u00e8re v\u00e9lo dans l\u2019espoir d\u2019un rebond apr\u00e8s deux ann\u00e9es difficiles. A Saint-Priest, Ultima Mobility vise la production de 5000 v\u00e9los \u00e9lectriques et\u2026 automatiques<\/p>\n<p>ECOUTEZ LE 1\/4H LYONNAIS\u2026 Toute l\u2019actualit\u00e9 de ce mardi 19 aout 2025<\/p>\n<p>LE 1\/4H LYONNAIS | mardi 19 aout 2025<\/p>\n<p>Durant cet \u00e9t\u00e9, on vous propose un <strong>1\/4H LYONNAIS<\/strong>, avec une forme un peu exceptionnelle<\/p>\n<p>Avec des reportages \u00e0 travers la ville pour vous faire d\u00e9couvrir, des lieux, des personnalit\u00e9s, des activit\u00e9s\u2026<\/p>\n<p>Le <strong>secteur du v\u00e9lo<\/strong> est confront\u00e9 \u00e0 une<strong> crise de surproduction<\/strong> sans pr\u00e9c\u00e9dent. En 2024, les entrep\u00f4ts europ\u00e9ens d\u00e9bordaient de <strong>v\u00e9los invendus<\/strong>, un ph\u00e9nom\u00e8ne qui a plong\u00e9 l\u2019industrie dans la tourmente et qui menace de ralentir la <strong>transition \u00e9cologique<\/strong>. Pour autant, il y a de <strong>nombreuses raisons d\u2019esp\u00e9rer<\/strong><\/p>\n<p>Pour essayer d\u2019en savoir plus, nous avons rencontr\u00e9 <strong>Andr\u00e9 Ghestem<\/strong>, directeur de la Commission Cycle \u00e0 l\u2019<a href=\"https:\/\/www.unionsportcycle.com\/accueil\" target=\"_blank\" rel=\"noreferrer noopener nofollow\"><strong>Union Sport &amp; Cycle<\/strong>,<\/a> et <strong>Florence Gall<\/strong> est d\u00e9l\u00e9gu\u00e9e g\u00e9n\u00e9rale de la fili\u00e8re \u00e9conomique du V\u00e9lo, <strong><a href=\"https:\/\/filierevelo.com\/\" target=\"_blank\" rel=\"noreferrer noopener nofollow\">France V\u00e9lo<\/a><\/strong><\/p>\n<p>Ecoutez aussi : <a href=\"https:\/\/www.lyondemain.fr\/programme-marguerite-mobilite-artisans\/\" target=\"_blank\" rel=\"noreferrer noopener nofollow\">Programme Marguerite : un panier de mobilit\u00e9s d\u00e9carbon\u00e9es<\/a><\/p>\n<blockquote class=\"instagram-media\" data-instgrm-captioned=\"\" data-instgrm-permalink=\"https:\/\/www.instagram.com\/p\/DL1d6OCIo_K\/?utm_source=ig_embed&amp;utm_campaign=loading\" data-instgrm-version=\"14\" style=\" background:#FFF; border:0; border-radius:3px; box-shadow:0 0 1px 0 rgba(0,0,0,0.5),0 1px 10px 0 rgba(0,0,0,0.15); margin: 1px; max-width:540px; min-width:326px; padding:0; width:99.375%; width:-webkit-calc(100% - 2px); width:calc(100% - 2px);\"\/>\n<p>Egalement dans l\u2019actualit\u00e9 de ce mardi 19 aout<\/p>\n<p>Malgr\u00e9 un climat incertain, des professionnels du v\u00e9lo ont fait le choix d\u2019<strong>investir<\/strong> dans de nouveaux outils de production. A <strong>Saint-Priest<\/strong>, <strong><a href=\"https:\/\/ultima.dev\/en\" target=\"_blank\" rel=\"noreferrer noopener nofollow\">Ultima Mobility<\/a><\/strong> a chang\u00e9 de locaux tout en restant ancr\u00e9e sur son territoire. L\u2019entreprise sanpriote augmente sa capacit\u00e9 d\u2019assemblage \u00e0 <strong>5 000 v\u00e9los<\/strong>, en s\u2019appuyant sur un mod\u00e8le de v\u00e9lo 100% automatique. Et entend ainsi participer \u00e0 la <strong>r\u00e9industrialisation<\/strong> du pays<\/p>\n<p><strong>J\u00e9r\u00f4me Mortal<\/strong>, PDG d\u2019<strong>Ultima Mobility<\/strong>, nous en dit plus sur son projet<\/p>\n<blockquote class=\"instagram-media\" data-instgrm-captioned=\"\" data-instgrm-permalink=\"https:\/\/www.instagram.com\/reel\/DNP9jzTsXoL\/?utm_source=ig_embed&amp;utm_campaign=loading\" data-instgrm-version=\"14\" style=\" background:#FFF; border:0; border-radius:3px; box-shadow:0 0 1px 0 rgba(0,0,0,0.5),0 1px 10px 0 rgba(0,0,0,0.15); margin: 1px; max-width:540px; min-width:326px; padding:0; width:99.375%; width:-webkit-calc(100% - 2px); width:calc(100% - 2px);\"\/>\n<p>L\u2019entreprise fait partie des 8 <strong>projets laur\u00e9ats r\u00e9gionaux<\/strong> de l\u2019<strong>Appel \u00e0 Projets France 2030<\/strong> \u00ab <strong>industries du v\u00e9lo<\/strong> \u00bb\u00a0\u00a0<\/p>\n<p>Ecoutez aussi : <a href=\"https:\/\/www.lyondemain.fr\/actualite-de-ce-lundi-18-aout\/\" target=\"_blank\" rel=\"noreferrer noopener nofollow\">Toute l\u2019actualit\u00e9 de ce lundi 18 aout 2025 \u00e0 Lyon<\/a><\/p>\n<p><img fetchpriority=\"high\" decoding=\"async\" width=\"1200\" height=\"675\" src=\"https:\/\/www.europesays.com\/fr\/wp-content\/uploads\/2025\/08\/actualite-de-ce-mardi-19-aout-2025.jpg\" alt=\"actualit\u00e9 de ce mardi 19 aout 2025 info \u00e0 Lyon\" class=\"wp-image-251128\"  \/>Retrouvez aussi le Quart d\u2019Heure Lyonnais de Lyon Demain sur les antennes de Radio Pluriel (Lyon). Radio Salam (Lyon, Saint-Etienne et Bourg) et Radio Arm\u00e9nie (Lyon et Vienne)<br \/>\nJ\u2019aime \u00e7a\u00a0:<\/p>\n<p>J\u2019aime chargement\u2026<\/p>\n<p><a class=\"sd-link-color\"\/><\/p>\n<p>\n\tArticles similaires\n<\/p>\n<p>\t\t\t\t<img decoding=\"async\" src=\"https:\/\/www.europesays.com\/fr\/wp-content\/uploads\/2025\/08\/1755592999_40_7866158698e17e8ed633c05e8f8e7fe5d9e057ad78661c4dc34e413abb6b9f19\" alt=\"G\u00e9rald Bouchon\"\/><\/p>\n<p>Pionnier des radios libres, passionn\u00e9 de radio, journaliste et dirigeant de m\u00e9dias \u00e9co-responsables..<\/p>\n<p>\t\t\t<script async src=\"\/\/www.instagram.com\/embed.js\"><\/script><\/p>\n","protected":false},"excerpt":{"rendered":"A la une de l\u2019info \u00e0 Lyon : la fili\u00e8re v\u00e9lo dans l\u2019espoir d\u2019un rebond apr\u00e8s deux ann\u00e9es&hellip;\n","protected":false},"author":2,"featured_media":328924,"comment_status":"","ping_status":"","sticky":false,"template":"","format":"standard","meta":{"footnotes":""},"categories":[1889],"tags":[1111,11,46628,46629,2430,1777,674,46630,46631,46632,1011,27,46633,46634,46635,2428,14883,12,46636,25,4605,16155,46637,39895,208,41186,46638],"class_list":{"0":"post-328923","1":"post","2":"type-post","3":"status-publish","4":"format-standard","5":"has-post-thumbnail","7":"category-lyon","8":"tag-actu","9":"tag-actualites","10":"tag-andre-ghestem","11":"tag-assemblage-de-velos","12":"tag-auvergne-rhone-alpes","13":"tag-eu","14":"tag-europe","15":"tag-fabrication-de-velos","16":"tag-filiere-velo","17":"tag-florence-gall","18":"tag-fr","19":"tag-france","20":"tag-france-2030","21":"tag-france-velo","22":"tag-jerome-mortal","23":"tag-lyon","24":"tag-made-in-france","25":"tag-news","26":"tag-relocalisation","27":"tag-republique-francaise","28":"tag-saint-priest","29":"tag-transition-ecologique","30":"tag-ultima-mobility","31":"tag-vae","32":"tag-velo","33":"tag-velo-a-assistance-electrique","34":"tag-velo-automatique"},"share_on_mastodon":{"url":"https:\/\/pubeurope.com\/@fr\/115054549741375591","error":""},"_links":{"self":[{"href":"https:\/\/www.europesays.com\/fr\/wp-json\/wp\/v2\/posts\/328923","targetHints":{"allow":["GET"]}}],"collection":[{"href":"https:\/\/www.europesays.com\/fr\/wp-json\/wp\/v2\/posts"}],"about":[{"href":"https:\/\/www.europesays.com\/fr\/wp-json\/wp\/v2\/types\/post"}],"author":[{"embeddable":true,"href":"https:\/\/www.europesays.com\/fr\/wp-json\/wp\/v2\/users\/2"}],"replies":[{"embeddable":true,"href":"https:\/\/www.europesays.com\/fr\/wp-json\/wp\/v2\/comments?post=328923"}],"version-history":[{"count":0,"href":"https:\/\/www.europesays.com\/fr\/wp-json\/wp\/v2\/posts\/328923\/revisions"}],"wp:featuredmedia":[{"embeddable":true,"href":"https:\/\/www.europesays.com\/fr\/wp-json\/wp\/v2\/media\/328924"}],"wp:attachment":[{"href":"https:\/\/www.europesays.com\/fr\/wp-json\/wp\/v2\/media?parent=328923"}],"wp:term":[{"taxonomy":"category","embeddable":true,"href":"https:\/\/www.europesays.com\/fr\/wp-json\/wp\/v2\/categories?post=328923"},{"taxonomy":"post_tag","embeddable":true,"href":"https:\/\/www.europesays.com\/fr\/wp-json\/wp\/v2\/tags?post=328923"}],"curies":[{"name":"wp","href":"https:\/\/api.w.org\/{rel}","templated":true}]}}