{"id":328928,"date":"2025-08-19T08:49:13","date_gmt":"2025-08-19T08:49:13","guid":{"rendered":"https:\/\/www.europesays.com\/fr\/328928\/"},"modified":"2025-08-19T08:49:13","modified_gmt":"2025-08-19T08:49:13","slug":"a-quoi-ressemble-son-appartement-decore-de-bric-et-de-broc-a-paris","status":"publish","type":"post","link":"https:\/\/www.europesays.com\/fr\/328928\/","title":{"rendered":"\u00e0 quoi ressemble son appartement d\u00e9cor\u00e9 de bric et de broc \u00e0 Paris ?"},"content":{"rendered":"<p>In\u00e8s de la Fressange, ic\u00f4ne du chic \u00e0 la fran\u00e7aise, n\u2019en finit pas de jouer les cam\u00e9l\u00e9ons c\u00f4t\u00e9 adresse. Longtemps install\u00e9e dans un somptueux appartement haussmannien, avec vue sur les grands monuments parisiens, la muse a depuis chang\u00e9 d\u2019air sans pour autant quitter la capitale. Aujourd\u2019hui, elle a pos\u00e9 ses valises dans un nouvel appartement parisien, plus intime, du c\u00f4t\u00e9 de la rive droite, dans une rue qu\u2019elle aime \u00ab\u00a0pour sa vie de quartier\u00a0\u00bb. Mais alors, \u00e0 quoi ressemble son int\u00e9rieur ? Selon C\u00f4t\u00e9 maison, il respire la m\u00eame philosophie que ses conseils mode : \u00e9l\u00e9gant mais vivant. Les grandes pi\u00e8ces b\u00e9n\u00e9ficient de moulures, de parquets anciens et d\u2019une luminosit\u00e9 douce ; la d\u00e9coration m\u00eale meubles de famille, trouvailles de brocante et pi\u00e8ces dessin\u00e9es par des grands d\u00e9corateurs \u2014 le r\u00e9sultat est nonchalant et sophistiqu\u00e9 \u00e0 la fois. On retrouve aussi ce go\u00fbt pour l\u2019\u00e9crit et les images : des biblioth\u00e8ques pleines, des cadres partout et ce petit c\u00f4t\u00e9 \u00ab\u00a0sous les toits de Paris\u00a0\u00bb qui la fascine tant.<\/p>\n<p>In\u00e8s de la Fressange : sa maison en Provence d\u00e9truite ?<\/p>\n<p>Son ancien appartement, aujourd\u2019hui c\u00e9l\u00e8bre sur le march\u00e9 de l\u2019immobilier de luxe, avait \u00e9t\u00e9 red\u00e9cor\u00e9 par le grand Jacques Grange et offrait une vue imprenable sur le Grand Palais et l\u2019\u00c9lys\u00e9e \u2014 preuve que la styliste sait autant choisir ses int\u00e9rieurs que ses collaborations. Mais In\u00e8s de la Fressange a pr\u00e9f\u00e9r\u00e9 la convivialit\u00e9 d\u2019un appartement plus modeste (&#8230;)<\/p>\n<p><a href=\"https:\/\/www.closermag.fr\/people\/ines-de-la-fressange-a-quoi-ressemble-son-appartement-decore-de-bric-et-de-broc-a-paris-3571979\" rel=\"nofollow noopener\" target=\"_blank\" data-ylk=\"slk:Lire la suite sur Closer;elm:context_link;itc:0;sec:content-canvas\" class=\"link \">Lire la suite sur Closer<\/a><\/p>\n<p><a href=\"https:\/\/www.closermag.fr\/people\/tatouages-et-bikini-coup-doeil-sur-les-vacances-de-reve-de-louane-3572002\" rel=\"nofollow noopener\" target=\"_blank\" data-ylk=\"slk:Tatouages et bikini : coup d\u2019\u0153il sur les vacances de r\u00eave de Louane;elm:context_link;itc:0;sec:content-canvas\" class=\"link \">Tatouages et bikini : coup d\u2019\u0153il sur les vacances de r\u00eave de Louane<\/a><br \/><a href=\"https:\/\/www.closermag.fr\/people\/heritage-dhugues-aufray-sa-femme-murielle-de-45-ans-sa-cadette-absente-de-ses-donations-3431481\" rel=\"nofollow noopener\" target=\"_blank\" data-ylk=\"slk:H\u00e9ritage d&#039;Hugues Aufray : sa femme Murielle de 45 ans sa cadette absente de ses donations;elm:context_link;itc:0;sec:content-canvas\" class=\"link \">H\u00e9ritage d&rsquo;Hugues Aufray : sa femme Murielle de 45 ans sa cadette absente de ses donations<\/a><br \/><a href=\"https:\/\/www.closermag.fr\/royautes\/harry-determine-a-se-rabibocher-avec-la-couronne-cette-lettre-secrete-passee-en-douce-a-charles-iii-3571981\" rel=\"nofollow noopener\" target=\"_blank\" data-ylk=\"slk:Harry d\u00e9termin\u00e9 \u00e0 se rabibocher avec la Couronne : cette lettre secr\u00e8te pass\u00e9e en douce \u00e0 Charles III;elm:context_link;itc:0;sec:content-canvas\" class=\"link \">Harry d\u00e9termin\u00e9 \u00e0 se rabibocher avec la Couronne : cette lettre secr\u00e8te pass\u00e9e en douce \u00e0 Charles III<\/a><br \/><a href=\"https:\/\/www.closermag.fr\/politique\/ce-netait-pas-donald-trump-glisse-une-phrase-surrealiste-en-pleine-photo-officielle-giorgia-meloni-et-emmanuel-macron-impassibles-3571987\" rel=\"nofollow noopener\" target=\"_blank\" data-ylk=\"slk:\u201cCe n\u2019\u00e9tait pas\u2026\u201d : Donald Trump glisse une phrase surr\u00e9aliste en pleine photo officielle, Giorgia Meloni et Emmanuel Macron impassibles;elm:context_link;itc:0;sec:content-canvas\" class=\"link \">\u201cCe n\u2019\u00e9tait pas\u2026\u201d : Donald Trump glisse une phrase surr\u00e9aliste en pleine photo officielle, Giorgia Meloni et Emmanuel Macron impassibles<\/a><br \/><a href=\"https:\/\/www.closermag.fr\/politique\/emmanuel-macron-a-washington-le-president-francais-se-fait-remarquer-demblee-et-ce-nest-pas-tres-serieux-3571972\" rel=\"nofollow noopener\" target=\"_blank\" data-ylk=\"slk:Emmanuel Macron \u00e0 Washington : le Pr\u00e9sident fran\u00e7ais se fait remarquer d\u2019embl\u00e9e et ce n\u2019est pas tr\u00e8s s\u00e9rieux;elm:context_link;itc:0;sec:content-canvas\" class=\"link \">Emmanuel Macron \u00e0 Washington : le Pr\u00e9sident fran\u00e7ais se fait remarquer d\u2019embl\u00e9e et ce n\u2019est pas tr\u00e8s s\u00e9rieux<\/a><\/p>\n","protected":false},"excerpt":{"rendered":"In\u00e8s de la Fressange, ic\u00f4ne du chic \u00e0 la fran\u00e7aise, n\u2019en finit pas de jouer les cam\u00e9l\u00e9ons c\u00f4t\u00e9&hellip;\n","protected":false},"author":2,"featured_media":328929,"comment_status":"","ping_status":"","sticky":false,"template":"","format":"standard","meta":{"footnotes":""},"categories":[1888],"tags":[1111,1928,11,1927,9071,46642,1777,674,1011,27,46639,46641,46640,12,1926,626,1925,25],"class_list":{"0":"post-328928","1":"post","2":"type-post","3":"status-publish","4":"format-standard","5":"has-post-thumbnail","7":"category-paris","8":"tag-actu","9":"tag-actu-paris","10":"tag-actualites","11":"tag-actualites-paris","12":"tag-appartement","13":"tag-cote-maison","14":"tag-eu","15":"tag-europe","16":"tag-fr","17":"tag-france","18":"tag-ines-de-la-fressange","19":"tag-maison-en-provence","20":"tag-marche-de-limmobilier","21":"tag-news","22":"tag-news-paris","23":"tag-paris","24":"tag-paris-news","25":"tag-republique-francaise"},"share_on_mastodon":{"url":"https:\/\/pubeurope.com\/@fr\/115054573204040611","error":""},"_links":{"self":[{"href":"https:\/\/www.europesays.com\/fr\/wp-json\/wp\/v2\/posts\/328928","targetHints":{"allow":["GET"]}}],"collection":[{"href":"https:\/\/www.europesays.com\/fr\/wp-json\/wp\/v2\/posts"}],"about":[{"href":"https:\/\/www.europesays.com\/fr\/wp-json\/wp\/v2\/types\/post"}],"author":[{"embeddable":true,"href":"https:\/\/www.europesays.com\/fr\/wp-json\/wp\/v2\/users\/2"}],"replies":[{"embeddable":true,"href":"https:\/\/www.europesays.com\/fr\/wp-json\/wp\/v2\/comments?post=328928"}],"version-history":[{"count":0,"href":"https:\/\/www.europesays.com\/fr\/wp-json\/wp\/v2\/posts\/328928\/revisions"}],"wp:featuredmedia":[{"embeddable":true,"href":"https:\/\/www.europesays.com\/fr\/wp-json\/wp\/v2\/media\/328929"}],"wp:attachment":[{"href":"https:\/\/www.europesays.com\/fr\/wp-json\/wp\/v2\/media?parent=328928"}],"wp:term":[{"taxonomy":"category","embeddable":true,"href":"https:\/\/www.europesays.com\/fr\/wp-json\/wp\/v2\/categories?post=328928"},{"taxonomy":"post_tag","embeddable":true,"href":"https:\/\/www.europesays.com\/fr\/wp-json\/wp\/v2\/tags?post=328928"}],"curies":[{"name":"wp","href":"https:\/\/api.w.org\/{rel}","templated":true}]}}