{"id":328932,"date":"2025-08-19T08:51:16","date_gmt":"2025-08-19T08:51:16","guid":{"rendered":"https:\/\/www.europesays.com\/fr\/328932\/"},"modified":"2025-08-19T08:51:16","modified_gmt":"2025-08-19T08:51:16","slug":"3000-enfants-doccitanie-passeront-la-journee-a-paris-ce-20-aout-2025-grace-au-secours-populaire","status":"publish","type":"post","link":"https:\/\/www.europesays.com\/fr\/328932\/","title":{"rendered":"3000 enfants d&rsquo;Occitanie passeront la journ\u00e9e \u00e0 Paris ce 20 Ao\u00fbt 2025 gr\u00e2ce au Secours Populaire"},"content":{"rendered":"<p><img decoding=\"async\" class=\"\" style=\"width:100%\" src=\"https:\/\/www.europesays.com\/fr\/wp-content\/uploads\/2025\/08\/Paris1755584185003.jpg\" alt=\"Paris\"\/><\/p>\n<p>Une journ\u00e9e m\u00e9morable pour de nombreux enfants de la r\u00e9gion demain \u00e0 Paris<\/p>\n<p>Cr\u00e9dit : La r\u00e9daction 100% Radio<\/p>\n<p>Pour que les vacances ne soient pas un luxe, mais un droit pour tous, le Secours Populaire Fran\u00e7ais organise avec la r\u00e9gion une journ\u00e9e \u00e0 Paris ce Mercredi (20 aout 2025).<\/p>\n<p>Ils seront 3000 enfants d\u2019Occitanie \u00e0 prendre part au voyage, direction la capitale. On rappelle que 40 % des Fran\u00e7ais ne partent pas en vacances, alors l\u2019id\u00e9e, c\u2019est de permettre au plus grand nombre de quitter, le temps d\u2019une journ\u00e9e, son environnement habituel. \u00ab\u00a0C&rsquo;est tr\u00e8s important pour nous de cr\u00e9er des souvenirs pour des enfants qui ne partent pas, qui restent dans leur quartier, dans leur campagne\u00a0\u00bb, explique Malika Tabti, directrice des relations publiques du Secours Populaire.<\/p>\n<p>Au programme de cette journ\u00e9e: la Tour Eiffel, Notre Dame, le Louvre ou bien encore le chateau de Versailles. Le matin, les enfants participeront \u00e0 des activit\u00e9s culturelles et sportives et en fin de journ\u00e9e, ils se rendront au Champ de Mars \u00ab\u00a0o\u00f9 des surprises les attendent\u00a0\u00bb. De grands sportifs qui ont gagn\u00e9 des m\u00e9dailles lors des JO de Paris 2024 seront pr\u00e9sents.<\/p>\n<p>Malika Tabti se r\u00e9jouit de cette journ\u00e9e parisienne, pour que les enfants reviennent des souvenirs plein la t\u00eate et qu&rsquo;ils aient des souvenirs de vacances \u00e0 raconter. Elle se souvient qu&rsquo; \u00ab\u00a0\u00e0 chaque rentr\u00e9e je devais raconter mes vacances et pour des enfants qui ne partent pas, c&rsquo;est terrible\u00a0\u00bb.<\/p>\n<p>Deux grands temps forts, dont un karaok\u00e9 g\u00e9ant, cl\u00f4tureront la journ\u00e9e.<\/p>\n<p>\u00a0<\/p>\n","protected":false},"excerpt":{"rendered":"Une journ\u00e9e m\u00e9morable pour de nombreux enfants de la r\u00e9gion demain \u00e0 Paris Cr\u00e9dit : La r\u00e9daction 100%&hellip;\n","protected":false},"author":2,"featured_media":328933,"comment_status":"","ping_status":"","sticky":false,"template":"","format":"standard","meta":{"footnotes":""},"categories":[1888],"tags":[11,1777,674,1011,27,3465,12,2680,626,25,20784,2528],"class_list":{"0":"post-328932","1":"post","2":"type-post","3":"status-publish","4":"format-standard","5":"has-post-thumbnail","7":"category-paris","8":"tag-actualites","9":"tag-eu","10":"tag-europe","11":"tag-fr","12":"tag-france","13":"tag-journee","14":"tag-news","15":"tag-occitanie","16":"tag-paris","17":"tag-republique-francaise","18":"tag-secours-populaire","19":"tag-vacances"},"share_on_mastodon":{"url":"https:\/\/pubeurope.com\/@fr\/115054581512224720","error":""},"_links":{"self":[{"href":"https:\/\/www.europesays.com\/fr\/wp-json\/wp\/v2\/posts\/328932","targetHints":{"allow":["GET"]}}],"collection":[{"href":"https:\/\/www.europesays.com\/fr\/wp-json\/wp\/v2\/posts"}],"about":[{"href":"https:\/\/www.europesays.com\/fr\/wp-json\/wp\/v2\/types\/post"}],"author":[{"embeddable":true,"href":"https:\/\/www.europesays.com\/fr\/wp-json\/wp\/v2\/users\/2"}],"replies":[{"embeddable":true,"href":"https:\/\/www.europesays.com\/fr\/wp-json\/wp\/v2\/comments?post=328932"}],"version-history":[{"count":0,"href":"https:\/\/www.europesays.com\/fr\/wp-json\/wp\/v2\/posts\/328932\/revisions"}],"wp:featuredmedia":[{"embeddable":true,"href":"https:\/\/www.europesays.com\/fr\/wp-json\/wp\/v2\/media\/328933"}],"wp:attachment":[{"href":"https:\/\/www.europesays.com\/fr\/wp-json\/wp\/v2\/media?parent=328932"}],"wp:term":[{"taxonomy":"category","embeddable":true,"href":"https:\/\/www.europesays.com\/fr\/wp-json\/wp\/v2\/categories?post=328932"},{"taxonomy":"post_tag","embeddable":true,"href":"https:\/\/www.europesays.com\/fr\/wp-json\/wp\/v2\/tags?post=328932"}],"curies":[{"name":"wp","href":"https:\/\/api.w.org\/{rel}","templated":true}]}}