{"id":328934,"date":"2025-08-19T08:52:12","date_gmt":"2025-08-19T08:52:12","guid":{"rendered":"https:\/\/www.europesays.com\/fr\/328934\/"},"modified":"2025-08-19T08:52:12","modified_gmt":"2025-08-19T08:52:12","slug":"une-rencontre-zelensky-poutine-promise-un-nouveau-bluff-de-la-russie","status":"publish","type":"post","link":"https:\/\/www.europesays.com\/fr\/328934\/","title":{"rendered":"une rencontre Zelensky-Poutine promise, un nouveau bluff de la Russie\u00a0?"},"content":{"rendered":"<p>\n                                    <a title=\"\" href=\"https:\/\/www.europesays.com\/fr\/wp-content\/uploads\/2025\/08\/79090795.jpg\" class=\"fancy\"><\/p>\n<p>                            <img loading=\"lazy\" decoding=\"async\" src=\"https:\/\/www.europesays.com\/fr\/wp-content\/uploads\/2025\/08\/79090795.jpg\" alt=\"Guerre en Ukraine\u00a0: une rencontre Zelensky-Poutine promise, un nouveau bluff de la Russie\u00a0?\" width=\"1500\" height=\"1000\"\/><\/p>\n<p>                    <\/a><br \/>\n                    Donald Trump a annonc\u00e9 lancer les pr\u00e9paratifs d&rsquo;une rencontre entre les pr\u00e9sidents russe et ukrainien lundi soir \u00e0 l&rsquo;issue de sa rencontre avec Volodymyr Zelensky. Le Kremlin n&rsquo;a toutefois pas confirm\u00e9 sa participation \u00e0 un tel rendez-vous et les Europ\u00e9ens se montrent sceptiques.\n            <\/p>\n<p><a name=\"post1755592242\"\/>10:30 &#8211; Des garanties de s\u00e9curit\u00e9 \u00ab\u00a0litt\u00e9ralement vitales\u00a0\u00bb pour l&rsquo;Ukraine<\/p>\n<p>Les garanties de s\u00e9curit\u00e9 de l&rsquo;Ukraine ont concentr\u00e9 une bonne partie des \u00e9changes hier soir \u00e0 la Maison Blanche et doit \u00eatre \u00ab\u00a0formalis\u00e9es\u00a0\u00bb sous dix jours par les Occidentaux, notamment sous la houlette de la France, du Royaume-Uni et en relation avec les Etats-Unis. Aupr\u00e8s de LCI, Emmanuel Macron a insist\u00e9 sur ces garanties n\u00e9cessaires pour l&rsquo;Ukraine : \u00ab\u00a0Il ne faut pas que cette paix soit pr\u00e9cipit\u00e9e, qu&rsquo;elle n&rsquo;ait pas des garanties profondes sinon on repart \u00e0 la case d\u00e9part. C&rsquo;est un peu ce qu&rsquo;on a v\u00e9cu \u00e0 Minsk\u00a0: la paix ne serait pas respect\u00e9e le jour d&rsquo;apr\u00e8s par la Russie qui r\u00e9attaquerait\u00a0\u00bb. Une analyse partag\u00e9e par\u00a0Thomas Friang, directeur ex\u00e9cutif de l&rsquo;Institut g\u00e9opolitique et business \u00e0 l&rsquo;ESSEC, qui parle de notion \u00ab\u00a0litt\u00e9ralement vitale dans toute forme d&rsquo;accord avec la Russie\u00a0\u00bb sur <a href=\"https:\/\/www.franceinfo.fr\/monde\/europe\/manifestations-en-ukraine\/guerre-en-ukraine-on-est-a-un-tournant-du-conflit-declare-le-geopolitologue-thomas-friang-apres-la-rencontre-entre-trump-zelensky-et-les-chefs-d-etat-europeens_7442935.html\" target=\"_blank\" rel=\"nofollow noopener\">Franceinfo<\/a>. \u00ab\u00a0Il ne peut pas y avoir d&rsquo;accord avec la Russie sans cet \u00e9l\u00e9ment-l\u00e0. Pour une raison \u00e9l\u00e9mentaire, c&rsquo;est que la Russie a trahi syst\u00e9matiquement tous les accords diplomatiques qu&rsquo;elle a pass\u00e9s avec l&rsquo;Europe et singuli\u00e8rement avec l&rsquo;Ukraine. On pense notamment aux accords de Minsk, mais \u00e7a remonte \u00e0 plus loin, les m\u00e9morandums de Budapest, tous les engagements qui ont \u00e9t\u00e9 pris au moment de l&rsquo;ind\u00e9pendance de l&rsquo;Ukraine en 1991\u00a0\u00bb, a-t-il expliqu\u00e9.<\/p>\n<p><a name=\"post1755591164\"\/>10:12 &#8211; De nouvelles r\u00e9unions d\u00e8s ce mardi sur les garanties de s\u00e9curit\u00e9 pour l&rsquo;Ukraine<\/p>\n<p>Au lendemain de la r\u00e9union \u00e0 la Maison Blanche, Emmanuel Macron et Keir Stramer pr\u00e9voient de r\u00e9unir \u00ab\u00a0les 30 pays qui travaillent sur les garanties de s\u00e9curit\u00e9\u00a0\u00bb devant \u00eatre donn\u00e9e \u00e0 l&rsquo;Ukraine\u00a0comme annonc\u00e9 par le pr\u00e9sident de la R\u00e9publique sur LCI. Le rendez-vous est pris pour ce mardi 19 ao\u00fbt \u00e0 midi, heure de Paris. , a expliqu\u00e9 dans la nuit am\u00e9ricaine, sur LCI, le pr\u00e9sident Emmanuel Macron. La conf\u00e9rence se tiendrait donc ce mardi \u00e0 midi. \u00ab\u00a0Dans la foul\u00e9e, on lance le travail concret avec les Am\u00e9ricains pour voir qui est pr\u00eat \u00e0 faire quoi, (avec) nos conseillers diplomatiques, ministres, chefs d&rsquo;Etat-major lancent le travail\u00a0\u00bb, pr\u00e9cisait hier soir Emmanuel Macron. Un rendez-vous qu&rsquo;a confirm\u00e9 le Premier ministre britannique sur la BBC.<\/p>\n<p><a name=\"post1755589487\"\/>09:44 &#8211; \u00ab\u00a0Vladimir Poutine veut un accord pour moi\u00a0\u00bb a gliss\u00e9 Donald Trump<\/p>\n<p>Si quelques dirigeants europ\u00e9ens ont des doutes concernant la participation de Vladimir Poutine \u00e0 une r\u00e9union bilat\u00e9rale avec Volodymyr Zelensky, Donald Trump semble convaincu que la rencontre aura lieu. Dans une s\u00e9quence film\u00e9e par CNN, le pr\u00e9sident am\u00e9ricain a m\u00eame confi\u00e9 \u00e0\u00a0Emmanuel Macron que \u00ab\u00a0Vladimir Poutine veut un accord pour (lui)\u00a0\u00bb sur la guerre en Ukraine. \u00ab\u00a0Je pense qu&rsquo;il veut conclure un accord pour moi, vous comprenez ? Aussi fou que cela puisse para\u00eetre\u00a0\u00bb, a lanc\u00e9\u00a0le milliardaire am\u00e9ricain discr\u00e8tement.<\/p>\n<p><a name=\"post1755588492\"\/>09:28 &#8211; La rencontre Zelensky-Poutine organis\u00e9e en Europe ?<\/p>\n<p>Si elle a lieu, la rencontre entre Volodymyr Zelensky et Vladimir Poutine devrait avoir lieu en Europe\u00a0a indiqu\u00e9 le pr\u00e9sident fran\u00e7ais Emmanuel Macron lors d&rsquo;une interview sur LCI.\u00a0\u00ab\u00a0Plus qu&rsquo;une hypoth\u00e8se, c&rsquo;est m\u00eame la volont\u00e9 collective\u00a0\u00bb, a-t-il\u00a0d\u00e9clar\u00e9. Quelques h\u00f4tes potentiels sont cit\u00e9s comme la Hongrie ou la Suisse, pr\u00e9f\u00e9rence du chef de l&rsquo;Etat fran\u00e7ais.\u00a0\u00ab\u00a0Ce sera un pays neutre, et donc peut-\u00eatre la Suisse, je plaide pour Gen\u00e8ve, ou un autre pays. La derni\u00e8re fois qu&rsquo;il y a eu des discussions bilat\u00e9rales, c&rsquo;\u00e9tait \u00e0 Istanbul\u00a0\u00bb, a-t-il rappel\u00e9.<\/p>\n<p><a name=\"post1755587372\"\/>09:09 &#8211; Pas de confirmation du Kremlin sur une rencontre entre Zelensky et Poutine<\/p>\n<p>Si Donald Trump et Vladimir Poutine ont \u00ab\u00a0convenu\u00a0\u00bb d&rsquo;une rencontre entre les dirigeants russe et ukrainiens durant un \u00e9change t\u00e9l\u00e9phonique selon les d\u00e9clarations du chancelier allemand, le Kremlin n&rsquo;a pas fait de commentaire, ni confirm\u00e9 l&rsquo;organisation d&rsquo;une rencontre avec Volodymyr Zelensky. Seul le conseiller diplomatique du pr\u00e9sident russe Iouri Ouchakov s&rsquo;est exprim\u00e9 aupr\u00e8s de l&rsquo;agence Tass pour indiquer que \u00ab\u00a0Vladimir Poutine et Donald Trump ont exprim\u00e9 leur soutien \u00e0 la poursuite de n\u00e9gociations directes entre les d\u00e9l\u00e9gations de Russie et d&rsquo;Ukraine\u00a0\u00bb. Selon lui, \u00ab\u00a0l&rsquo;id\u00e9e a \u00e9t\u00e9 discut\u00e9e qu&rsquo;il serait n\u00e9cessaire d&rsquo;\u00e9tudier la possibilit\u00e9 de porter \u00e0 un plus haut niveau la repr\u00e9sentation de l&rsquo;Ukraine et de la Russie\u00a0\u00bb alors que jusqu&rsquo;\u00e0 pr\u00e9sent les d\u00e9l\u00e9gations russes ont toujours \u00e9t\u00e9, au mieux, compos\u00e9es de ministres russes et non du chef de l&rsquo;Etat.<\/p>\n<p><a name=\"post1755586525\"\/>08:55 &#8211; Trump veut la paix, mais Poutine chercher la \u00ab\u00a0capitulation de l&rsquo;Ukraine\u00a0\u00bb selon Macron<\/p>\n<p>\u00ab\u00a0Donald Trump veut le paix\u00a0\u00bb a assur\u00e9 Emmanuel Macron hier soir lors d&rsquo;une interview \u00e0 LCI apr\u00e8s la r\u00e9union \u00e0 Washington. Le pr\u00e9sident de la R\u00e9publique ne pr\u00eate cependant pas les m\u00eames ambitions \u00e0 Vladimir Poutine. \u00ab\u00a0Est-ce que je pense que le pr\u00e9sident Poutine veut la paix ? Si vous voulez mon intime conviction, non. Il veut la capitulation de l\u2019Ukraine, c\u2019est \u00e7a qu\u2019il a propos\u00e9\u00a0\u00bb d\u00e9clarait-il \u00e0 la presse dimanche, \u00e0 la veille de la r\u00e9union \u00e0 Washington.<\/p>\n<p><a name=\"post1755585750\"\/>08:42 &#8211; Des dirigeants Europ\u00e9ens sceptiques sur la tenue d&rsquo;une r\u00e9union entre Zelensky et Poutine<\/p>\n<p>Si Donald Trump se montre confiant sur l&rsquo;organisation d&rsquo;une rencontre entre Vladimir Poutine et Volodymyr Zelensky, des dirigeants europ\u00e9ens font preuve de scepticisme. C&rsquo;est le cas du pr\u00e9sident finlandais Alexander Stubb qui estime que\u00a0son homologue russe n&rsquo;est\u00a0\u00ab\u00a0pas digne de confiance\u00a0\u00bb.\u00a0\u00ab\u00a0Il reste donc \u00e0 voir s&rsquo;il a le courage de venir \u00e0 ce type de r\u00e9union. A-t-il le courage de venir \u00e0 une r\u00e9union trilat\u00e9rale, ou essaie-t-il encore une fois de gagner du temps\u00a0?\u00a0\u00bb, s&rsquo;est interrog\u00e9 le chef d&rsquo;Etat devant la presse \u00e0 l&rsquo;issue de la r\u00e9union \u00e0 la Maison Blanche.<\/p>\n<p><a name=\"post1755585002\"\/>08:30 &#8211; Une rencontre entre Zelensky et Poutine organis\u00e9e \u00ab\u00a0d&rsquo;ici deux semaines\u00a0\u00bb ? <\/p>\n<p>Les r\u00e9unions entre les pr\u00e9sidents ukrainien et am\u00e9ricain puis entre les deux hommes et plusieurs dirigeants europ\u00e9ens ont conduit \u00e0 des annonces sur une future rencontre entre Volodymyr Zelensky et Vladimir Poutine. Le premier s&rsquo;est dit \u00ab\u00a0pr\u00eat\u00a0\u00bb \u00e0 une rencontre bilat\u00e9rale avec le pr\u00e9sident russe suivie d&rsquo;une \u00ab\u00a0rencontre trilat\u00e9rale\u00a0\u00bb\u00a0avec la participation de Donald Trump. Le pr\u00e9sident ukrainien a plusieurs fois propos\u00e9 un face-\u00e0-face \u00e0 son homologue russe depuis le d\u00e9but de la guerre, des invitations toujours refus\u00e9es par Vladimir Poutine. Mais cette fois, selon le chancelier allemand Friedrich Merz, le ma\u00eetre du Kremlin aurait convenu d&rsquo;une telle rencontre lors d&rsquo;un entretien t\u00e9l\u00e9phonique avec Donald Trump lundi soir. Le rendez-vous \u00ab\u00a0aurait lieu d&rsquo;ici les deux prochaines semaines\u00a0\u00bb, a-t-il ajout\u00e9 depuis la Maison Blanche.<\/p>\n<p><a name=\"post1755553950\"\/>18\/08\/25\u00a0&#8211; 23:52 &#8211; FIN DU DIRECT &#8211; Donald Trump a appel\u00e9 Vladimir Poutine<\/p>\n<p>L\u2019information a \u00e9t\u00e9 diffus\u00e9e par le quotidien <a href=\"https:\/\/www.bild.de\/politik\/ausland\/politik-ausland\/ukraine-krieg-die-aktuelle-lage-im-live-ticker-83726300.bild.html\" target=\"_blank\" rel=\"nofollow noopener\">Bild<\/a> : le pr\u00e9sident am\u00e9ricain a interrompu ses n\u00e9gociations avec ses homologues europ\u00e9ens pour passer un appel t\u00e9l\u00e9phonique \u00e0 Vladimir Poutine. Le pr\u00e9sident am\u00e9ricain a \u00e9voqu\u00e9 plus t\u00f4t dans la journ\u00e9e un coup de fil avec le pr\u00e9sident russe. Il expliquait toutefois que celui-ci \u00e9tait pr\u00e9vu \u00e0 l&rsquo;issue des \u00e9changes avec les dirigeants de l&rsquo;UE. Une reprise des n\u00e9gociations est pr\u00e9vue ensuite.<\/p>\n<p><a name=\"post1755552106\"\/>18\/08\/25\u00a0&#8211; 23:21 &#8211; Pour la Russie, le d\u00e9ploiement de troupes de l&rsquo;OTAN en Ukraine n\u2019est pas une solution viable<\/p>\n<p>La Russie a fait savoir qu&rsquo;elle ne consid\u00e8re pas le d\u00e9ploiement de troupes de l&rsquo;OTAN sur le territoire ukrainien comme une solution viable au conflit. Le minist\u00e8re russe des Affaires \u00e9trang\u00e8res a ainsi jug\u00e9 provocatrices les r\u00e9centes d\u00e9clarations du Royaume-Uni \u00e0 ce sujet. \u00ab\u00a0\u00c0 un moment o\u00f9 des efforts sinc\u00e8res sont d\u00e9ploy\u00e9s pour trouver une solution globale, \u00e9quitable et durable au conflit autour de l&rsquo;Ukraine, y compris en s&rsquo;attaquant \u00e0 ses causes profondes, Londres continue de faire des d\u00e9clarations qui non seulement contredisent les efforts de Moscou et de Washington, mais semblent \u00e9galement viser \u00e0 les saper\u00a0\u00bb, a d\u00e9clar\u00e9 le minist\u00e8re, cit\u00e9 par l&rsquo;agence Reuters et dont <a href=\"https:\/\/www.tf1info.fr\/international\/en-direct-guerre-ukraine-russie-reunion-washington-macron-merz-starmer-trump-dernieres-informations-aujourd-hui-lundi-18-aout-2389239.html\" target=\"_blank\" rel=\"nofollow noopener\">TF1 info<\/a> se fait l\u2019\u00e9cho.<\/p>\n<p><a name=\"post1755549632\"\/>18\/08\/25\u00a0&#8211; 22:40 &#8211; Accepter le re-d\u00e9coupage, ce serait \u00ab\u00a0renoncer aux vies que nous avons perdues\u00a0\u00bb, lance une d\u00e9put\u00e9e ukrainienne<\/p>\n<p>En ce qui concerne le d\u00e9coupage territorial voulu par la Russie, la d\u00e9put\u00e9e ukrainienne Kira Rudik a lanc\u00e9 sur la cha\u00eene d\u2019information continue CNN que l&rsquo;Ukraine ne soutient pas le red\u00e9coupage de ses fronti\u00e8res, car cela reviendrait \u00e0 \u00ab\u00a0renoncer aux vies que nous avons perdues pour elles\u00a0\u00bb. Elle l\u2019explique d\u2019abord parce que \u00ab\u00a0cela va \u00e0 l\u2019encontre de la Constitution ukrainienne\u00a0\u00bb et aussi \u00ab\u00a0parce que c&rsquo;est une question tr\u00e8s sensible pour nous [&#8230;] chaque centim\u00e8tre carr\u00e9 du territoire ukrainien que nous conservons actuellement, nous avons pay\u00e9 le prix ultime. Y renoncer signifierait que l&rsquo;Ukraine renonce aux vies que nous avons perdues et au prix que nous avons pay\u00e9\u00a0\u00bb, a-t-elle ajout\u00e9.<\/p>\n","protected":false},"excerpt":{"rendered":"Donald Trump a annonc\u00e9 lancer les pr\u00e9paratifs d&rsquo;une rencontre entre les pr\u00e9sidents russe et ukrainien lundi soir \u00e0&hellip;\n","protected":false},"author":2,"featured_media":328935,"comment_status":"","ping_status":"","sticky":false,"template":"","format":"standard","meta":{"footnotes":""},"categories":[1591],"tags":[11,1887,12,1885,1886,132],"class_list":{"0":"post-328934","1":"post","2":"type-post","3":"status-publish","4":"format-standard","5":"has-post-thumbnail","7":"category-russie","8":"tag-actualites","9":"tag-federation-de-russie","10":"tag-news","11":"tag-russia","12":"tag-russian-federation","13":"tag-russie"},"share_on_mastodon":{"url":"https:\/\/pubeurope.com\/@fr\/115054585036350146","error":""},"_links":{"self":[{"href":"https:\/\/www.europesays.com\/fr\/wp-json\/wp\/v2\/posts\/328934","targetHints":{"allow":["GET"]}}],"collection":[{"href":"https:\/\/www.europesays.com\/fr\/wp-json\/wp\/v2\/posts"}],"about":[{"href":"https:\/\/www.europesays.com\/fr\/wp-json\/wp\/v2\/types\/post"}],"author":[{"embeddable":true,"href":"https:\/\/www.europesays.com\/fr\/wp-json\/wp\/v2\/users\/2"}],"replies":[{"embeddable":true,"href":"https:\/\/www.europesays.com\/fr\/wp-json\/wp\/v2\/comments?post=328934"}],"version-history":[{"count":0,"href":"https:\/\/www.europesays.com\/fr\/wp-json\/wp\/v2\/posts\/328934\/revisions"}],"wp:featuredmedia":[{"embeddable":true,"href":"https:\/\/www.europesays.com\/fr\/wp-json\/wp\/v2\/media\/328935"}],"wp:attachment":[{"href":"https:\/\/www.europesays.com\/fr\/wp-json\/wp\/v2\/media?parent=328934"}],"wp:term":[{"taxonomy":"category","embeddable":true,"href":"https:\/\/www.europesays.com\/fr\/wp-json\/wp\/v2\/categories?post=328934"},{"taxonomy":"post_tag","embeddable":true,"href":"https:\/\/www.europesays.com\/fr\/wp-json\/wp\/v2\/tags?post=328934"}],"curies":[{"name":"wp","href":"https:\/\/api.w.org\/{rel}","templated":true}]}}