{"id":328938,"date":"2025-08-19T08:54:28","date_gmt":"2025-08-19T08:54:28","guid":{"rendered":"https:\/\/www.europesays.com\/fr\/328938\/"},"modified":"2025-08-19T08:54:28","modified_gmt":"2025-08-19T08:54:28","slug":"lindt-va-t-il-produire-ses-celebres-lapins-or-aux-etats-unis","status":"publish","type":"post","link":"https:\/\/www.europesays.com\/fr\/328938\/","title":{"rendered":"Lindt va-t-il produire ses c\u00e9l\u00e8bres Lapins Or aux Etats-Unis ?"},"content":{"rendered":"<p>Les c\u00e9l\u00e8bres petits lapins dor\u00e9s estampill\u00e9s <a href=\"https:\/\/www.capital.fr\/entreprises-marches\/manque-d-excellence-laffaire-qui-pourrait-couter-des-millions-a-lindt-1505585\" rel=\"nofollow noopener\" target=\"_blank\">Lindt<\/a> vont-ils traverser l\u2019Atlantique ? Selon l\u2019agence <a href=\"https:\/\/www.bloomberg.com\/news\/articles\/2025-08-15\/lindt-chocolate-bunnies-may-be-made-in-us-because-of-trump-tariffs\" rel=\"nofollow noopener\" target=\"_blank\">Bloomberg<\/a>, le chocolatier suisse pourrait transf\u00e9rer la fabrication de ses embl\u00e9matiques figurines en chocolat aux Etats-Unis, alors qu\u2019ils sont actuellement produits en Allemagne. Ce choix strat\u00e9gique permettrait \u00e0 l\u2019entreprise de contourner les <a href=\"https:\/\/www.capital.fr\/entreprises-marches\/droits-de-douane-la-chine-maintient-la-pression-sur-les-produits-laitiers-europeens-1517287\" rel=\"nofollow noopener\" target=\"_blank\">droits de douane<\/a> de <strong>15% <\/strong>appliqu\u00e9s aux produits europ\u00e9ens sur le sol am\u00e9ricain.<\/p>\n<p>Dans un contexte de <strong>flamb\u00e9e des prix du cacao<\/strong>, cette relocalisation outre-Atlantique pourrait aider Lindt \u00e0 limiter la hausse de ses tarifs et ainsi pr\u00e9server sa comp\u00e9titivit\u00e9 sur un march\u00e9 crucial. Les Etats-Unis repr\u00e9sentent en effet le premier d\u00e9bouch\u00e9 du groupe, avec 2 milliards de francs suisses (environ 2,12 milliards d\u2019euros) de ventes r\u00e9alis\u00e9es dans le pays en 2024. L\u2019entreprise y devance ses autres march\u00e9s majeurs que sont l\u2019Allemagne et la Suisse. \u00c0 l\u2019\u00e9chelle mondiale, Lindt a enregistr\u00e9 un chiffre d\u2019affaires de 5,47 milliards de francs suisses sur l\u2019ann\u00e9e, soit une progression de 5% par rapport \u00e0 2023.<\/p>\n<p>Investissement massif outre-Atlantique<\/p>\n<p>Pour s\u00e9curiser cette position, le groupe envisagerait d\u2019investir <strong>10 millions de dollars <\/strong>dans ses installations am\u00e9ricaines. L\u2019agrandissement en cours de son usine situ\u00e9e dans le New Hampshire pourrait accueillir, \u00e0 terme, la production des lapins dor\u00e9s.<\/p>\n<p>Pour rappel, le 5 ao\u00fbt dernier, la Commission europ\u00e9enne a annonc\u00e9 la <a href=\"https:\/\/www.capital.fr\/economie-politique\/droits-de-douane-lue-suspend-ses-represailles-apres-l-accord-commercial-conclu-avec-trump-1516936\" rel=\"nofollow noopener\" target=\"_blank\">suspension de ses contre-mesures<\/a> face aux droits de douane impos\u00e9s par Donald Trump, \u00e0 la suite d\u2019un accord commercial conclu fin juillet avec Washington. Celui-ci pr\u00e9voit des taxes de 15% sur certains produits europ\u00e9ens export\u00e9s vers les Etats-Unis. L\u2019UE avait pr\u00e9par\u00e9 en amont une liste de repr\u00e9sailles portant sur 93\u202fmilliards d\u2019euros de marchandises am\u00e9ricaines, incluant soja, voitures et avions.<\/p>\n","protected":false},"excerpt":{"rendered":"Les c\u00e9l\u00e8bres petits lapins dor\u00e9s estampill\u00e9s Lindt vont-ils traverser l\u2019Atlantique ? Selon l\u2019agence Bloomberg, le chocolatier suisse pourrait&hellip;\n","protected":false},"author":2,"featured_media":328939,"comment_status":"","ping_status":"","sticky":false,"template":"","format":"standard","meta":{"footnotes":""},"categories":[1589],"tags":[11,73,1866,12,1864,1865,1863,308],"class_list":{"0":"post-328938","1":"post","2":"type-post","3":"status-publish","4":"format-standard","5":"has-post-thumbnail","7":"category-etats-unis","8":"tag-actualites","9":"tag-etats-unis","10":"tag-etats-unis-damerique","11":"tag-news","12":"tag-united-states","13":"tag-united-states-of-america","14":"tag-us","15":"tag-usa"},"share_on_mastodon":{"url":"https:\/\/pubeurope.com\/@fr\/115054592873845693","error":""},"_links":{"self":[{"href":"https:\/\/www.europesays.com\/fr\/wp-json\/wp\/v2\/posts\/328938","targetHints":{"allow":["GET"]}}],"collection":[{"href":"https:\/\/www.europesays.com\/fr\/wp-json\/wp\/v2\/posts"}],"about":[{"href":"https:\/\/www.europesays.com\/fr\/wp-json\/wp\/v2\/types\/post"}],"author":[{"embeddable":true,"href":"https:\/\/www.europesays.com\/fr\/wp-json\/wp\/v2\/users\/2"}],"replies":[{"embeddable":true,"href":"https:\/\/www.europesays.com\/fr\/wp-json\/wp\/v2\/comments?post=328938"}],"version-history":[{"count":0,"href":"https:\/\/www.europesays.com\/fr\/wp-json\/wp\/v2\/posts\/328938\/revisions"}],"wp:featuredmedia":[{"embeddable":true,"href":"https:\/\/www.europesays.com\/fr\/wp-json\/wp\/v2\/media\/328939"}],"wp:attachment":[{"href":"https:\/\/www.europesays.com\/fr\/wp-json\/wp\/v2\/media?parent=328938"}],"wp:term":[{"taxonomy":"category","embeddable":true,"href":"https:\/\/www.europesays.com\/fr\/wp-json\/wp\/v2\/categories?post=328938"},{"taxonomy":"post_tag","embeddable":true,"href":"https:\/\/www.europesays.com\/fr\/wp-json\/wp\/v2\/tags?post=328938"}],"curies":[{"name":"wp","href":"https:\/\/api.w.org\/{rel}","templated":true}]}}