{"id":328942,"date":"2025-08-19T08:56:21","date_gmt":"2025-08-19T08:56:21","guid":{"rendered":"https:\/\/www.europesays.com\/fr\/328942\/"},"modified":"2025-08-19T08:56:21","modified_gmt":"2025-08-19T08:56:21","slug":"le-salaire-minimum-allemand-passe-devant-le-luxembourgeois","status":"publish","type":"post","link":"https:\/\/www.europesays.com\/fr\/328942\/","title":{"rendered":"Le salaire minimum allemand passe devant le luxembourgeois"},"content":{"rendered":"<p class=\"article-content__p\">Dans une r\u00e9ponse parlementaire \u00e0 la question du d\u00e9put\u00e9 , le ministre du Travail,  et le ministre de l\u2019\u00c9conomie, , indiquent qu\u2019au d\u00e9but de 2025, le salaire social minimum (SSM) luxembourgeois atteignait 2.638\u20ac brut par mois. Ce montant, le plus \u00e9lev\u00e9 parmi les pays voisins, devance les Pays-Bas (2.193\u20ac, soit 83% du niveau luxembourgeois), l\u2019Allemagne (2.161\u20ac, 82%), la Belgique (2.070\u20ac, 78%) et la France (1.802\u20ac, 68%).<\/p>\n<p class=\"article-content__p\">Mais ce classement change lorsqu\u2019on raisonne en standards de pouvoir d\u2019achat (SPA), qui corrigent les \u00e9carts de prix entre pays. Dans cette comparaison, l\u2019Allemagne arrive l\u00e9g\u00e8rement en t\u00eate avec 1.992\u20ac SPA, contre 1.969\u20ac SPA pour le Luxembourg. Les Pays-Bas (1.875\u20ac SPA) et la Belgique (1.764\u20ac SPA) suivent, tandis que la France reste derni\u00e8re (1.606\u20ac SPA).<\/p>\n<p class=\"article-content__p\">Ce r\u00e9sultat traduit le co\u00fbt de la vie plus \u00e9lev\u00e9 au Grand-Duch\u00e9, qui r\u00e9duit le pouvoir d\u2019achat r\u00e9el des salari\u00e9s au minimum l\u00e9gal.<\/p>\n<p class=\"article-content__p\">Le gouvernement rappelle que le SSM luxembourgeois a \u00e9t\u00e9  \u00e0 2.703,74\u20ac, soit 15,63\u20ac de l\u2019heure, apr\u00e8s l\u2019indexation. En Allemagne, les partenaires de coalition se sont mis d\u2019accord pour relever progressivement le SSM \u00e0 15\u20ac de l\u2019heure, contre 12,82\u20ac actuellement, et 13,90\u20ac pr\u00e9vus d\u00e8s janvier\u00a02026.<\/p>\n","protected":false},"excerpt":{"rendered":"Dans une r\u00e9ponse parlementaire \u00e0 la question du d\u00e9put\u00e9 , le ministre du Travail, et le ministre de&hellip;\n","protected":false},"author":2,"featured_media":328943,"comment_status":"","ping_status":"","sticky":false,"template":"","format":"standard","meta":{"footnotes":""},"categories":[1587],"tags":[11,672,1804,1805,1803,1777,674,1801,12,1802],"class_list":{"0":"post-328942","1":"post","2":"type-post","3":"status-publish","4":"format-standard","5":"has-post-thumbnail","7":"category-allemagne","8":"tag-actualites","9":"tag-allemagne","10":"tag-bundesrepublik-deutschland","11":"tag-de","12":"tag-deutschland","13":"tag-eu","14":"tag-europe","15":"tag-germany","16":"tag-news","17":"tag-republique-federale-dallemagne"},"share_on_mastodon":{"url":"https:\/\/pubeurope.com\/@fr\/115054600755305618","error":""},"_links":{"self":[{"href":"https:\/\/www.europesays.com\/fr\/wp-json\/wp\/v2\/posts\/328942","targetHints":{"allow":["GET"]}}],"collection":[{"href":"https:\/\/www.europesays.com\/fr\/wp-json\/wp\/v2\/posts"}],"about":[{"href":"https:\/\/www.europesays.com\/fr\/wp-json\/wp\/v2\/types\/post"}],"author":[{"embeddable":true,"href":"https:\/\/www.europesays.com\/fr\/wp-json\/wp\/v2\/users\/2"}],"replies":[{"embeddable":true,"href":"https:\/\/www.europesays.com\/fr\/wp-json\/wp\/v2\/comments?post=328942"}],"version-history":[{"count":0,"href":"https:\/\/www.europesays.com\/fr\/wp-json\/wp\/v2\/posts\/328942\/revisions"}],"wp:featuredmedia":[{"embeddable":true,"href":"https:\/\/www.europesays.com\/fr\/wp-json\/wp\/v2\/media\/328943"}],"wp:attachment":[{"href":"https:\/\/www.europesays.com\/fr\/wp-json\/wp\/v2\/media?parent=328942"}],"wp:term":[{"taxonomy":"category","embeddable":true,"href":"https:\/\/www.europesays.com\/fr\/wp-json\/wp\/v2\/categories?post=328942"},{"taxonomy":"post_tag","embeddable":true,"href":"https:\/\/www.europesays.com\/fr\/wp-json\/wp\/v2\/tags?post=328942"}],"curies":[{"name":"wp","href":"https:\/\/api.w.org\/{rel}","templated":true}]}}