{"id":328946,"date":"2025-08-19T08:58:11","date_gmt":"2025-08-19T08:58:11","guid":{"rendered":"https:\/\/www.europesays.com\/fr\/328946\/"},"modified":"2025-08-19T08:58:11","modified_gmt":"2025-08-19T08:58:11","slug":"chine-prolonge-enquete-sur-subventions-laitieres-de-lue-jusquen-2026-business-am","status":"publish","type":"post","link":"https:\/\/www.europesays.com\/fr\/328946\/","title":{"rendered":"Chine prolonge enqu\u00eate sur subventions laiti\u00e8res de l\u2019UE jusqu\u2019en 2026 &#8211; Business AM"},"content":{"rendered":"<p>                    <img decoding=\"async\" style=\"aspect-ratio:16\/9\" src=\"https:\/\/www.europesays.com\/fr\/wp-content\/uploads\/2025\/08\/Xi-Jinping-China-Ursula-Von-der-Leyen-Europa-1.jpg\" width=\"100%\" loading=\"eager\"\/><\/p>\n<p>                            <a href=\"https:\/\/fr.businessam.be\/author\/redactie\/\" class=\"author-thumbnail\" style=\"border: 2px inset #00000099;\" rel=\"nofollow noopener\" target=\"_blank\"><img loading=\"lazy\" decoding=\"async\" src=\"https:\/\/www.europesays.com\/fr\/wp-content\/uploads\/2025\/08\/1755593891_301_cropped-favicon-192x192.png\" width=\"80\" height=\"80\" alt=\"Business AM\"\/><\/a>\ue05bpar <a href=\"https:\/\/fr.businessam.be\/author\/redactie\/\" rel=\"nofollow noopener\" target=\"_blank\">Business AM<\/a><br \/>\ue010publi\u00e9 le mardi 19 ao\u00fbt 2025 \u00e0 10:03 \u2022 <br \/>\ue00c3 min de lecture<\/p>\n<p>Principaux renseignements<\/p>\n<ul class=\"wp-block-list\">\n<li><strong>La Chine a \u00e9tendu son enqu\u00eate sur les subventions pr\u00e9sum\u00e9es accord\u00e9es aux produits laitiers de l\u2019UE, signalant ainsi la persistance des tensions commerciales.<\/strong><\/li>\n<li><strong>Cette mesure servira probablement de monnaie d\u2019\u00e9change dans les n\u00e9gociations avec l\u2019UE concernant les <a href=\"https:\/\/fr.businessam.be\/trump-nimpose-pas-de-sanctions-a-la-chine-pour-ses-achats-de-petrole-russe\/\" rel=\"nofollow noopener\" target=\"_blank\">droits de douane<\/a> sur les v\u00e9hicules \u00e9lectriques chinois.<\/strong><\/li>\n<li><strong>La Chine cherche \u00e0 conclure des accords commerciaux durables avec les \u00c9tats-Unis et l\u2019UE afin de pr\u00e9server son \u00e9conomie ax\u00e9e sur les exportations.<\/strong><\/li>\n<\/ul>\n<p>La Chine a prolong\u00e9 son enqu\u00eate sur les subventions pr\u00e9sum\u00e9es accord\u00e9es aux produits laitiers de l\u2019Union europ\u00e9enne, repoussant la date limite au 21 f\u00e9vrier 2026.  Cette d\u00e9cision est le signe d\u2019une tension persistante dans les relations commerciales entre la Chine, l\u2019UE et les \u00c9tats-Unis.<\/p>\n<p>Les diff\u00e9rends commerciaux s\u2019intensifient<\/p>\n<p>La prolongation, annonc\u00e9e par le minist\u00e8re du commerce, a \u00e9t\u00e9 attribu\u00e9e \u00e0 la complexit\u00e9 de l\u2019affaire. Cette enqu\u00eate fait suite \u00e0 des enqu\u00eates similaires sur le porc et le brandy europ\u00e9ens, mettant en \u00e9vidence un mod\u00e8le plus large de diff\u00e9rends commerciaux.  Alors que des droits ont \u00e9t\u00e9 impos\u00e9s aux producteurs de brandy de l\u2019UE, les principaux fabricants de cognac ont \u00e9t\u00e9 exempt\u00e9s s\u2019ils respectaient des exigences minimales en mati\u00e8re de prix.<\/p>\n<p>Les analystes sugg\u00e8rent que la Chine cherche \u00e0 conclure des accords commerciaux durables avec les \u00c9tats-Unis et l\u2019Union europ\u00e9enne afin de prot\u00e9ger son \u00e9conomie ax\u00e9e sur les exportations, qui est confront\u00e9e \u00e0 des d\u00e9fis li\u00e9s \u00e0 l\u2019affaiblissement de la demande int\u00e9rieure. Ces tensions se sont aggrav\u00e9es en 2023 lorsque la Commission europ\u00e9enne a ouvert une enqu\u00eate anti-subventions sur les v\u00e9hicules \u00e9lectriques chinois, accusant P\u00e9kin d\u2019inonder injustement le march\u00e9 avec des exportations subventionn\u00e9es.<\/p>\n<p>N\u00e9gociations en cours<\/p>\n<p>Les efforts pour r\u00e9soudre ce diff\u00e9rend se poursuivent, les discussions portant sur la fixation de prix minimums pour les VE chinois plut\u00f4t que sur l\u2019imposition de droits de douane.  Malgr\u00e9 ces pourparlers, un accord final reste difficile \u00e0 trouver.<\/p>\n<p>Les experts consid\u00e8rent l\u2019enqu\u00eate sur les produits laitiers comme une monnaie d\u2019\u00e9change strat\u00e9gique dans les n\u00e9gociations avec l\u2019UE concernant les droits de douane sur les v\u00e9hicules \u00e9lectriques chinois. Cette perspective est \u00e9tay\u00e9e par l\u2019extension parall\u00e8le de l\u2019enqu\u00eate sur la viande de porc europ\u00e9enne, qui souligne la volont\u00e9 de la Chine de tirer parti des diff\u00e9rends commerciaux pour obtenir des concessions plus larges.  <\/p>\n<p><a href=\"https:\/\/portalfr.businessam.be\/plans\/business-am-fr-offre-dete\/\" rel=\"nofollow noopener\" target=\"_blank\">Si vous souhaitez acc\u00e9der \u00e0 tous les articles, abonnez-vous ici!<\/a><\/p>\n","protected":false},"excerpt":{"rendered":"\ue05bpar Business AM\ue010publi\u00e9 le mardi 19 ao\u00fbt 2025 \u00e0 10:03 \u2022 \ue00c3 min de lecture Principaux renseignements La&hellip;\n","protected":false},"author":2,"featured_media":328947,"comment_status":"","ping_status":"","sticky":false,"template":"","format":"standard","meta":{"footnotes":""},"categories":[1586],"tags":[11,309,1777,674,1779,1011,27,12,25,1778,364],"class_list":{"0":"post-328946","1":"post","2":"type-post","3":"status-publish","4":"format-standard","5":"has-post-thumbnail","7":"category-europe","8":"tag-actualites","9":"tag-chine","10":"tag-eu","11":"tag-europe","12":"tag-european-union","13":"tag-fr","14":"tag-france","15":"tag-news","16":"tag-republique-francaise","17":"tag-ue","18":"tag-union-europeenne"},"share_on_mastodon":{"url":"https:\/\/pubeurope.com\/@fr\/115054608726945184","error":""},"_links":{"self":[{"href":"https:\/\/www.europesays.com\/fr\/wp-json\/wp\/v2\/posts\/328946","targetHints":{"allow":["GET"]}}],"collection":[{"href":"https:\/\/www.europesays.com\/fr\/wp-json\/wp\/v2\/posts"}],"about":[{"href":"https:\/\/www.europesays.com\/fr\/wp-json\/wp\/v2\/types\/post"}],"author":[{"embeddable":true,"href":"https:\/\/www.europesays.com\/fr\/wp-json\/wp\/v2\/users\/2"}],"replies":[{"embeddable":true,"href":"https:\/\/www.europesays.com\/fr\/wp-json\/wp\/v2\/comments?post=328946"}],"version-history":[{"count":0,"href":"https:\/\/www.europesays.com\/fr\/wp-json\/wp\/v2\/posts\/328946\/revisions"}],"wp:featuredmedia":[{"embeddable":true,"href":"https:\/\/www.europesays.com\/fr\/wp-json\/wp\/v2\/media\/328947"}],"wp:attachment":[{"href":"https:\/\/www.europesays.com\/fr\/wp-json\/wp\/v2\/media?parent=328946"}],"wp:term":[{"taxonomy":"category","embeddable":true,"href":"https:\/\/www.europesays.com\/fr\/wp-json\/wp\/v2\/categories?post=328946"},{"taxonomy":"post_tag","embeddable":true,"href":"https:\/\/www.europesays.com\/fr\/wp-json\/wp\/v2\/tags?post=328946"}],"curies":[{"name":"wp","href":"https:\/\/api.w.org\/{rel}","templated":true}]}}