{"id":328950,"date":"2025-08-19T09:00:16","date_gmt":"2025-08-19T09:00:16","guid":{"rendered":"https:\/\/www.europesays.com\/fr\/328950\/"},"modified":"2025-08-19T09:00:16","modified_gmt":"2025-08-19T09:00:16","slug":"pascal-de-lamour-est-dans-le-pre-est-tombe-amoureux-sur-le-tournage-de-lemission-bilan","status":"publish","type":"post","link":"https:\/\/www.europesays.com\/fr\/328950\/","title":{"rendered":"Pascal de \u00ab\u00a0L\u2019amour est dans le pr\u00e9\u00a0\u00bb est tomb\u00e9 amoureux sur le tournage de l\u2019\u00e9mission bilan"},"content":{"rendered":"<p>        <img decoding=\"async\" loading=\"lazy\" src=\"https:\/\/www.europesays.com\/fr\/wp-content\/uploads\/2025\/08\/5bc878e_upload-1-vm9fs2win9fr-m6-0068601-0178-1.jpg\"  width=\"728\" height=\"409\" alt=\"Pascal de \u00ab\u00a0L\u2019amour est dans le pr\u00e9\u00a0\u00bb (\u00e0 droite) a annonc\u00e9 \u00e0 Karine Le Marchand qu\u2019il avait trouv\u00e9 l\u2019amour lors du tournage de l\u2019\u00e9mission bilan de la saison 19.\"\/>  <\/p>\n<p>C\u00e9cile Rogue \/ M6<\/p>\n<p>Pascal de \u00ab\u00a0L\u2019amour est dans le pr\u00e9\u00a0\u00bb (\u00e0 droite) a annonc\u00e9 \u00e0 Karine Le Marchand qu\u2019il avait trouv\u00e9 l\u2019amour lors du tournage de l\u2019\u00e9mission bilan de la saison 19.<\/p>\n<p class=\"asset asset-text\">T\u00c9L\u00c9VISION &#8211; L\u2019amour frappe toujours. Les t\u00e9l\u00e9spectateurs de <a href=\"https:\/\/www.huffingtonpost.fr\/divertissement\/article\/dans-l-amour-est-dans-le-pre-cet-agriculteur-n-a-recu-aucun-courrier-m6-lance-un-appel_250285.html\" target=\"_blank\" rel=\"noopener\">L\u2019amour est dans le pr\u00e9<\/a> ont pu avoir des nouvelles des candidats de la saison 19\u00a0lors du second \u00e9pisode sp\u00e9cial <a href=\"https:\/\/www.huffingtonpost.fr\/divertissement\/article\/l-amour-est-dans-le-pre-la-surprise-de-karine-le-marchand-apres-la-rupture-d-un-couple-emblematique_253491.html\" target=\"_blank\" rel=\"noopener\">Que sont-ils devenus\u00a0?<\/a> diffus\u00e9 sur <a href=\"https:\/\/www.huffingtonpost.fr\/culture\/article\/celine-dion-ce-qu-on-verra-dans-l-emission-de-m6-sur-la-chanteuse-diffusee-a-la-rentree_253481.html\" target=\"_blank\" rel=\"noopener\">M6<\/a>\u00a0lundi 18\u00a0ao\u00fbt. Dans ce dernier focus avant la prochaine saison, qui d\u00e9marre le 25\u00a0ao\u00fbt, Pascal nous a appris qu\u2019il \u00e9tait en couple malgr\u00e9 le d\u00e9part de Murielle.<\/p>\n<p class=\"asset asset-text\">Pendant l\u2019\u00e9mission bilan de la saison derni\u00e8re, l\u2019\u00e9leveur originaire des Deux-S\u00e8vres \u00e9tait chagrin\u00e9 par la tournure qu\u2019avait prise sa relation avec Murielle. \u00ab\u00a0Je l\u2019aime mais peut-\u00eatre que je ne l\u2019ai pas dit assez souvent\u00a0\u00bb, avait-il confi\u00e9 avant de rappeler qu\u2019il voulait \u00ab\u00a0trouver une compagne de vie\u00a0\u00bb. Sauf qu\u2019aujourd\u2019hui, son \u00e9tat d\u2019esprit \u00e0 changer. \u00ab\u00a0C\u2019\u00e9tait elle le probl\u00e8me. Mais depuis, j\u2019ai rencontr\u00e9 une dame lors du tournage du bilan\u00a0\u00bb, a-t-il racont\u00e9 \u00e0 Karine Le\u00a0Marchand.<\/p>\n<p class=\"asset asset-text\">Ce tournage, qui s\u2019est d\u00e9roul\u00e9 dans un camping \u00e0 Arcachon en septembre dernier, a \u00e9t\u00e9 une bonne surprise pour Pascal. \u00ab\u00a0Elle m\u2019a laiss\u00e9 son num\u00e9ro de t\u00e9l\u00e9phone, je l\u2019ai appel\u00e9e quelques jours plus tard pour discuter. On a fait connaissance. Elle est venue chez moi pour voir comment est ma vie et maintenant, on est ensemble\u00a0\u00bb, a-t-il simplement expliqu\u00e9.<\/p>\n<p>    \u00ab\u00a0Sa gentillesse m\u2019a beaucoup touch\u00e9\u00a0\u00bb    <\/p>\n<p class=\"asset asset-text\">Les t\u00e9l\u00e9spectateurs ont d\u00e9couvert lundi la nouvelle compagne de l\u2019agriculteur qui se nomme C\u00e9line. Tr\u00e8s grande fan de l\u2019\u00e9mission, elle avait reconnu les candidats Valentin et Renaud lors du tournage de l\u2019\u00e9mission au camping d\u2019Arcachon. De fil en aiguille, elle \u00e9tait parvenue \u00e0 donner sa carte \u00e0 Pascal, car elle n\u2019avait \u00ab\u00a0rien \u00e0 perdre\u00a0\u00bb. \u00ab\u00a0Sa gentillesse m\u2019a beaucoup touch\u00e9\u00a0\u00bb, a reconnu C\u00e9line. Puis elle a annonc\u00e9 \u00e0 Karine Le\u00a0Marchand que les deux amoureux allaient habiter sous le m\u00eame toit.<\/p>\n<p class=\"asset asset-text\">\u00ab\u00a0C\u2019est vrai que quand on est c\u00e9libataire, on laisse un peu la maison \u00e0 l\u2019abandon, donc elle me bouge un peu mais \u00e7a fait du bien. On marche ensemble. Elle dit ses id\u00e9es, on en discute et \u00e7a se passe tr\u00e8s bien\u00a0\u00bb, a avou\u00e9 l\u2019\u00e9leveur. \u00ab\u00a0J\u2019ai juste fait en sorte d\u2019am\u00e9nager sa maison pour que je puisse me sentir \u00e0 l\u2019aise et qu\u2019on puisse vivre bien tous les deux\u00a0\u00bb, a ajout\u00e9 sa nouvelle compagne. Pascal a r\u00e9v\u00e9l\u00e9 qu\u2019il sera \u00ab\u00a0tr\u00e8s content\u00a0qu\u2019elle soit \u00e0 c\u00f4t\u00e9 de (lui)\u00a0\u00bb quand C\u00e9line aura emm\u00e9nag\u00e9, et il leur souhaite d\u2019\u00eatre \u00ab\u00a0un couple heureux\u00a0\u00bb avec \u00ab\u00a0plein de projets\u00a0\u00bb.<\/p>\n","protected":false},"excerpt":{"rendered":"C\u00e9cile Rogue \/ M6 Pascal de \u00ab\u00a0L\u2019amour est dans le pr\u00e9\u00a0\u00bb (\u00e0 droite) a annonc\u00e9 \u00e0 Karine Le&hellip;\n","protected":false},"author":2,"featured_media":328951,"comment_status":"","ping_status":"","sticky":false,"template":"","format":"standard","meta":{"footnotes":""},"categories":[2],"tags":[11,58,1011,27,5413,42835,494,12,25,252],"class_list":{"0":"post-328950","1":"post","2":"type-post","3":"status-publish","4":"format-standard","5":"has-post-thumbnail","7":"category-actualites","8":"tag-actualites","9":"tag-divertissement","10":"tag-fr","11":"tag-france","12":"tag-karine-le-marchand","13":"tag-l-amour-est-dans-le-pre","14":"tag-m6","15":"tag-news","16":"tag-republique-francaise","17":"tag-television"},"share_on_mastodon":{"url":"https:\/\/pubeurope.com\/@fr\/115054616528815080","error":""},"_links":{"self":[{"href":"https:\/\/www.europesays.com\/fr\/wp-json\/wp\/v2\/posts\/328950","targetHints":{"allow":["GET"]}}],"collection":[{"href":"https:\/\/www.europesays.com\/fr\/wp-json\/wp\/v2\/posts"}],"about":[{"href":"https:\/\/www.europesays.com\/fr\/wp-json\/wp\/v2\/types\/post"}],"author":[{"embeddable":true,"href":"https:\/\/www.europesays.com\/fr\/wp-json\/wp\/v2\/users\/2"}],"replies":[{"embeddable":true,"href":"https:\/\/www.europesays.com\/fr\/wp-json\/wp\/v2\/comments?post=328950"}],"version-history":[{"count":0,"href":"https:\/\/www.europesays.com\/fr\/wp-json\/wp\/v2\/posts\/328950\/revisions"}],"wp:featuredmedia":[{"embeddable":true,"href":"https:\/\/www.europesays.com\/fr\/wp-json\/wp\/v2\/media\/328951"}],"wp:attachment":[{"href":"https:\/\/www.europesays.com\/fr\/wp-json\/wp\/v2\/media?parent=328950"}],"wp:term":[{"taxonomy":"category","embeddable":true,"href":"https:\/\/www.europesays.com\/fr\/wp-json\/wp\/v2\/categories?post=328950"},{"taxonomy":"post_tag","embeddable":true,"href":"https:\/\/www.europesays.com\/fr\/wp-json\/wp\/v2\/tags?post=328950"}],"curies":[{"name":"wp","href":"https:\/\/api.w.org\/{rel}","templated":true}]}}