{"id":328952,"date":"2025-08-19T09:01:11","date_gmt":"2025-08-19T09:01:11","guid":{"rendered":"https:\/\/www.europesays.com\/fr\/328952\/"},"modified":"2025-08-19T09:01:11","modified_gmt":"2025-08-19T09:01:11","slug":"mobilize-financial-services-france-reorganise-son-equipe-dirigeante","status":"publish","type":"post","link":"https:\/\/www.europesays.com\/fr\/328952\/","title":{"rendered":"Mobilize Financial Services France r\u00e9organise son \u00e9quipe dirigeante"},"content":{"rendered":"<p>\n\u00ab\u00a0Cette nouvelle gouvernance vise \u00e0 structurer durablement le d\u00e9veloppement de la LLD au sein d\u2019une organisation unifi\u00e9e, plus agile et plus coh\u00e9rente, explique Mobilize Financial Services France. Align\u00e9e sur le mod\u00e8le international de Mobilize Lease&amp;Co, elle permettra de mieux servir les ambitions du Groupe dans un contexte de transformation profonde des usages de mobilit\u00e9\u00a0\u00bb<\/p>\n<p>\nAinsi, a compter du <strong>1er septembre 2025,<\/strong> <strong>Fabrice Denoual<\/strong> sera nomm\u00e9 directeur de Mobilize Lease&amp;Co France, structure d\u00e9di\u00e9e \u00e0 la LLD. Il sera \u00e9paul\u00e9 par <strong>Jean Raia,<\/strong> nomm\u00e9 directeur adjoint et directeur des op\u00e9rations, et par <strong>Sylvain Schuler, <\/strong>qui occupera la fonction de directeur des ventes et marketing. Les \u00e9quipes de Mobilize Lease&amp;Co France travailleront en \u00e9troite collaboration avec les marques Renault, Dacia, Alpine et Nissan, ainsi que leurs r\u00e9seaux de distribution, afin de proposer des offres locatives comp\u00e9titives et adapt\u00e9es aux besoins de tous les clients.<\/p>\n<p>\n<img decoding=\"async\" alt=\"Mobilize Financial Services France\" src=\"data:image\/gif;base64,R0lGODdhAQABAPAAAMPDwwAAACwAAAAAAQABAAACAkQBADs=\" data-original=\"https:\/\/www.auto-infos.fr\/mediatheque\/7\/6\/3\/000295367_illustration_large.jpg\"\/><\/p>\n<p>\n\u00ab\u00a0Cette r\u00e9organisation t\u00e9moigne de l\u2019importance du d\u00e9veloppement de l\u2019activit\u00e9 du leasing op\u00e9rationnel au sein des priorit\u00e9s strat\u00e9giques de l\u2019entreprise. Fabrice Denoual apporte sa connaissance d\u2019un grand loueur multimarque et du march\u00e9 fran\u00e7ais. Jean Raia b\u00e9n\u00e9ficie d\u2019une connaissance approfondie de Renault et Dacia France, ainsi que de nos op\u00e9rations. Au-del\u00e0 de son expertise des marques Renault et Dacia, Sylvain Schuler, pour sa part, ma\u00eetrise le march\u00e9 fran\u00e7ais et poss\u00e8de une solide exp\u00e9rience corporate, qui lui a permis de s\u2019ouvrir aux meilleures pratiques d\u2019autres filiales du Groupe \u00bb,\u00a0commente <strong>Fr\u00e9d\u00e9ric Schneider,<\/strong> directeur g\u00e9n\u00e9ral de Mobilize Financial Services France.<\/p>\n","protected":false},"excerpt":{"rendered":"\u00ab\u00a0Cette nouvelle gouvernance vise \u00e0 structurer durablement le d\u00e9veloppement de la LLD au sein d\u2019une organisation unifi\u00e9e, plus&hellip;\n","protected":false},"author":2,"featured_media":328953,"comment_status":"","ping_status":"","sticky":false,"template":"","format":"standard","meta":{"footnotes":""},"categories":[4],"tags":[11,35521,46646,1011,27,46644,46643,12,8145,46645,25],"class_list":{"0":"post-328952","1":"post","2":"type-post","3":"status-publish","4":"format-standard","5":"has-post-thumbnail","7":"category-france","8":"tag-actualites","9":"tag-collaborateur","10":"tag-fleet","11":"tag-fr","12":"tag-france","13":"tag-marche-france","14":"tag-mobilize-financial-services","15":"tag-news","16":"tag-nomination","17":"tag-promotion-collaborateur","18":"tag-republique-francaise"},"share_on_mastodon":{"url":"https:\/\/pubeurope.com\/@fr\/115054620384599279","error":""},"_links":{"self":[{"href":"https:\/\/www.europesays.com\/fr\/wp-json\/wp\/v2\/posts\/328952","targetHints":{"allow":["GET"]}}],"collection":[{"href":"https:\/\/www.europesays.com\/fr\/wp-json\/wp\/v2\/posts"}],"about":[{"href":"https:\/\/www.europesays.com\/fr\/wp-json\/wp\/v2\/types\/post"}],"author":[{"embeddable":true,"href":"https:\/\/www.europesays.com\/fr\/wp-json\/wp\/v2\/users\/2"}],"replies":[{"embeddable":true,"href":"https:\/\/www.europesays.com\/fr\/wp-json\/wp\/v2\/comments?post=328952"}],"version-history":[{"count":0,"href":"https:\/\/www.europesays.com\/fr\/wp-json\/wp\/v2\/posts\/328952\/revisions"}],"wp:featuredmedia":[{"embeddable":true,"href":"https:\/\/www.europesays.com\/fr\/wp-json\/wp\/v2\/media\/328953"}],"wp:attachment":[{"href":"https:\/\/www.europesays.com\/fr\/wp-json\/wp\/v2\/media?parent=328952"}],"wp:term":[{"taxonomy":"category","embeddable":true,"href":"https:\/\/www.europesays.com\/fr\/wp-json\/wp\/v2\/categories?post=328952"},{"taxonomy":"post_tag","embeddable":true,"href":"https:\/\/www.europesays.com\/fr\/wp-json\/wp\/v2\/tags?post=328952"}],"curies":[{"name":"wp","href":"https:\/\/api.w.org\/{rel}","templated":true}]}}