{"id":328954,"date":"2025-08-19T09:03:15","date_gmt":"2025-08-19T09:03:15","guid":{"rendered":"https:\/\/www.europesays.com\/fr\/328954\/"},"modified":"2025-08-19T09:03:15","modified_gmt":"2025-08-19T09:03:15","slug":"volley-ball-spikeligue-cest-le-lancement-du-projet-sportif-cette-annee-au-palais-du-travail-cest-le-jour-1-pour-les-nouveaux-centurions-narbonne","status":"publish","type":"post","link":"https:\/\/www.europesays.com\/fr\/328954\/","title":{"rendered":"Volley-ball \u2013 SpikeLigue\u00a0: \u00ab\u00a0C\u2019est le lancement du projet sportif cette ann\u00e9e\u00a0\u00bb, au Palais du Travail, c\u2019est le jour 1 pour les nouveaux Centurions Narbonne"},"content":{"rendered":"<p>\n                                                                Ce lundi 18\u00a0ao\u00fbt, cinq mois apr\u00e8s le dernier match de championnat, les Centurions Narbonne ont remis les pieds sur le parquet, au Palais du Travail. \u00c0 environ deux mois du d\u00e9but de cette saison 2025-2026, le collectif entra\u00een\u00e9 d\u00e9sormais par Lorenzo Tubertini enfile le bleu de chauffe pour une pr\u00e9paration bien ficel\u00e9e.\n                            <\/p>\n<p>\u00ab\u00a0Bienvenue \u00e0 tous pour ce premier jour\u00a0\u00bb. Ce sont par\u00a0ces mots, un immense sourire aux l\u00e8vres, que le pr\u00e9sident des Centurions Narbonne Bastien Anglade a ouvert la nouvelle saison de son \u00e9quipe. Surtout, le premier entra\u00eenement de l\u2019\u00e9t\u00e9. Depuis le 22\u00a0mars, date du dernier match du championnat de la saison derni\u00e8re, le sportif du club est ferm\u00e9 pour cause de longues vacances. Tr\u00e8s longues. C\u2019est le lot du championnat de France de volley-ball, ce sont les r\u00e8gles obligatoires d\u2019attendre autant de temps entre deux saisons.<\/p>\n<p>        <img decoding=\"async\" class=\"std-img__img responsive-img\" src=\"https:\/\/www.europesays.com\/fr\/wp-content\/uploads\/2025\/08\/1755594193_962_image.jpg\" alt=\"Les courses font partie int\u00e9grante de la pr\u00e9paration physique.\"\/><\/p>\n<p>                Les courses font partie int\u00e9grante de la pr\u00e9paration physique.<br \/>\n                                    L&rsquo;Ind\u00e9pendant &#8211; Philippe LEBLANC<\/p>\n<blockquote>\n<p>Nous voulons redevenir ambitieux.<\/p>\n<\/blockquote>\n<p>Mais cette fois, l\u2019impatience prend fin. Les Narbonnais ont remis les pieds au Palais du Travail ce lundi 18\u00a0ao\u00fbt, et ce contexte fait au mois un heureux\u00a0: \u00ab\u00a0Je suis content d\u2019\u00eatre l\u00e0, de voir les gar\u00e7ons et de vivre cette reprise. Les voir ici, c\u2019est\u00a0l\u2019aboutissement du travail de toute l\u2019intersaison, m\u00eame s\u2019il manque encore quelques joueurs occup\u00e9s par leurs s\u00e9lections, mais nous serons bient\u00f4t au complet\u00a0\u00bb, \u00e9voque Bastien Anglade. \u00c0 raison, bien s\u00fbr, puisque sur le parquet, sept joueurs professionnels \u00e9taient pr\u00e9sents en ce premier jour\u00a0: les r\u00e9ceptionneurs-attaquants Liam Patte et Tom Colomb, ainsi que le nouveau Thibaut Thoral, le passeur Alexandre Lamiable, le pointu norv\u00e9gien Kristoffer Norager Bisgaard, comme les centraux\u00a0Axel Michel et Ibrahim Tour\u00e9. \u00c0 l\u2019appel, il manquait le passeur Robert Viiber, le\u00a0r\u00e9ceptionneur-attaquant v\u00e9n\u00e9zu\u00e9lien Willner Rivas, le lib\u00e9ro Enzo Lopez, le pointu autrichien Michael Czerwinski, ainsi que le central espagnol Miguel Angel Forn\u00e9s. Ces cinq recrues d\u00e9barqueront avant le 10\u00a0septembre pour enfin mettre cet effectif au complet dans cette pr\u00e9paration.<\/p>\n<p>        <img decoding=\"async\" class=\"std-img__img responsive-img\" src=\"https:\/\/www.europesays.com\/fr\/wp-content\/uploads\/2025\/08\/1755594194_500_image.jpg\" alt=\"Les jeunes du centre de formation \u00e9taient \u00e9galement de la partie.\"\/><\/p>\n<p>                Les jeunes du centre de formation \u00e9taient \u00e9galement de la partie.<br \/>\n                                    L&rsquo;Ind\u00e9pendant &#8211; Philippe LEBLANC<\/p>\n<p>Sous les ordres du nouvel entra\u00eeneur principal, Lorenzo Tubertini, de retour \u00e0 Narbonne, les sept joueurs professionnels et plusieurs jeunes du centre de formation ont \u0153uvr\u00e9 pour cette premi\u00e8re s\u00e9ance. Et puis, il y avait un autre nouveau visage, le nouveau pr\u00e9parateur physique Joris Brun, connu pour \u00eatre pass\u00e9 par le Racing Club Narbonnais.<\/p>\n<p>        <img decoding=\"async\" class=\"std-img__img responsive-img\" src=\"https:\/\/www.europesays.com\/fr\/wp-content\/uploads\/2025\/08\/1755594195_183_image.jpg\" alt=\"Joris Brun est le nouveau pr\u00e9parateur physique des Centurions.\"\/><\/p>\n<p>                Joris Brun est le nouveau pr\u00e9parateur physique des Centurions.<br \/>\n                                    L&rsquo;Ind\u00e9pendant &#8211; Philippe LEBLANC<\/p>\n<p>\u00ab\u00a0Le premier match se jouera le mardi 21\u00a0octobre contre Toulouse \u00e0 l\u2019Arena, puis nous allons encha\u00eener des matches tous les trois jours*. Donc notre \u00e9quipe doit \u00eatre pr\u00eate tout de suite, c\u2019est pour cela que nous avons pr\u00e9vu beaucoup de rencontres de pr\u00e9paration pour r\u00e9p\u00e9ter les gammes. Ces deux mois ne seront pas de trop\u00a0\u00bb, souligne Bastien Anglade.<\/p>\n<p>10 matches amicaux<\/p>\n<p>Et le programme est copieux jusqu\u2019au 21\u00a0octobre contre Toulouse. Les Centurions vont encha\u00eener deux matches contre Valence (5-6 septembre), la r\u00e9ception de S\u00e8te (10\u00a0septembre), puis dans l\u2019H\u00e9rault contre l\u2019Arago (19\u00a0septembre), la venue de Montpellier (26\u00a0septembre), un stage de plusieurs jours en Espagne avec un match contre Barcelone (29\u00a0septembre) et contre Tarragone (30\u00a0septembre). Enfin, Narbonne va rendre visite \u00e0 Montpellier (3\u00a0octobre), avant d\u2019encha\u00eener par deux confrontations contre Toulouse (11 et 16\u00a0octobre). Un triptyque toulousain en onze jours. Le d\u00e9but de saison est lanc\u00e9 sur un air de derby.<\/p>\n<p>        <img decoding=\"async\" class=\"std-img__img responsive-img\" src=\"https:\/\/www.europesays.com\/fr\/wp-content\/uploads\/2025\/08\/1755594195_877_image.jpg\" alt=\"Lorenzo Tubertini a retrouv\u00e9 le Palais du Travail.\"\/><\/p>\n<p>                Lorenzo Tubertini a retrouv\u00e9 le Palais du Travail.<br \/>\n                                    L&rsquo;Ind\u00e9pendant &#8211; Philippe LEBLANC<\/p>\n<p>Mais cette ann\u00e9e est charni\u00e8re pour le club.\u00a0\u00ab\u00a0C\u2019est le lancement du projet sportif cette ann\u00e9e. Les joueurs qui nous ont rejoints\u00a0ont sign\u00e9 pour deux ou trois ans, certains jusqu\u2019en 2028. Donc, il est important pour nous de vite travailler cette coh\u00e9sion et l\u2019entretenir. Les choses doivent \u00eatre faites de la meilleure des fa\u00e7ons, d\u2019autant plus que nous ne ferons pas beaucoup de turnovers l\u2019\u00e9t\u00e9 prochain. Nous voulons redevenir ambitieux\u00a0\u00bb, confie le pr\u00e9sident Bastien Anglade.<\/p>\n<p>Les Centurions ont d\u00e9sormais 64\u00a0jours, jusqu\u2019au 21\u00a0octobre, pour se mettre \u00e0 pied d\u2019\u0153uvre et lancer la saison sous les meilleures dispositions \u00e0 l\u2019Arena.<\/p>\n<p>*Le calendrier de la saison 2025-2026 de Marmara SpikeLigue sera d\u00e9voil\u00e9 le mercredi 27\u00a0ao\u00fbt.<\/p>\n","protected":false},"excerpt":{"rendered":"Ce lundi 18\u00a0ao\u00fbt, cinq mois apr\u00e8s le dernier match de championnat, les Centurions Narbonne ont remis les pieds&hellip;\n","protected":false},"author":2,"featured_media":328955,"comment_status":"","ping_status":"","sticky":false,"template":"","format":"standard","meta":{"footnotes":""},"categories":[1417],"tags":[1011,27,60,1470,1469],"class_list":{"0":"post-328954","1":"post","2":"type-post","3":"status-publish","4":"format-standard","5":"has-post-thumbnail","7":"category-volley","8":"tag-fr","9":"tag-france","10":"tag-sports","11":"tag-volley","12":"tag-volleyball"},"share_on_mastodon":{"url":"https:\/\/pubeurope.com\/@fr\/115054628451939964","error":""},"_links":{"self":[{"href":"https:\/\/www.europesays.com\/fr\/wp-json\/wp\/v2\/posts\/328954","targetHints":{"allow":["GET"]}}],"collection":[{"href":"https:\/\/www.europesays.com\/fr\/wp-json\/wp\/v2\/posts"}],"about":[{"href":"https:\/\/www.europesays.com\/fr\/wp-json\/wp\/v2\/types\/post"}],"author":[{"embeddable":true,"href":"https:\/\/www.europesays.com\/fr\/wp-json\/wp\/v2\/users\/2"}],"replies":[{"embeddable":true,"href":"https:\/\/www.europesays.com\/fr\/wp-json\/wp\/v2\/comments?post=328954"}],"version-history":[{"count":0,"href":"https:\/\/www.europesays.com\/fr\/wp-json\/wp\/v2\/posts\/328954\/revisions"}],"wp:featuredmedia":[{"embeddable":true,"href":"https:\/\/www.europesays.com\/fr\/wp-json\/wp\/v2\/media\/328955"}],"wp:attachment":[{"href":"https:\/\/www.europesays.com\/fr\/wp-json\/wp\/v2\/media?parent=328954"}],"wp:term":[{"taxonomy":"category","embeddable":true,"href":"https:\/\/www.europesays.com\/fr\/wp-json\/wp\/v2\/categories?post=328954"},{"taxonomy":"post_tag","embeddable":true,"href":"https:\/\/www.europesays.com\/fr\/wp-json\/wp\/v2\/tags?post=328954"}],"curies":[{"name":"wp","href":"https:\/\/api.w.org\/{rel}","templated":true}]}}