{"id":328966,"date":"2025-08-19T09:10:11","date_gmt":"2025-08-19T09:10:11","guid":{"rendered":"https:\/\/www.europesays.com\/fr\/328966\/"},"modified":"2025-08-19T09:10:11","modified_gmt":"2025-08-19T09:10:11","slug":"ol-il-claque-la-porte-et-fonce-en-italie","status":"publish","type":"post","link":"https:\/\/www.europesays.com\/fr\/328966\/","title":{"rendered":"OL : Il claque la porte et fonce en Italie"},"content":{"rendered":"<p class=\"p1\"><strong>Ind\u00e9sirable du c\u00f4t\u00e9 de l&rsquo;Olympique Lyonnais, Nemanja Matic a trouv\u00e9 un accord pour quitter l&rsquo;OL de fa\u00e7on imm\u00e9diate. Son avenir se dessine d\u00e9sormais en Serie A.\u00a0<\/strong><\/p>\n<p class=\"p1\">C\u2019\u00e9tait certainement le mouvement le plus attendu par le comptable de <a href=\"https:\/\/www.foot01.com\/equipe\/ol\/\" rel=\"nofollow noopener\" target=\"_blank\">l\u2019OL<\/a> cet \u00e9t\u00e9. Nemanja Matic a fini par accepter l\u2019offre lyonnaise d\u2019une rupture de contrat \u00e0 l\u2019amiable, et quand on connait l\u2019intransigeance du Serbe dans les n\u00e9gociations comme ce fut le cas lors de son d\u00e9part de Rennes en pleine saison, il y a fort \u00e0 parier que le milieu de terrain est parti avec de tr\u00e8s bonnes indemnit\u00e9s. Mais son salaire ne p\u00e8se plus directement sur les finances du club rhodanien, qui lui a fait un message d\u2019adieu tr\u00e8s exp\u00e9ditif, lui souhaitant \u00ab\u00a0bon vent\u00a0\u00bb. Nemanja Matic ne s\u2019est pas fait prier et s\u2019il a pris quelques jours de vacances, ses agents se sont mis au travail en direction de l\u2019Italie. Ils \u00e9taient \u00e0 Milan ces derni\u00e8res heures pour n\u00e9gocier son arriv\u00e9e \u00e0 Sassuolo, le club dirig\u00e9 par Fabio Grosso, ancien joueur et \u00e9ph\u00e9m\u00e8re entraineur de l\u2019OL.<\/p>\n<p>L&rsquo;aspect financier sera d\u00e9cisif<\/p>\n<blockquote class=\"twitter-tweet\"><p>&#13;<\/p>\n<p lang=\"it\" dir=\"ltr\">Matic ha incontrato il <a href=\"https:\/\/twitter.com\/SassuoloUS?ref_src=twsrc%5Etfw\" rel=\"nofollow noopener\" target=\"_blank\">@SassuoloUS<\/a>: meeting positivo <a href=\"https:\/\/t.co\/q4ykjHWOFe\" rel=\"nofollow\">https:\/\/t.co\/q4ykjHWOFe<\/a><\/p>\n<p>&#13;<br \/>\n\u2014 Gianluca Di Marzio (@DiMarzio) <a href=\"https:\/\/twitter.com\/DiMarzio\/status\/1957550432194032006?ref_src=twsrc%5Etfw\" rel=\"nofollow noopener\" target=\"_blank\">August 18, 2025<\/a><\/p><\/blockquote>\n<p class=\"p1\">Les discussions ont \u00e9t\u00e9 tr\u00e8s positives, et le projet pr\u00e9sent\u00e9 par la formation de la banlieue de Mod\u00e8ne a convaincu Matic, qui veut du temps de jeu et se pr\u00eatera au jeu d\u2019accompagner aussi les jeunes joueurs de l\u2019\u00e9quipe transalpine en Serie A. La partie financi\u00e8re n\u2019a pas encore \u00e9t\u00e9 r\u00e9gl\u00e9e, annonce Gianluca Di Marzio, pour qui le fait que le Serbe soit libre est un gros avantage, m\u00eame si cela int\u00e9resse aussi d\u2019autres clubs. Des contacts ont ainsi eu lieu avec d\u2019autres formations, et si Sassuolo ne boucle pas l\u2019affaire tr\u00e8s rapidement, l\u2019ancien de Chelsea et de Manchester United n\u2019h\u00e9sitera pas \u00e0 aller voir ailleurs ce qu\u2019on lui propose. <\/p>\n<p>          <script async src=\"https:\/\/platform.twitter.com\/widgets.js\" charset=\"utf-8\"><\/script><\/p>\n","protected":false},"excerpt":{"rendered":"Ind\u00e9sirable du c\u00f4t\u00e9 de l&rsquo;Olympique Lyonnais, Nemanja Matic a trouv\u00e9 un accord pour quitter l&rsquo;OL de fa\u00e7on imm\u00e9diate.&hellip;\n","protected":false},"author":2,"featured_media":328967,"comment_status":"","ping_status":"","sticky":false,"template":"","format":"standard","meta":{"footnotes":""},"categories":[1410],"tags":[63,1011,27,60],"class_list":{"0":"post-328966","1":"post","2":"type-post","3":"status-publish","4":"format-standard","5":"has-post-thumbnail","7":"category-football","8":"tag-football","9":"tag-fr","10":"tag-france","11":"tag-sports"},"share_on_mastodon":{"url":"https:\/\/pubeurope.com\/@fr\/115054655856561952","error":""},"_links":{"self":[{"href":"https:\/\/www.europesays.com\/fr\/wp-json\/wp\/v2\/posts\/328966","targetHints":{"allow":["GET"]}}],"collection":[{"href":"https:\/\/www.europesays.com\/fr\/wp-json\/wp\/v2\/posts"}],"about":[{"href":"https:\/\/www.europesays.com\/fr\/wp-json\/wp\/v2\/types\/post"}],"author":[{"embeddable":true,"href":"https:\/\/www.europesays.com\/fr\/wp-json\/wp\/v2\/users\/2"}],"replies":[{"embeddable":true,"href":"https:\/\/www.europesays.com\/fr\/wp-json\/wp\/v2\/comments?post=328966"}],"version-history":[{"count":0,"href":"https:\/\/www.europesays.com\/fr\/wp-json\/wp\/v2\/posts\/328966\/revisions"}],"wp:featuredmedia":[{"embeddable":true,"href":"https:\/\/www.europesays.com\/fr\/wp-json\/wp\/v2\/media\/328967"}],"wp:attachment":[{"href":"https:\/\/www.europesays.com\/fr\/wp-json\/wp\/v2\/media?parent=328966"}],"wp:term":[{"taxonomy":"category","embeddable":true,"href":"https:\/\/www.europesays.com\/fr\/wp-json\/wp\/v2\/categories?post=328966"},{"taxonomy":"post_tag","embeddable":true,"href":"https:\/\/www.europesays.com\/fr\/wp-json\/wp\/v2\/tags?post=328966"}],"curies":[{"name":"wp","href":"https:\/\/api.w.org\/{rel}","templated":true}]}}