{"id":328976,"date":"2025-08-19T09:15:14","date_gmt":"2025-08-19T09:15:14","guid":{"rendered":"https:\/\/www.europesays.com\/fr\/328976\/"},"modified":"2025-08-19T09:15:14","modified_gmt":"2025-08-19T09:15:14","slug":"leclipse-lunaire-du-7-septembre-promet-un-moment-magique-et-universel","status":"publish","type":"post","link":"https:\/\/www.europesays.com\/fr\/328976\/","title":{"rendered":"l\u2019\u00e9clipse lunaire du 7 septembre promet un moment magique et universel"},"content":{"rendered":"<p><strong>Un \u00e9v\u00e9nement plan\u00e9taire rare, observable par 80\u202f% de l\u2019humanit\u00e9, transformera la Lune en joyau rougeoyant. Pr\u00e9parez-vous \u00e0 vivre un moment d\u2019\u00e9merveillement collectif.<\/strong><\/p>\n<p>Un rendez-vous c\u00e9leste \u00e0 ne pas manquer dans la nuit du 7 au 8 septembre<\/p>\n<p>Imagine un ciel rougeoyant, une Lune teint\u00e9e comme un rubis, visible \u00e0 l\u2019\u0153il nu : <strong>c\u2019est ce que promet l\u2019\u00e9clipse lunaire totale du d\u00e9but septembre 2025<\/strong>. Ce ph\u00e9nom\u00e8ne rare, accessible \u00e0 la majorit\u00e9 de la plan\u00e8te, marquera un moment intense et universel.<\/p>\n<p>La <strong>Lune de sang<\/strong> sera observable dans la nuit du <strong>7 au 8 septembre<\/strong>. Plus de <strong>7 milliards de personnes<\/strong> pourront en profiter. L\u2019Asie, l\u2019Afrique de l\u2019Ouest et l\u2019Australie-Occidentale auront droit \u00e0 une vue compl\u00e8te. En revanche, <strong>en Europe et au Br\u00e9sil<\/strong>, seule une partie de l\u2019\u00e9clipse sera visible.<\/p>\n<p>En France, l\u2019\u00e9clipse totale d\u00e9butera \u00e0 <strong>19h42<\/strong> pour se terminer vers <strong>22h55<\/strong>, selon Time&amp;<a href=\"http:\/\/Date.com\" target=\"_blank\" rel=\"nofollow noopener\">Date.com<\/a>. Inutile d\u2019avoir un t\u00e9lescope : <strong>le spectacle est accessible \u00e0 l\u2019\u0153il nu<\/strong>, \u00e0 condition de lever les yeux au bon moment. Ainsi, chacun pourra vivre cette exp\u00e9rience, o\u00f9 qu\u2019il se trouve.<\/p>\n<p>Pourquoi la Lune devient rouge : une le\u00e7on d\u2019astronomie \u00e0 ciel ouvert<\/p>\n<p>Le ph\u00e9nom\u00e8ne dure pr\u00e8s de <strong>3 h 30<\/strong>. D\u2019abord, la Lune glisse dans la <strong>p\u00e9nombre terrestre<\/strong>, puis elle s\u2019enfonce dans l\u2019ombre totale. L\u00e0, elle adopte une couleur rouge\u00e2tre, envo\u00fbtante. Cette teinte provient de <strong>la lumi\u00e8re solaire filtr\u00e9e par l\u2019atmosph\u00e8re terrestre<\/strong>, exactement comme lors d\u2019un coucher de soleil.<\/p>\n<p>En d\u2019autres termes, la Terre joue le r\u00f4le de prisme et colore la Lune de rouge. Une telle \u00e9clipse reste exceptionnelle. Si l\u2019alignement Lune-Terre-Soleil \u00e9tait constant, nous assisterions \u00e0 ce spectacle chaque mois. Mais ces conditions ne se r\u00e9unissent que <strong>tous les six mois environ<\/strong>.<\/p>\n<p>Plus qu\u2019un spectacle, une invitation \u00e0 la contemplation universelle<\/p>\n<p>Bien plus qu\u2019un joli effet visuel, cette Lune de sang <strong>r\u00e9veille un sentiment profond d\u2019\u00e9merveillement<\/strong>. Elle rappelle que nous \u00e9voluons dans un univers vivant, mouvant, myst\u00e9rieux. C\u2019est un <strong>moment de pause collective<\/strong>, \u00e0 vivre seul, en famille ou entre amis.<\/p>\n<p>De plus, pas besoin d\u2019\u00e9quipement sophistiqu\u00e9. Il suffit de <strong>trouver un point de vue d\u00e9gag\u00e9<\/strong>, d\u2019\u00e9teindre quelques \u00e9crans, et de s\u2019abandonner \u00e0 la magie du ciel. En effet, cette simplicit\u00e9 rend le moment encore plus pr\u00e9cieux.<\/p>\n<p>Une tradition mill\u00e9naire entre science, symboles et spiritualit\u00e9<\/p>\n<p>\u00c0 travers les \u00e2ges, les \u00e9clipses lunaires ont toujours fascin\u00e9. <strong>Certaines cultures y voyaient des pr\u00e9sages<\/strong>, d\u2019autres des instants de transition ou de renaissance. Aujourd\u2019hui encore, elles inspirent la <a class=\"wpil_keyword_link\" href=\"https:\/\/www.airzen.fr\/sujets\/meditation-respirez-serenite\/\" title=\"M\u00e9ditation : respirez et d\u00e9couvrez une nouvelle s\u00e9r\u00e9nit\u00e9\" data-wpil-keyword-link=\"linked\" data-wpil-monitor-id=\"13397\" rel=\"nofollow noopener\" target=\"_blank\">m\u00e9ditation<\/a>, la connexion \u00e0 la nature, et parfois m\u00eame des rituels collectifs.<\/p>\n<p>Par cons\u00e9quent, pourquoi ne pas en faire autant ? <strong>Marque cette date<\/strong>. Pr\u00e9parez votre regard, votre appareil photo ou simplement votre c\u0153ur. Cette nuit-l\u00e0, <strong>la Lune deviendra une \u0153uvre d\u2019art c\u00e9leste<\/strong>, et vous n\u2019aurez qu\u2019\u00e0 lever les yeux pour vous en souvenir toute votre vie.<\/p>\n","protected":false},"excerpt":{"rendered":"Un \u00e9v\u00e9nement plan\u00e9taire rare, observable par 80\u202f% de l\u2019humanit\u00e9, transformera la Lune en joyau rougeoyant. Pr\u00e9parez-vous \u00e0 vivre&hellip;\n","protected":false},"author":2,"featured_media":328977,"comment_status":"","ping_status":"","sticky":false,"template":"","format":"standard","meta":{"footnotes":""},"categories":[1355],"tags":[58,59,1011,27,1361,873],"class_list":{"0":"post-328976","1":"post","2":"type-post","3":"status-publish","4":"format-standard","5":"has-post-thumbnail","7":"category-musique","8":"tag-divertissement","9":"tag-entertainment","10":"tag-fr","11":"tag-france","12":"tag-music","13":"tag-musique"},"share_on_mastodon":{"url":"https:\/\/pubeurope.com\/@fr\/115054675519985282","error":""},"_links":{"self":[{"href":"https:\/\/www.europesays.com\/fr\/wp-json\/wp\/v2\/posts\/328976","targetHints":{"allow":["GET"]}}],"collection":[{"href":"https:\/\/www.europesays.com\/fr\/wp-json\/wp\/v2\/posts"}],"about":[{"href":"https:\/\/www.europesays.com\/fr\/wp-json\/wp\/v2\/types\/post"}],"author":[{"embeddable":true,"href":"https:\/\/www.europesays.com\/fr\/wp-json\/wp\/v2\/users\/2"}],"replies":[{"embeddable":true,"href":"https:\/\/www.europesays.com\/fr\/wp-json\/wp\/v2\/comments?post=328976"}],"version-history":[{"count":0,"href":"https:\/\/www.europesays.com\/fr\/wp-json\/wp\/v2\/posts\/328976\/revisions"}],"wp:featuredmedia":[{"embeddable":true,"href":"https:\/\/www.europesays.com\/fr\/wp-json\/wp\/v2\/media\/328977"}],"wp:attachment":[{"href":"https:\/\/www.europesays.com\/fr\/wp-json\/wp\/v2\/media?parent=328976"}],"wp:term":[{"taxonomy":"category","embeddable":true,"href":"https:\/\/www.europesays.com\/fr\/wp-json\/wp\/v2\/categories?post=328976"},{"taxonomy":"post_tag","embeddable":true,"href":"https:\/\/www.europesays.com\/fr\/wp-json\/wp\/v2\/tags?post=328976"}],"curies":[{"name":"wp","href":"https:\/\/api.w.org\/{rel}","templated":true}]}}