{"id":328978,"date":"2025-08-19T09:16:12","date_gmt":"2025-08-19T09:16:12","guid":{"rendered":"https:\/\/www.europesays.com\/fr\/328978\/"},"modified":"2025-08-19T09:16:12","modified_gmt":"2025-08-19T09:16:12","slug":"voici-qui-devrait-remplacer-sylvester-stallone-dans-le-prequel-de-rambo","status":"publish","type":"post","link":"https:\/\/www.europesays.com\/fr\/328978\/","title":{"rendered":"Voici qui devrait remplacer Sylvester Stallone dans le pr\u00e9quel de \u00ab\u00a0Rambo\u00a0\u00bb"},"content":{"rendered":"<p class=\"ap-StoryElement ap-StoryElement--mb js-paywall-target ap-StoryText\">Alors, \u00e0 l&rsquo;heure o\u00f9 se profile un pr\u00e9quel de la saga, la question de savoir qui se glissera dans le costume de John J. Rambo est sur toutes les l\u00e8vres. Qui va oser relever le d\u00e9fi, succ\u00e9der \u00e0 Sly ? D&rsquo;apr\u00e8s le site Deadline, un acteur semble avoir tr\u00e8s largement les faveurs des pronostics. Et son identit\u00e9 va en surprendre plus.<\/p>\n<p><a href=\"https:\/\/www.dhnet.be\/medias\/cinema\/2022\/07\/21\/rambo-comment-sylvester-stallone-a-muscle-hollywood-P6SW7R2Z6NEMTETEQFVWK6LUDU\/\" target=\"_blank\" rel=\"noopener noreferrer\" class=\"ap-StoryInterstitialLink ap-StoryElement ap-StoryElement--mb\">\u00ab\u00a0Rambo\u00a0\u00bb: comment Sylvester Stallone a muscl\u00e9 Hollywood<\/a>R\u00e9v\u00e9l\u00e9 par des com\u00e9dies romantiques<\/p>\n<p class=\"ap-StoryElement ap-StoryElement--mb ap-StoryText\">Il ne s&rsquo;agira pas de Ryan Gosling, que Sylvester Stallone voyait pourtant bien dans le r\u00f4le. D&rsquo;apr\u00e8s le site am\u00e9ricain, c&rsquo;est Noah Centineo, 29 ans, qui aurait \u00e9t\u00e9 s\u00e9lectionn\u00e9 pour \u00eatre Rambo dans le pr\u00e9quel dont le tournage doit commencer en Tha\u00eflande au d\u00e9but de l&rsquo;ann\u00e9e prochaine. Un choix surprenant quand on sait que l&rsquo;acteur am\u00e9ricain s&rsquo;est fait conna\u00eetre dans des com\u00e9dies romantiques. On pense \u00e0 la s\u00e9rie \u00c0 tous les gar\u00e7ons que j&rsquo;ai aim\u00e9s, \u00e0 Sierra Burgess is a Loser ou The Perfect Date. Tout sauf des films d&rsquo;action, reconnaissons-le\u2026 Le com\u00e9dien s&rsquo;appr\u00eate donc, si l&rsquo;information se confirme, \u00e0 faire le grand \u00e9cart avec ce qu&rsquo;il a connu par le pass\u00e9 sur les plateaux de tournage.<\/p>\n<p><a href=\"https:\/\/www.dhnet.be\/medias\/cinema\/2024\/02\/25\/sylvester-stallone-jai-fait-des-choses-stupides-G2R2LNM4OFA73H6NINUVRCFU5I\/\" target=\"_blank\" rel=\"noopener noreferrer\" class=\"ap-StoryInterstitialLink ap-StoryElement ap-StoryElement--mb\">Sylvester Stallone : \u00ab\u00a0J&rsquo;ai fait des choses stupides\u00a0\u00bb<\/a><\/p>\n<p class=\"ap-StoryElement ap-StoryElement--mb ap-StoryText\">Heureusement, Noah Centineo n&rsquo;est pas rest\u00e9 confin\u00e9 dans ce genre-l\u00e0. Depuis, on a pu voir celui qui a aussi interpr\u00e9t\u00e9 Jesus Adams Foster dans la s\u00e9rie The Fosters, dans The Recruit, s\u00e9rie \u00e0 voir sur Netflix, dans laquelle il incarne un agent secret. Voil\u00e0 qui rapproche un peu plus l&rsquo;acteur du sujet, m\u00eame si question m\u00e9thode, Rambo n&rsquo;a ni la d\u00e9licatesse ni la discr\u00e9tion d&rsquo;un espion !<\/p>\n<p class=\"ap-StoryElement ap-StoryElement--mb ap-StoryText\">Derni\u00e8rement toutefois, il a endoss\u00e9 des personnages dans des films plus en phase avec ceux de la saga Rambo. En 2022, il \u00e9tait Al Rothstein (Atom Smasher ou Nukkon) dans <a href=\"https:\/\/www.dhnet.be\/medias\/cinema\/2022\/10\/18\/black-adam-enfin-le-retour-dun-blockbuster-au-cinema-mais-il-ne-sadresse-quaux-inconditionnels-des-bagarres-destructrices-incessantes-YU5IKKZFBRDYPL3DGQV3HBBKOI\/\" target=\"_self\" rel=\"noopener\">Black Adam<\/a>, film de super-h\u00e9ros r\u00e9alis\u00e9 par Jaume Collet-Serra. Il appara\u00eet aussi dans Dream Scenario, un long m\u00e9trage d&rsquo;horreur de 2023 sign\u00e9 Kristoffer Borgli. Enfin, cette ann\u00e9e, il est \u00e0 l&rsquo;affiche de Warfare, de Ray Mendoza et Alex Garland, un film inspir\u00e9 par la vie de Ray Mendoza qui fut un membre des Navy Seal, les forces sp\u00e9ciales am\u00e9ricaines d\u00e9ploy\u00e9es en Irak.<\/p>\n<p><a href=\"https:\/\/www.dhnet.be\/medias\/cinema\/2025\/06\/19\/arnold-schwarzenegger-evoque-sa-relation-avec-sylvester-stallone-nous-nous-detestions-QTG3RQLKZNCQRACTZU6T6JG77U\/\" target=\"_blank\" rel=\"noopener noreferrer\" class=\"ap-StoryInterstitialLink ap-StoryElement ap-StoryElement--mb\">Arnold Schwarzenegger \u00e9voque sa relation avec Sylvester Stallone<\/a>Un sc\u00e9nario gard\u00e9 secret<\/p>\n<p class=\"ap-StoryElement ap-StoryElement--mb ap-StoryText\">Outre la date et le lieu de tournage de ce pr\u00e9quel, peu de choses ont filtr\u00e9 sur le sc\u00e9nario. Il devrait vraisemblablement suivre John Rambo \u2013 d&rsquo;o\u00f9 le titre pr\u00e9sum\u00e9 du film : John Rambo \u2013 lorsqu&rsquo;il part pour la guerre au Vietnam.<\/p>\n<p><a href=\"https:\/\/www.dhnet.be\/medias\/cinema\/2024\/09\/04\/sylvester-stallone-ecrit-un-prequel-de-rocky-voir-adrian-a-15-ans-et-rocky-a-17-ans-ca-va-etre-merveilleux-Y27NLEOLING6TALGWVQPRCWOSE\/\" target=\"_blank\" rel=\"noopener noreferrer\" class=\"ap-StoryInterstitialLink ap-StoryElement ap-StoryElement--mb\">Sylvester Stallone \u00e9crit un pr\u00e9quel de Rocky<\/a><\/p>\n<p class=\"ap-StoryElement ap-StoryElement--mb ap-StoryText\">Pour la premi\u00e8re fois depuis la cr\u00e9ation de la franchise, Sylvester Stallone ne participera pas \u00e0 l&rsquo;\u00e9criture du sc\u00e9nario, ce r\u00f4le a \u00e9t\u00e9 attribu\u00e9 \u00e0 Rori Haines et Soharb Noshirvani, d\u00e9j\u00e0 \u00e0 la man\u0153uvre pour Black Adam. Quant \u00e0 la r\u00e9alisation du projet, elle a \u00e9t\u00e9 confi\u00e9e au Finlandais Jalmari Helander.<\/p>\n","protected":false},"excerpt":{"rendered":"Alors, \u00e0 l&rsquo;heure o\u00f9 se profile un pr\u00e9quel de la saga, la question de savoir qui se glissera&hellip;\n","protected":false},"author":2,"featured_media":328979,"comment_status":"","ping_status":"","sticky":false,"template":"","format":"standard","meta":{"footnotes":""},"categories":[1354],"tags":[33220,9499,15253,26388,827,26389,33221,58,33222,19816,59,1346,46652,2257,63,38562,1011,27,9519,8798,1360,38564,33223,26399,8359,60,32915,26403,33224,37975,8363,26404,26405],"class_list":{"0":"post-328978","1":"post","2":"type-post","3":"status-publish","4":"format-standard","5":"has-post-thumbnail","7":"category-films","8":"tag-1b","9":"tag-adult","10":"tag-athlete","11":"tag-clothing","12":"tag-competition","13":"tag-d1","14":"tag-deuxieme-division","15":"tag-divertissement","16":"tag-division-deux","17":"tag-emotion","18":"tag-entertainment","19":"tag-films","20":"tag-focus-on-foreground","21":"tag-foot","22":"tag-football","23":"tag-football-player","24":"tag-fr","25":"tag-france","26":"tag-happiness","27":"tag-men","28":"tag-movies","29":"tag-player","30":"tag-second-division","31":"tag-smiling","32":"tag-soccer","33":"tag-sports","34":"tag-stadium","35":"tag-togetherness","36":"tag-tweede-klasse","37":"tag-two-people","38":"tag-voetbal","39":"tag-waist-up","40":"tag-young-adult"},"share_on_mastodon":{"url":"https:\/\/pubeurope.com\/@fr\/115054679424974022","error":""},"_links":{"self":[{"href":"https:\/\/www.europesays.com\/fr\/wp-json\/wp\/v2\/posts\/328978","targetHints":{"allow":["GET"]}}],"collection":[{"href":"https:\/\/www.europesays.com\/fr\/wp-json\/wp\/v2\/posts"}],"about":[{"href":"https:\/\/www.europesays.com\/fr\/wp-json\/wp\/v2\/types\/post"}],"author":[{"embeddable":true,"href":"https:\/\/www.europesays.com\/fr\/wp-json\/wp\/v2\/users\/2"}],"replies":[{"embeddable":true,"href":"https:\/\/www.europesays.com\/fr\/wp-json\/wp\/v2\/comments?post=328978"}],"version-history":[{"count":0,"href":"https:\/\/www.europesays.com\/fr\/wp-json\/wp\/v2\/posts\/328978\/revisions"}],"wp:featuredmedia":[{"embeddable":true,"href":"https:\/\/www.europesays.com\/fr\/wp-json\/wp\/v2\/media\/328979"}],"wp:attachment":[{"href":"https:\/\/www.europesays.com\/fr\/wp-json\/wp\/v2\/media?parent=328978"}],"wp:term":[{"taxonomy":"category","embeddable":true,"href":"https:\/\/www.europesays.com\/fr\/wp-json\/wp\/v2\/categories?post=328978"},{"taxonomy":"post_tag","embeddable":true,"href":"https:\/\/www.europesays.com\/fr\/wp-json\/wp\/v2\/tags?post=328978"}],"curies":[{"name":"wp","href":"https:\/\/api.w.org\/{rel}","templated":true}]}}