{"id":328989,"date":"2025-08-19T09:22:07","date_gmt":"2025-08-19T09:22:07","guid":{"rendered":"https:\/\/www.europesays.com\/fr\/328989\/"},"modified":"2025-08-19T09:22:07","modified_gmt":"2025-08-19T09:22:07","slug":"en-direct-guerre-en-ukraine-suivez-les-reactions-au-lendemain-du-sommet-historique-entre-trump-et-zelensky-rtl-fr","status":"publish","type":"post","link":"https:\/\/www.europesays.com\/fr\/328989\/","title":{"rendered":"EN DIRECT &#8211; Guerre en Ukraine : suivez les r\u00e9actions au lendemain du sommet historique entre Trump et Zelensky &#8211; RTL.fr"},"content":{"rendered":"<ol>\n<li><a href=\"https:\/\/news.google.com\/rss\/articles\/CBMi-wFBVV95cUxNMHRYbl9Sa2xZTzk2YzV3WGthVl9NV3JPVXZ0WTNmVnptdW5pX2tLSVBEYnRwcDBBak5rdy1zWHVVYjItUzNkYUpEa0VJdVR1NzRMM0JGNHY2dWFrbFFTTGIyS0xDa3hhMUIweHllNmpJTUFCdkNlMDlTYXBDMEVDd2VhUlB4aHY3S3pEb0ZFd1Y3ZV9sU1pGQ1ZtNnpEUHdOWkZKNmc3cGNGU0ttOVhKOWYxWmxqTDlYaFR5TlZkUnA4S19mNnROLXpFQzEwUTR0SGU3Z1hLYkNkd2gzNWxOUVFUM3NLTHBpdzNNRHY0VFVpd2d1QVJQTmRxQQ?oc=5\" target=\"_blank\" rel=\"nofollow noopener\">EN DIRECT &#8211; Guerre en Ukraine : suivez les r\u00e9actions au lendemain du sommet historique entre Trump et Zelensky<\/a>&nbsp;&nbsp;RTL.fr<\/li>\n<li><a href=\"https:\/\/news.google.com\/rss\/articles\/CBMisAJBVV95cUxQNm45WHEzb29nS3RKRmdqblNyczd4a3FuOUNjUC1qYTVKbWdQRGg5aG1IVW9rQlNNT0NhLTc4bnNwckRFNnE5YzFvUVRoWXo4N2FjcWhSWEI5b014dUdfakJWQ3pxTUdSVWlXQU5reHBfaVROUWwxZmN6b21SdmxtRkpVOExoeTdIWW5ZOVpBaUxsblpOVHJmY1B5SUwtS3h4Wm51M2J4aEp6bDJiMUtCc2drVkxZUk5fNThNNlVFOTkxbXp6RFl5bndicjBxcXdIc2p4R0preEsxUk0yX1dmT0o0SmtmcFlXSVVLUzlmekdQMUFtajZtQkJlVThFZmtzYjVSR1V3U0hKM3hhY2ttN2tyUE5VR053TTJDMU04SEFhODF4Ym1kZXhXUmUxS095?oc=5\" target=\"_blank\" rel=\"nofollow noopener\">En direct, guerre en Ukraine : Emmanuel Macron plaide pour que la rencontre entre Volodymyr Zelensky et Vladimir Poutine se tienne \u00e0 Gen\u00e8ve<\/a>&nbsp;&nbsp;Le Monde.fr<\/li>\n<li><a href=\"https:\/\/news.google.com\/rss\/articles\/CBMiywFBVV95cUxNQ0VrZnNURHFYTTFvMVYtbUxfVExwTmN1R1ZnaGdQdmkwU1RkUHJ1SmFIQ2JRQVhoZnZ5d3AzcHVwUkxGR210UmFKN043ZVYxOEV3N0FCZ2daRlBEUmt2M0NRVGl0ckp2WnJUajdQUXRRQWJfdU9Uei1KMGFVU2hSaFhYZFI5QmFveFhEaU5vZHRKQjBWSE82QjZ2Rnd2c0hQa3NNSnpfZm9RVkV2U2RMbmY0VUw5WHlzTzF2OUpKeUJmS3dQdm1uRjNmNA?oc=5\" target=\"_blank\" rel=\"nofollow noopener\">Guerre en Ukraine : le Kremlin reste flou sur une rencontre avec Zelensky<\/a>&nbsp;&nbsp;Les Echos<\/li>\n<li><a href=\"https:\/\/news.google.com\/rss\/articles\/CBMixgFBVV95cUxQWVMybUg0WkpEWW1iZVNfRkNwM2RyRGRXTHZZOFdGZWtmNElxTVpHaGo4SnJyLVhCV05wS1hrU2htSVQ1UUFwZ0hQNExSQ1REVnh0czNSWWZQbEZORkRJbXdtMENxOEluSkJ1TUpCelNoZ2dpTHpkWGFka3V6N1VPUWljYl9yZGt2QS1mR0Jia19xSDJGNmNkWXdfelFLZzhiUERqSUYwaEsxRGlFOUQydS1HNHYwa2xWcEh1UVpHTG5rLWhUSUE?oc=5\" target=\"_blank\" rel=\"nofollow noopener\">Guerre en Ukraine : au lendemain de la rencontre \u00e0 Washington, posez vos questions \u00e0 Philippe G\u00e9lie, directeur adjoint de la r\u00e9daction du Figaro<\/a>&nbsp;&nbsp;Le Figaro<\/li>\n<li><a href=\"https:\/\/news.google.com\/rss\/articles\/CBMi0gFBVV95cUxPV3ZNOUROUXZHRWczMFFJQzhwVEN2cWh2STNvSUp5MUwyWW5vWmhBOVdNMVZQUkFHVHFpdWJIWTliZ3ZxYmRWREpzWUlkTVdGVlBySzNDa1d3a3o5bk43NXhRWDEtTVc3dGZNNW5ReVRjaExCTEh3czF0UE04TDI1ODhOdFV1cEhuRExJelVQMG04QUprUmFydzhHdTlzZk9rSFk3TjdWdmNvekhhaFBvSU9zdV84QS1UN1I4elpRRTRGY3pyX01YS3dNT3lHZDhmaXc?oc=5\" target=\"_blank\" rel=\"nofollow noopener\">Ce territoire ukrainien est l\u2019une des concessions que Trump attend de Zelensky<\/a>&nbsp;&nbsp;Le HuffPost<\/li>\n<\/ol>\n","protected":false},"excerpt":{"rendered":"EN DIRECT &#8211; Guerre en Ukraine : suivez les r\u00e9actions au lendemain du sommet historique entre Trump et&hellip;\n","protected":false},"author":2,"featured_media":1445,"comment_status":"","ping_status":"","sticky":false,"template":"","format":"standard","meta":{"footnotes":""},"categories":[5],"tags":[11,1011,27,14,12,28],"class_list":{"0":"post-328989","1":"post","2":"type-post","3":"status-publish","4":"format-standard","5":"has-post-thumbnail","7":"category-international","8":"tag-actualites","9":"tag-fr","10":"tag-france","11":"tag-international","12":"tag-news","13":"tag-world"},"share_on_mastodon":{"url":"https:\/\/pubeurope.com\/@fr\/115054702988111650","error":""},"_links":{"self":[{"href":"https:\/\/www.europesays.com\/fr\/wp-json\/wp\/v2\/posts\/328989","targetHints":{"allow":["GET"]}}],"collection":[{"href":"https:\/\/www.europesays.com\/fr\/wp-json\/wp\/v2\/posts"}],"about":[{"href":"https:\/\/www.europesays.com\/fr\/wp-json\/wp\/v2\/types\/post"}],"author":[{"embeddable":true,"href":"https:\/\/www.europesays.com\/fr\/wp-json\/wp\/v2\/users\/2"}],"replies":[{"embeddable":true,"href":"https:\/\/www.europesays.com\/fr\/wp-json\/wp\/v2\/comments?post=328989"}],"version-history":[{"count":0,"href":"https:\/\/www.europesays.com\/fr\/wp-json\/wp\/v2\/posts\/328989\/revisions"}],"wp:featuredmedia":[{"embeddable":true,"href":"https:\/\/www.europesays.com\/fr\/wp-json\/wp\/v2\/media\/1445"}],"wp:attachment":[{"href":"https:\/\/www.europesays.com\/fr\/wp-json\/wp\/v2\/media?parent=328989"}],"wp:term":[{"taxonomy":"category","embeddable":true,"href":"https:\/\/www.europesays.com\/fr\/wp-json\/wp\/v2\/categories?post=328989"},{"taxonomy":"post_tag","embeddable":true,"href":"https:\/\/www.europesays.com\/fr\/wp-json\/wp\/v2\/tags?post=328989"}],"curies":[{"name":"wp","href":"https:\/\/api.w.org\/{rel}","templated":true}]}}