{"id":328990,"date":"2025-08-19T09:23:11","date_gmt":"2025-08-19T09:23:11","guid":{"rendered":"https:\/\/www.europesays.com\/fr\/328990\/"},"modified":"2025-08-19T09:23:11","modified_gmt":"2025-08-19T09:23:11","slug":"fin-de-la-canicule-en-france-apres-onze-jours-de-records-de-chaleur-trois-departements-en-vigilance-orange-pluie-inondation-et-orages","status":"publish","type":"post","link":"https:\/\/www.europesays.com\/fr\/328990\/","title":{"rendered":"Fin de la canicule en France apr\u00e8s onze jours de records de chaleur, trois d\u00e9partements en vigilance orange pluie-inondation et orages"},"content":{"rendered":"<p>                          <img loading=\"lazy\" decoding=\"async\" src=\"https:\/\/www.europesays.com\/fr\/wp-content\/uploads\/2025\/08\/f40d922_upload-1-prq8h3expzpj-000-62cb2t6-1.jpg\" alt=\"Un orage \u00e0 Bruay-la-Buissi\u00e8re (Pas-de-Calais), le 14\u00a0juin 2025.\"   width=\"664\" height=\"443\"\/>    Un orage \u00e0 Bruay-la-Buissi\u00e8re (Pas-de-Calais), le 14\u00a0juin 2025.  SAMEER AL-DOUMY\/AFP                        <\/p>\n<p class=\"article__paragraph  \">Apr\u00e8s onze jours d\u2019une vague de chaleur \u00e9crasante sur la quasi-totalit\u00e9 du territoire, <a href=\"https:\/\/www.lemonde.fr\/planete\/article\/2025\/08\/18\/canicule-fin-de-la-vague-de-chaleur-mardi-matin-plus-aucun-departement-en-vigilance-orange_6631660_3244.html\" rel=\"nofollow noopener\" target=\"_blank\">l\u2019\u00e9pisode caniculaire a pris fin mardi 19\u00a0ao\u00fbt matin<\/a>, a annonc\u00e9 M\u00e9t\u00e9o-France, qui l\u00e8ve les derni\u00e8res vigilances orange. Sur le pourtour m\u00e9diterran\u00e9en, les d\u00e9partements des Pyr\u00e9n\u00e9es-Orientales, de l\u2019Aude, de l\u2019H\u00e9rault, du Gard, des Bouches-du-Rh\u00f4ne, du Var et du Vaucluse ont \u00e9t\u00e9 r\u00e9trograd\u00e9s en vigilance jaune, pr\u00e9cise l\u2019institut m\u00e9t\u00e9orologique \u00e0 6\u00a0heures.<\/p>\n<p class=\"article__paragraph  \">D\u00e9sormais est attendu \u00ab\u00a0un \u00e9pisode pluvio-orageux (\u2026) du Sud-Ouest au Centre-Est ainsi qu\u2019aux r\u00e9gions m\u00e9diterran\u00e9ennes\u00a0\u00bb, pr\u00e9vient par ailleurs M\u00e9t\u00e9o-France, pr\u00e9voyant des \u00ab\u00a0cumuls de pluie attendus [qui] pourront localement \u00eatre importants en peu de temps\u00a0\u00bb.<\/p>\n<p class=\"article__paragraph  \">Dans <a href=\"https:\/\/vigilance.meteofrance.fr\/fr\" target=\"_blank\" rel=\"noopener nofollow\" title=\"Nouvelle fen\u00eatre\">son bulletin de 10\u00a0heures<\/a>, l\u2019institut m\u00e9t\u00e9orologique a ainsi pass\u00e9 en vigilance orange pluie-inondation et orages les d\u00e9partements de l\u2019H\u00e9rault, du Gard et de la Loz\u00e8re. \u00ab\u00a0Une extension de la vigilance orange n\u2019est pas compl\u00e8tement exclue sur certains d\u00e9partements d\u2019un quart sud-est du pays et en Corse\u00a0\u00bb, ajoute-t-il.<\/p>\n<p>                                    Des temp\u00e9ratures in\u00e9dites relev\u00e9es                  <\/p>\n<p class=\"article__paragraph  \">La vague de chaleur qui a touch\u00e9 la France a d\u00e9but\u00e9 le 8\u00a0ao\u00fbt. D\u2019abord cantonn\u00e9e au Sud, avec des temp\u00e9ratures particuli\u00e8rement \u00e9lev\u00e9es sur le Midi, elle a atteint un niveau exceptionnel entre lundi et mercredi la semaine derni\u00e8re du Sud-Ouest au Centre-Est, o\u00f9 des temp\u00e9ratures in\u00e9dites ont \u00e9t\u00e9 relev\u00e9es.<\/p>\n<p class=\"article__paragraph  \">Dans l\u2019Hexagone, 266 stations m\u00e9t\u00e9o ont enregistr\u00e9 au moins une fois une temp\u00e9rature de 40\u00a0\u00b0C ou plus entre le 9 et le 12\u00a0ao\u00fbt\u00a02025 inclus \u2212 soit plus que sur toute la seconde moiti\u00e9 du XX\u1d49\u00a0si\u00e8cle (235).<\/p>\n<p>                                     Lire aussi |  Article r\u00e9serv\u00e9 \u00e0 nos abonn\u00e9s  <a href=\"https:\/\/www.lemonde.fr\/planete\/article\/2025\/08\/18\/la-canicule-peut-agir-comme-un-declencheur-brutal-d-ecoanxiete_6631654_3244.html\" class=\"js-article-read-also catcher--favoris__link\" data-premium=\"1\" id=\"article-title-3434684\" rel=\"nofollow noopener\" target=\"_blank\">\u00ab\u00a0La canicule peut agir comme un d\u00e9clencheur brutal d\u2019\u00e9coanxi\u00e9t\u00e9\u00a0\u00bb<\/a>    <\/p>\n<p>   Lire plus tard  <\/p>\n<p class=\"author__detail\">  Le Monde avec AFP  <\/p>\n<p>                  <a href=\"https:\/\/www.lemonde.fr\/syndication\/\" class=\"reuse__content\" title=\"R\u00e9utiliser ce contenu\" target=\"_blank\" rel=\"nofollow noopener\">R\u00e9utiliser ce contenu<\/a>      <\/p>\n","protected":false},"excerpt":{"rendered":"Un orage \u00e0 Bruay-la-Buissi\u00e8re (Pas-de-Calais), le 14\u00a0juin 2025. SAMEER AL-DOUMY\/AFP Apr\u00e8s onze jours d\u2019une vague de chaleur \u00e9crasante&hellip;\n","protected":false},"author":2,"featured_media":328991,"comment_status":"","ping_status":"","sticky":false,"template":"","format":"standard","meta":{"footnotes":""},"categories":[4],"tags":[11,1011,27,12,25],"class_list":{"0":"post-328990","1":"post","2":"type-post","3":"status-publish","4":"format-standard","5":"has-post-thumbnail","7":"category-france","8":"tag-actualites","9":"tag-fr","10":"tag-france","11":"tag-news","12":"tag-republique-francaise"},"share_on_mastodon":{"url":"https:\/\/pubeurope.com\/@fr\/115054707143148753","error":""},"_links":{"self":[{"href":"https:\/\/www.europesays.com\/fr\/wp-json\/wp\/v2\/posts\/328990","targetHints":{"allow":["GET"]}}],"collection":[{"href":"https:\/\/www.europesays.com\/fr\/wp-json\/wp\/v2\/posts"}],"about":[{"href":"https:\/\/www.europesays.com\/fr\/wp-json\/wp\/v2\/types\/post"}],"author":[{"embeddable":true,"href":"https:\/\/www.europesays.com\/fr\/wp-json\/wp\/v2\/users\/2"}],"replies":[{"embeddable":true,"href":"https:\/\/www.europesays.com\/fr\/wp-json\/wp\/v2\/comments?post=328990"}],"version-history":[{"count":0,"href":"https:\/\/www.europesays.com\/fr\/wp-json\/wp\/v2\/posts\/328990\/revisions"}],"wp:featuredmedia":[{"embeddable":true,"href":"https:\/\/www.europesays.com\/fr\/wp-json\/wp\/v2\/media\/328991"}],"wp:attachment":[{"href":"https:\/\/www.europesays.com\/fr\/wp-json\/wp\/v2\/media?parent=328990"}],"wp:term":[{"taxonomy":"category","embeddable":true,"href":"https:\/\/www.europesays.com\/fr\/wp-json\/wp\/v2\/categories?post=328990"},{"taxonomy":"post_tag","embeddable":true,"href":"https:\/\/www.europesays.com\/fr\/wp-json\/wp\/v2\/tags?post=328990"}],"curies":[{"name":"wp","href":"https:\/\/api.w.org\/{rel}","templated":true}]}}