{"id":328992,"date":"2025-08-19T09:24:13","date_gmt":"2025-08-19T09:24:13","guid":{"rendered":"https:\/\/www.europesays.com\/fr\/328992\/"},"modified":"2025-08-19T09:24:13","modified_gmt":"2025-08-19T09:24:13","slug":"le-createur-de-contenu-jean-pormanove-meurt-en-direct-sur-son-stream","status":"publish","type":"post","link":"https:\/\/www.europesays.com\/fr\/328992\/","title":{"rendered":"Le cr\u00e9ateur de contenu Jean Pormanove meurt en direct sur son stream"},"content":{"rendered":"<p>Jean Pormanove est mort est direct. Le <a href=\"https:\/\/www.20minutes.fr\/dossier\/streaming\" class=\"c-link c-link--is-underlined\" rel=\"nofollow noopener\" target=\"_blank\">streamer <\/a>fran\u00e7ais, de son vrai nom Rapha\u00ebl Graven, est d\u00e9c\u00e9d\u00e9 \u00e0 46 ans, a confirm\u00e9 le parquet de Nice. <a href=\"https:\/\/www.bfmtv.com\/tech\/actualites\/reseaux-sociaux\/le-streameur-jeanpormanove-retrouve-mort-a-l-age-de-46-ans_AN-202508180403.html\" rel=\"nofollow noopener\" target=\"_blank\" class=\"c-link c-link--is-underlined\">Selon BFMTV<\/a>, des gendarmes et des pompiers sont intervenus \u00e0 son domicile de Contes (<a href=\"https:\/\/www.20minutes.fr\/societe\/alpes-maritimes\/\" class=\"c-link c-link--is-underlined\" rel=\"nofollow noopener\" target=\"_blank\">Alpes-Maritimes<\/a>) le 18\u00a0ao\u00fbt au matin, o\u00f9 ils l\u2019ont retrouv\u00e9 inanim\u00e9. La nouvelle a \u00e9t\u00e9 annonc\u00e9e quelques heures plus tard par l\u2019influenceur \u00ab\u00a0Naruto\u00a0\u00bb, pr\u00e9sent\u00e9 comme son partenaire de live, qui a demand\u00e9 sur <a href=\"https:\/\/www.20minutes.fr\/high-tech\/instagram\/\" class=\"c-link c-link--is-underlined\" rel=\"nofollow noopener\" target=\"_blank\">Instagram<\/a> de \u00ab\u00a0respecter sa m\u00e9moire\u00a0\u00bb.<\/p>\n<p>La rumeur avait commenc\u00e9 \u00e0 enfler apr\u00e8s la diffusion d\u2019images gla\u00e7antes d\u2019un live sur Kick, coup\u00e9 brusquement alors que l\u2019on voyait Jean Pormanove inerte. Ces images montraient le streamer allong\u00e9 sur un matelas, la t\u00eate partiellement recouverte, sans r\u00e9pondre aux appels de ses camarades, pr\u00e9cise <a href=\"https:\/\/www.leparisien.fr\/societe\/deces-du-streamer-francais-jean-pormanove-une-enquete-ouverte-18-08-2025-LIPXVP2I6VAEHKSOIDNNN6OVGY.php\" rel=\"nofollow noopener\" target=\"_blank\" class=\"c-link c-link--is-underlined\">Le Parisien. <\/a>Les gendarmes de la brigade de recherches de Nice ont ouvert une enqu\u00eate pour d\u00e9terminer les causes du d\u00e9c\u00e8s, mais \u00e0 ce stade, rien de suspect n\u2019a \u00e9t\u00e9 relev\u00e9, selon le parquet, qui pr\u00e9cise qu\u2019une autopsie sera pratiqu\u00e9e.<\/p>\n<p>Un souffre-douleur m\u00e9diatis\u00e9<\/p>\n<p>Suivi par plus de 500.000 abonn\u00e9s sur <a href=\"https:\/\/www.20minutes.fr\/high-tech\/tiktok\/\" class=\"c-link c-link--is-underlined\" rel=\"nofollow noopener\" target=\"_blank\">TikTok <\/a>et <a href=\"https:\/\/www.20minutes.fr\/high-tech\/twitch\/\" class=\"c-link c-link--is-underlined\" rel=\"nofollow noopener\" target=\"_blank\">Twitch<\/a>, Jean Pormanove avait bascul\u00e9 vers Kick, une plateforme connue pour sa faible r\u00e9gulation. Loin d\u2019\u00eatre une star flamboyante, ce streamer semblait surtout devenu un souffre-douleur, utilis\u00e9 par d\u2019autres influenceurs pour des lives d\u2019humiliations et de <a href=\"https:\/\/www.20minutes.fr\/dossier\/maltraitance\" class=\"c-link c-link--is-underlined\" rel=\"nofollow noopener\" target=\"_blank\">maltraitances<\/a>. Une myriade de vid\u00e9os montre qu\u2019il subissait privations de sommeil, des ingestions de produits toxiques ou des violences physiques, parfois sous forme de \u00ab\u00a0d\u00e9fis\u00a0\u00bb. En janvier\u00a02025, deux de ses proches, \u00ab\u00a0Naruto\u00a0\u00bb et \u00ab\u00a0Safine\u00a0\u00bb, avaient d\u00e9j\u00e0 \u00e9t\u00e9 plac\u00e9s en garde \u00e0 vue dans une enqu\u00eate pr\u00e9liminaire pour <a href=\"https:\/\/www.20minutes.fr\/monde\/violences\/\" class=\"c-link c-link--is-underlined\" rel=\"nofollow noopener\" target=\"_blank\">violences <\/a>sur personnes vuln\u00e9rables, \u00e0 la suite de signalements m\u00e9diatis\u00e9s par Mediapart.<\/p>\n<\/p>\n<p>Jean Pormanove faisait aussi face \u00e0 un harc\u00e8lement persistant en ligne. Depuis l\u2019annonce de sa mort, des milliers de messages d\u2019hommage affluent toutefois sur les r\u00e9seaux sociaux. Mais ce d\u00e9c\u00e8s relance le d\u00e9bat sur les d\u00e9rives de certaines plateformes de streaming, o\u00f9 l\u2019absence de r\u00e9gulation et la pression de l\u2019audience peuvent entra\u00eener des d\u00e9rives parfois dramatiques.<\/p>\n","protected":false},"excerpt":{"rendered":"Jean Pormanove est mort est direct. Le streamer fran\u00e7ais, de son vrai nom Rapha\u00ebl Graven, est d\u00e9c\u00e9d\u00e9 \u00e0&hellip;\n","protected":false},"author":2,"featured_media":328993,"comment_status":"","ping_status":"","sticky":false,"template":"","format":"standard","meta":{"footnotes":""},"categories":[2],"tags":[11,7904,9001,1011,27,3668,142,12,938,2439,1749],"class_list":{"0":"post-328992","1":"post","2":"type-post","3":"status-publish","4":"format-standard","5":"has-post-thumbnail","7":"category-actualites","8":"tag-actualites","9":"tag-by-the-web","10":"tag-cyberharcelement","11":"tag-fr","12":"tag-france","13":"tag-harcelement","14":"tag-high-tech","15":"tag-news","16":"tag-reseaux-sociaux","17":"tag-tiktok","18":"tag-twitch"},"share_on_mastodon":{"url":"https:\/\/pubeurope.com\/@fr\/115054710825580678","error":""},"_links":{"self":[{"href":"https:\/\/www.europesays.com\/fr\/wp-json\/wp\/v2\/posts\/328992","targetHints":{"allow":["GET"]}}],"collection":[{"href":"https:\/\/www.europesays.com\/fr\/wp-json\/wp\/v2\/posts"}],"about":[{"href":"https:\/\/www.europesays.com\/fr\/wp-json\/wp\/v2\/types\/post"}],"author":[{"embeddable":true,"href":"https:\/\/www.europesays.com\/fr\/wp-json\/wp\/v2\/users\/2"}],"replies":[{"embeddable":true,"href":"https:\/\/www.europesays.com\/fr\/wp-json\/wp\/v2\/comments?post=328992"}],"version-history":[{"count":0,"href":"https:\/\/www.europesays.com\/fr\/wp-json\/wp\/v2\/posts\/328992\/revisions"}],"wp:featuredmedia":[{"embeddable":true,"href":"https:\/\/www.europesays.com\/fr\/wp-json\/wp\/v2\/media\/328993"}],"wp:attachment":[{"href":"https:\/\/www.europesays.com\/fr\/wp-json\/wp\/v2\/media?parent=328992"}],"wp:term":[{"taxonomy":"category","embeddable":true,"href":"https:\/\/www.europesays.com\/fr\/wp-json\/wp\/v2\/categories?post=328992"},{"taxonomy":"post_tag","embeddable":true,"href":"https:\/\/www.europesays.com\/fr\/wp-json\/wp\/v2\/tags?post=328992"}],"curies":[{"name":"wp","href":"https:\/\/api.w.org\/{rel}","templated":true}]}}