{"id":328996,"date":"2025-08-19T09:26:23","date_gmt":"2025-08-19T09:26:23","guid":{"rendered":"https:\/\/www.europesays.com\/fr\/328996\/"},"modified":"2025-08-19T09:26:23","modified_gmt":"2025-08-19T09:26:23","slug":"saint-etienne-dunkerque-bastia-les-tops-et-flops-de-la-2eme-journee","status":"publish","type":"post","link":"https:\/\/www.europesays.com\/fr\/328996\/","title":{"rendered":"Saint-\u00c9tienne, Dunkerque, Bastia, les tops et flops de la 2\u00e8me journ\u00e9e"},"content":{"rendered":"<p style=\"text-align: justify;\"><strong>LIGUE 2 2025-2026 \u2013 Deuxi\u00e8me journ\u00e9e de Ligue 2, et le spectacle continue. Apr\u00e8s une premi\u00e8re prolifique (28 buts), on ne s\u2019est de nouveau pas ennuy\u00e9. Sc\u00e9narios renversants, cartons, tensions et confirmations, retour sur les Tops et les Flops de la 2eme journ\u00e9e.<\/strong><\/p>\n<p>Les Tops<br \/>\nLa d\u00e9monstration de Saint-\u00c9tienne<\/p>\n<p style=\"text-align: justify;\">Dans un Chaudron bouillant, les Verts ont \u00e9cras\u00e9 Rodez (4-0) gr\u00e2ce \u00e0 un jeu offensif \u00e9tincelant. L\u2019action d\u2019\u00e9cole conclue par le G\u00e9orgien <strong>Davitashvili<\/strong> pour le quatri\u00e8me but illustre parfaitement cette ma\u00eetrise. Mais le plus marquant, c\u2019est ce clean sheet : seulement le troisi\u00e8me en 2025 pour <strong>l\u2019ASSE<\/strong>, une semaine apr\u00e8s avoir encaiss\u00e9 trois buts \u00e0 <strong>Laval<\/strong>. De quoi r\u00e9jouir le coach <strong>Horneland<\/strong>. Avec d\u00e9j\u00e0 7 buts inscrits en deux matchs et une d\u00e9fense enfin solide, <strong>Saint-\u00c9tienne<\/strong> envoie un message clair \u00e0 ses concurrents pour la mont\u00e9e.<\/p>\n<blockquote class=\"twitter-tweet\">\n<p dir=\"ltr\" lang=\"und\">Zakaria Fdaouch, retenez bien ce nom \ud83d\ude09 <a href=\"https:\/\/t.co\/bMtO8xNhmz\">pic.twitter.com\/bMtO8xNhmz<\/a><\/p>\n<p>\u2014 Ligue 2 BKT (@Ligue2BKT) <a href=\"https:\/\/twitter.com\/Ligue2BKT\/status\/1957208954255077477?ref_src=twsrc%5Etfw\" target=\"_blank\" rel=\"noopener\">August 17, 2025<\/a><\/p>\n<\/blockquote>\n<p><strong>\u00a0La premi\u00e8re victoire de Nancy depuis son retour<\/strong><\/p>\n<p style=\"text-align: justify;\">De retour en Ligue 2, l\u2019<strong>AS Nancy-Lorraine<\/strong> a d\u00e9croch\u00e9 sa premi\u00e8re victoire face \u00e0 une faible \u00e9quipe de <strong>Boulogne<\/strong>, tout r\u00e9cent rep\u00each\u00e9e apr\u00e8s le d\u00e9p\u00f4t de bilan de l\u2019<strong>AC Ajaccio<\/strong>. Dans un stade Marcel-Picot \u00e0 huis clos, cons\u00e9quence des incidents de la saison derni\u00e8re, les hommes de <strong>Pablo Correa<\/strong> se sont impos\u00e9s 1-0 gr\u00e2ce \u00e0 une superbe frappe du droit sign\u00e9e <strong>Zakaria Fdaouch<\/strong>. Le match n\u2019a pas \u00e9t\u00e9 un grand spectacle, les occasions franches se comptant sur les doigts d\u2019une main, mais les <strong>Nanc\u00e9iens<\/strong> lancent enfin leur saison avec 4 points au compteur. En revanche, pour <strong>Boulogne<\/strong>, il faudra rapidement recruter au niveau Ligue 2 sous peine de vivre une saison tr\u00e8s compliqu\u00e9e.<\/p>\n<blockquote class=\"twitter-tweet\">\n<p dir=\"ltr\" lang=\"und\">Zakaria Fdaouch, retenez bien ce nom \ud83d\ude09 <a href=\"https:\/\/t.co\/bMtO8xNhmz\">pic.twitter.com\/bMtO8xNhmz<\/a><\/p>\n<p>\u2014 Ligue 2 BKT (@Ligue2BKT) <a href=\"https:\/\/twitter.com\/Ligue2BKT\/status\/1957208954255077477?ref_src=twsrc%5Etfw\" target=\"_blank\" rel=\"noopener\">August 17, 2025<\/a><\/p>\n<\/blockquote>\n<p>\u00a0<\/p>\n<p>Le nouveau sc\u00e9nario fou du Mans\u2026<\/p>\n<p style=\"text-align: justify;\">Apr\u00e8s le rocambolesque match nul \u00e0 <strong>Guingamp<\/strong> la semaine pass\u00e9e, <strong>Le Mans<\/strong> a encore offert un sc\u00e9nario improbable\u2026 mais cette fois \u00e0 ses d\u00e9pens. Oppos\u00e9s \u00e0 <strong>Montpellier<\/strong>, candidat \u00e0 la mont\u00e9e, les Sarthois \u00e9galisent dans le temps additionnel gr\u00e2ce \u00e0 <strong>Dame Gueye<\/strong> (96eme), c\u00e9l\u00e9brant comme un nul inesp\u00e9r\u00e9 en sprintant vers son banc. Mais \u00e0 la 99eme minute, <strong>Junior Ndiaye<\/strong> crucifie Le Mans apr\u00e8s un gros travail d\u2019<strong>Alexandre Mendy<\/strong>. D\u00e9faite 1-2. Moralit\u00e9 : il ne fait d\u00e9cid\u00e9ment pas bon \u00eatre cardiaque quand on suit <strong>Le Mans<\/strong> cette saison.<\/p>\n<blockquote class=\"twitter-tweet\">\n<p dir=\"ltr\" lang=\"fr\">\ud83d\udea8 \ud835\udddc\ud835\udddf \ud835\uddd9\ud835\uddd4\ud835\udde8\ud835\udde7 \ud835\udde3\ud835\uddd4\ud835\udde6 \ud835\uddd8\u0302\ud835\udde7\ud835\udde5\ud835\uddd8 \ud835\uddd6\ud835\uddd4\ud835\udde5\ud835\uddd7\ud835\udddc\ud835\uddd4\ud835\udde4\ud835\udde8\ud835\uddd8 \ud835\udde4\ud835\udde8\ud835\uddd4\ud835\udde1\ud835\uddd7 \ud835\udde2\ud835\udde1 \ud835\uddd8\ud835\udde6\ud835\udde7 \ud835\udde6\ud835\udde8\ud835\udde3\ud835\udde3\ud835\udde2\ud835\udde5\ud835\udde7\ud835\uddd8\ud835\udde5 \ud835\uddd7\ud835\udde8 \ud835\udde0\ud835\uddd4\ud835\udde1\ud835\udde6 \ud83e\udd2f\ud83d\ude31<\/p>\n<p>\ud835\udc46\ud835\udc52\ud835\udc5a\ud835\udc4e\ud835\udc56\ud835\udc5b\ud835\udc52 \ud835\udc51\ud835\udc52\ud835\udc5f\ud835\udc5b\ud835\udc56\ud835\udc52\u0300\ud835\udc5f\ud835\udc52 \ud835\udc50\ud835\udc5c\ud835\udc5b\ud835\udc61\ud835\udc5f\ud835\udc52 \ud835\udc3a\ud835\udc62\ud835\udc56\ud835\udc5b\ud835\udc54\ud835\udc4e\ud835\udc5a\ud835\udc5d :<\/p>\n<p>\u23f1\ufe0f 18e : Guingamp 0-1 Le Mans<br \/>\u23f1\ufe0f 40e : Guingamp 0-2 Le Mans<br \/>\u23f1\ufe0f 72e : Guingamp 1-2 Le Mans<br \/>\u23f1\ufe0f 88e\u2026 <a href=\"https:\/\/t.co\/rPkIZzfKjH\">pic.twitter.com\/rPkIZzfKjH<\/a><\/p>\n<p>\u2014 BeFootball (@_BeFootball) <a href=\"https:\/\/twitter.com\/_BeFootball\/status\/1957545186701287605?ref_src=twsrc%5Etfw\" target=\"_blank\" rel=\"noopener\">August 18, 2025<\/a><\/p>\n<\/blockquote>\n<p>Le come-back de Dunkerque<\/p>\n<p style=\"text-align: justify;\">\u00ab Contre vents et mar\u00e9es \u00bb : la devise de l\u2019<strong>US Dunkerque<\/strong> n\u2019a jamais sembl\u00e9 aussi juste. Apr\u00e8s une saison 2024-2025 exceptionnelle, demi-finale de Coupe de France et participation aux play-offs, les Nordistes ont v\u00e9cu une intersaison d\u00e9licate : d\u00e9part de leur coach <strong>Luis Castro<\/strong>, rempla\u00e7ant d\u00e9missionnaire au bout de quinze jours, et aucune victoire en pr\u00e9paration. Pourtant, les Maritimes continuent de montrer leur force de caract\u00e8re. D\u00e9j\u00e0 revenus au score contre <strong>Clermont<\/strong> la semaine pass\u00e9e (2-2), ils ont r\u00e9cidiv\u00e9 face \u00e0 <strong>Annecy<\/strong> en effa\u00e7ant cette fois un retard de deux buts pour arracher un nouveau 2-2. Une chose est s\u00fbre : <strong>Dunkerque<\/strong> ne l\u00e2chera rien.<\/p>\n<p><a href=\"https:\/\/dicodusport.fr\/blog\/classement-ligue-2-2025-2026\/\" class=\"vlp-link\" title=\"Classement Ligue 2 2025-2026\" target=\"_blank\" rel=\"noopener\"><img loading=\"lazy\" decoding=\"async\" style=\"max-width: 792px;\" width=\"792\" height=\"445\" class=\"attachment-800x445 size-800x445 perfmatters-lazy\" alt=\"Classement Ligue 2 2025-2026\" src=\"https:\/\/www.europesays.com\/fr\/wp-content\/uploads\/2025\/08\/Classement-Ligue-2-2025-2026.png\"  data-\/><\/p>\n<p>Classement Ligue 2 2025-2026<\/p>\n<p>D\u00e9couvrez le classement complet de la Ligue 2 BKT saison 2025-2026. Qui va succ\u00e9der au FC Lorient et qui va monter en Ligue 1 ?<\/p>\n<p>Lire l&rsquo;article<\/p>\n<p>dicodusport.fr<\/p>\n<p>Les Flops<br \/>\nLa bagarre \u00e0 Bastia<\/p>\n<p style=\"text-align: justify;\">\u00c0 <strong>Furiani<\/strong>, les ambiances \u00e9lectriques font partie du d\u00e9cor, et samedi soir, la tension a d\u00e9g\u00e9n\u00e9r\u00e9. Lorsque <strong>Tairyk<\/strong> <strong>Arconte<\/strong>, ancien Ajaccien, \u00e9galise pour <strong>Pau<\/strong>, sa c\u00e9l\u00e9bration d\u00e9clenche la col\u00e8re du <strong>banc<\/strong> <strong>bastiais<\/strong>. Une m\u00eal\u00e9e g\u00e9n\u00e9rale \u00e9clate entre joueurs <strong>corses<\/strong> et <strong>palois<\/strong>. Bilan : un carton rouge de chaque c\u00f4t\u00e9, <strong>Tom Ducrocq pour Bastia<\/strong> et <strong>Daylam<\/strong> <strong>Meddah pour Pau<\/strong>. Une mauvaise publicit\u00e9 pour le championnat, alors que le match aurait pu se suffire \u00e0 lui-m\u00eame.<\/p>\n<p>\n<a href=\"https:\/\/dicodusport.fr\/blog\/offres\/abonnements-sans-pub\/\" target=\"_blank\" rel=\"noopener\"><img loading=\"lazy\" decoding=\"async\" class=\"alignnone size-full wp-image-501284 perfmatters-lazy\" alt=\"\" width=\"1200\" height=\"200\" src=\"https:\/\/www.europesays.com\/fr\/wp-content\/uploads\/2025\/04\/Abonnements-sans-pubs-Dicodusport.png\"\/><\/a><br \/><a href=\"https:\/\/dicodusport.fr\/blog\/offres\/abonnements-sans-pub\/\" target=\"_blank\" rel=\"noopener\"><img loading=\"lazy\" decoding=\"async\" class=\"alignnone size-full wp-image-501296 perfmatters-lazy\" alt=\"\" width=\"400\" height=\"400\" src=\"https:\/\/www.europesays.com\/fr\/wp-content\/uploads\/2025\/04\/Abonnements-sans-pubs-Dicodusport-mobile.png\"\/><\/a><\/p>\n<p>\u00a0Le triste 0-0 entre Clermont et Troyes<\/p>\n<p style=\"text-align: justify;\">Apr\u00e8s une premi\u00e8re journ\u00e9e riche en buts (28), suivie d\u2019une seconde encore prolifique (21), on se serait volontiers pass\u00e9 d\u2019un 0-0. La semaine derni\u00e8re, c\u2019\u00e9tait <strong>Rodez<\/strong> et <strong>Nancy<\/strong> les mauvais \u00e9l\u00e8ves, cette fois ce sont <strong>Clermont<\/strong> et <strong>Troyes<\/strong> qui ont d\u00e9\u00e7u. Seulement trois tirs cadr\u00e9s au total, et un match globalement terne. <strong>Clermont<\/strong> a bien cru arracher la victoire dans les arr\u00eats de jeu, mais son but a \u00e9t\u00e9 refus\u00e9. Pour couronner le tout, un membre du staff auvergnat a \u00e9t\u00e9 expuls\u00e9 dans la foul\u00e9e. Une soir\u00e9e \u00e0 oublier.<\/p>\n<p>\t\t\t\t\t\t\t\t\t\t\t\t\t<script async src=\"https:\/\/platform.twitter.com\/widgets.js\" charset=\"utf-8\"><\/script><\/p>\n","protected":false},"excerpt":{"rendered":"LIGUE 2 2025-2026 \u2013 Deuxi\u00e8me journ\u00e9e de Ligue 2, et le spectacle continue. Apr\u00e8s une premi\u00e8re prolifique (28&hellip;\n","protected":false},"author":2,"featured_media":328997,"comment_status":"","ping_status":"","sticky":false,"template":"","format":"standard","meta":{"footnotes":""},"categories":[9653],"tags":[1111,11,2430,2113,1777,674,63,1011,27,45358,12,25,4001],"class_list":{"0":"post-328996","1":"post","2":"type-post","3":"status-publish","4":"format-standard","5":"has-post-thumbnail","7":"category-saint-etienne","8":"tag-actu","9":"tag-actualites","10":"tag-auvergne-rhone-alpes","11":"tag-breve","12":"tag-eu","13":"tag-europe","14":"tag-football","15":"tag-fr","16":"tag-france","17":"tag-ligue-2-bkt","18":"tag-news","19":"tag-republique-francaise","20":"tag-saint-etienne"},"share_on_mastodon":{"url":"https:\/\/pubeurope.com\/@fr\/115054718840021284","error":""},"_links":{"self":[{"href":"https:\/\/www.europesays.com\/fr\/wp-json\/wp\/v2\/posts\/328996","targetHints":{"allow":["GET"]}}],"collection":[{"href":"https:\/\/www.europesays.com\/fr\/wp-json\/wp\/v2\/posts"}],"about":[{"href":"https:\/\/www.europesays.com\/fr\/wp-json\/wp\/v2\/types\/post"}],"author":[{"embeddable":true,"href":"https:\/\/www.europesays.com\/fr\/wp-json\/wp\/v2\/users\/2"}],"replies":[{"embeddable":true,"href":"https:\/\/www.europesays.com\/fr\/wp-json\/wp\/v2\/comments?post=328996"}],"version-history":[{"count":0,"href":"https:\/\/www.europesays.com\/fr\/wp-json\/wp\/v2\/posts\/328996\/revisions"}],"wp:featuredmedia":[{"embeddable":true,"href":"https:\/\/www.europesays.com\/fr\/wp-json\/wp\/v2\/media\/328997"}],"wp:attachment":[{"href":"https:\/\/www.europesays.com\/fr\/wp-json\/wp\/v2\/media?parent=328996"}],"wp:term":[{"taxonomy":"category","embeddable":true,"href":"https:\/\/www.europesays.com\/fr\/wp-json\/wp\/v2\/categories?post=328996"},{"taxonomy":"post_tag","embeddable":true,"href":"https:\/\/www.europesays.com\/fr\/wp-json\/wp\/v2\/tags?post=328996"}],"curies":[{"name":"wp","href":"https:\/\/api.w.org\/{rel}","templated":true}]}}