{"id":329000,"date":"2025-08-19T09:28:13","date_gmt":"2025-08-19T09:28:13","guid":{"rendered":"https:\/\/www.europesays.com\/fr\/329000\/"},"modified":"2025-08-19T09:28:13","modified_gmt":"2025-08-19T09:28:13","slug":"pique-nique-sous-les-pergolas-de-la-place-carnot-a-nancy","status":"publish","type":"post","link":"https:\/\/www.europesays.com\/fr\/329000\/","title":{"rendered":"pique-nique sous les pergolas de la place Carnot \u00e0 Nancy"},"content":{"rendered":"<p>Depuis quelque temps, il est possible d\u2019apercevoir sur la place Carnot des pergolas en bois, abritant de grandes tables \u00e0 l\u2019ombre. Aujourd\u2019hui, nous avons d\u00e9cid\u00e9 d\u2019y faire un pique-nique gourmand. On t\u00e2che de respecter les essentiels de ce repas en plein air. Baguette de pain, jambon blanc, beurre et cornichons pour la collation principale. Mais en bon \u00e9picurien, de quoi grignoter avant et apr\u00e8s le sandwich est obligatoire. On s\u00e9lectionne \u00e9videmment des l\u00e9gumes et fruits de saison et qui dit \u00e9t\u00e9, dit\u2026 tomates cerises et mirabelles\u00a0! Et hop, le tour est jou\u00e9.<\/p>\n<p>L\u2019avantage de la place Carnot est qu\u2019elle poss\u00e8de <a href=\"https:\/\/www.estrepublicain.fr\/culture-loisirs\/2025\/07\/18\/aire-de-jeux-et-de-detente-en-plein-centre-ville\" target=\"_blank\" rel=\"noopener\">une aire de jeux g\u00e9ante<\/a>. Beach-volley, basketball, \u00e9checs XXL et marelle sont \u00e0 disposition 24\u00a0heures sur 24. \u00c0 vous de choisir quelle occupation est pr\u00e9f\u00e9rable pour votre digestion\u00a0!<\/p>\n","protected":false},"excerpt":{"rendered":"Depuis quelque temps, il est possible d\u2019apercevoir sur la place Carnot des pergolas en bois, abritant de grandes&hellip;\n","protected":false},"author":2,"featured_media":329001,"comment_status":"","ping_status":"","sticky":false,"template":"","format":"standard","meta":{"footnotes":""},"categories":[9635],"tags":[1111,11,1687,1704,1777,674,1011,27,775,31022,6016,1702,1703,12,25],"class_list":{"0":"post-329000","1":"post","2":"type-post","3":"status-publish","4":"format-standard","5":"has-post-thumbnail","7":"category-nancy","8":"tag-actu","9":"tag-actualites","10":"tag-culture-loisirs","11":"tag-edition-nancy-et-agglomeration","12":"tag-eu","13":"tag-europe","14":"tag-fr","15":"tag-france","16":"tag-grand-est","17":"tag-le-guide-de-lete-lorraine","18":"tag-magazine-cuisine-et-vins","19":"tag-nancy","20":"tag-nancy-ville-54b","21":"tag-news","22":"tag-republique-francaise"},"share_on_mastodon":{"url":"https:\/\/pubeurope.com\/@fr\/115054726684014505","error":""},"_links":{"self":[{"href":"https:\/\/www.europesays.com\/fr\/wp-json\/wp\/v2\/posts\/329000","targetHints":{"allow":["GET"]}}],"collection":[{"href":"https:\/\/www.europesays.com\/fr\/wp-json\/wp\/v2\/posts"}],"about":[{"href":"https:\/\/www.europesays.com\/fr\/wp-json\/wp\/v2\/types\/post"}],"author":[{"embeddable":true,"href":"https:\/\/www.europesays.com\/fr\/wp-json\/wp\/v2\/users\/2"}],"replies":[{"embeddable":true,"href":"https:\/\/www.europesays.com\/fr\/wp-json\/wp\/v2\/comments?post=329000"}],"version-history":[{"count":0,"href":"https:\/\/www.europesays.com\/fr\/wp-json\/wp\/v2\/posts\/329000\/revisions"}],"wp:featuredmedia":[{"embeddable":true,"href":"https:\/\/www.europesays.com\/fr\/wp-json\/wp\/v2\/media\/329001"}],"wp:attachment":[{"href":"https:\/\/www.europesays.com\/fr\/wp-json\/wp\/v2\/media?parent=329000"}],"wp:term":[{"taxonomy":"category","embeddable":true,"href":"https:\/\/www.europesays.com\/fr\/wp-json\/wp\/v2\/categories?post=329000"},{"taxonomy":"post_tag","embeddable":true,"href":"https:\/\/www.europesays.com\/fr\/wp-json\/wp\/v2\/tags?post=329000"}],"curies":[{"name":"wp","href":"https:\/\/api.w.org\/{rel}","templated":true}]}}