{"id":329008,"date":"2025-08-19T09:32:20","date_gmt":"2025-08-19T09:32:20","guid":{"rendered":"https:\/\/www.europesays.com\/fr\/329008\/"},"modified":"2025-08-19T09:32:20","modified_gmt":"2025-08-19T09:32:20","slug":"la-rd132-entre-montpellier-et-saint-jean-de-vedas-saturee-a-la-suite-dun-accident-de-la-circulation-une-femme-grievement-blessee","status":"publish","type":"post","link":"https:\/\/www.europesays.com\/fr\/329008\/","title":{"rendered":"La RD132 entre Montpellier et Saint-Jean-de-V\u00e9das satur\u00e9e \u00e0 la suite d\u2019un accident de la circulation, une femme gri\u00e8vement bless\u00e9e"},"content":{"rendered":"<p>\n                                                                L\u2019accident est survenu ce mardi 19\u00a0ao\u00fbt aux alentours de 9\u00a0heures \u2013 9\u00a0h\u00a030 entre un poids lourd et une voiture. La victime a \u00e9t\u00e9 prise en charge et \u00e9vacu\u00e9e vers le centre hospitalier Lapeyronie.\n                            <\/p>\n<p>Un face \u00e0 face entre un poids lourd et une voiture a fait une bless\u00e9e grave ce mardi 19\u00a0ao\u00fbt en d\u00e9but de matin\u00e9e sur la RD132, commune de Saint-Jean-de-V\u00e9das, entre le rond-point du Rieucoulon et celui de Maurice-Gennevaux (dit Chez Poulette).<\/p>\n<p>Les sapeurs-pompiers ont pris en charge l\u2019automobiliste qui \u00e9tait gri\u00e8vement\u00a0bless\u00e9e et l\u2019ont \u00e9vacu\u00e9e vers le centre hospitalier Lapeyronie. On ne conna\u00eet pas pour l\u2019heure les circonstances de cette terrible collision si ce n\u2019est qu\u2019un des deux v\u00e9hicules a fait une embard\u00e9e et s\u2019est retrouv\u00e9 sur la voie oppos\u00e9e.<\/p>\n<p>D\u00e9viations mises en place<\/p>\n<p>Une enqu\u00eate est en cours, diligent\u00e9e par les gendarmes de la compagnie de Castelnau-le-Lez. \u00c0 noter que la circulation, lourdement impact\u00e9e sur le secteur, est coup\u00e9e dans les deux sens.<\/p>\n<p>Il est d\u2019ailleurs vivement conseill\u00e9 d\u2019\u00e9viter cet axe satur\u00e9. Des d\u00e9viations ont \u00e9t\u00e9 mises en place.<\/p>\n","protected":false},"excerpt":{"rendered":"L\u2019accident est survenu ce mardi 19\u00a0ao\u00fbt aux alentours de 9\u00a0heures \u2013 9\u00a0h\u00a030 entre un poids lourd et une&hellip;\n","protected":false},"author":2,"featured_media":329009,"comment_status":"","ping_status":"","sticky":false,"template":"","format":"standard","meta":{"footnotes":""},"categories":[9599],"tags":[1111,11,1777,674,1011,27,2208,12,2680,25],"class_list":{"0":"post-329008","1":"post","2":"type-post","3":"status-publish","4":"format-standard","5":"has-post-thumbnail","7":"category-montpellier","8":"tag-actu","9":"tag-actualites","10":"tag-eu","11":"tag-europe","12":"tag-fr","13":"tag-france","14":"tag-montpellier","15":"tag-news","16":"tag-occitanie","17":"tag-republique-francaise"},"share_on_mastodon":{"url":"https:\/\/pubeurope.com\/@fr\/115054742285535120","error":""},"_links":{"self":[{"href":"https:\/\/www.europesays.com\/fr\/wp-json\/wp\/v2\/posts\/329008","targetHints":{"allow":["GET"]}}],"collection":[{"href":"https:\/\/www.europesays.com\/fr\/wp-json\/wp\/v2\/posts"}],"about":[{"href":"https:\/\/www.europesays.com\/fr\/wp-json\/wp\/v2\/types\/post"}],"author":[{"embeddable":true,"href":"https:\/\/www.europesays.com\/fr\/wp-json\/wp\/v2\/users\/2"}],"replies":[{"embeddable":true,"href":"https:\/\/www.europesays.com\/fr\/wp-json\/wp\/v2\/comments?post=329008"}],"version-history":[{"count":0,"href":"https:\/\/www.europesays.com\/fr\/wp-json\/wp\/v2\/posts\/329008\/revisions"}],"wp:featuredmedia":[{"embeddable":true,"href":"https:\/\/www.europesays.com\/fr\/wp-json\/wp\/v2\/media\/329009"}],"wp:attachment":[{"href":"https:\/\/www.europesays.com\/fr\/wp-json\/wp\/v2\/media?parent=329008"}],"wp:term":[{"taxonomy":"category","embeddable":true,"href":"https:\/\/www.europesays.com\/fr\/wp-json\/wp\/v2\/categories?post=329008"},{"taxonomy":"post_tag","embeddable":true,"href":"https:\/\/www.europesays.com\/fr\/wp-json\/wp\/v2\/tags?post=329008"}],"curies":[{"name":"wp","href":"https:\/\/api.w.org\/{rel}","templated":true}]}}