{"id":329016,"date":"2025-08-19T09:40:13","date_gmt":"2025-08-19T09:40:13","guid":{"rendered":"https:\/\/www.europesays.com\/fr\/329016\/"},"modified":"2025-08-19T09:40:13","modified_gmt":"2025-08-19T09:40:13","slug":"un-joueur-de-lom-victime-dun-malaise-lors-du-deplacement-a-rennes","status":"publish","type":"post","link":"https:\/\/www.europesays.com\/fr\/329016\/","title":{"rendered":"un joueur de l\u2019OM victime d\u2019un malaise lors du d\u00e9placement \u00e0 Rennes"},"content":{"rendered":"<p>Le jeune Darryl Bakola, 17 ans, entr\u00e9 en fin de match en Bretagne, a \u00e9t\u00e9 pris en charge par les services m\u00e9dicaux du club phoc\u00e9en.<\/p>\n<p class=\"fig-paragraph\">Une d\u00e9faite,\u00a0<a href=\"http:\/\/www.lefigaro.fr\/sports\/football\/ligue-1\/om-apres-leur-altercation-dans-le-vestiaire-a-rennes-rabiot-et-rowe-temporairement-ecartes-de-l-equipe-premiere-20250818\" data-fig-type=\"NewsFlash\" data-gtm-custom-categorie=\"navigation\" data-gtm-custom-action=\"crossclick\" data-gtm-custom-label=\"Contextuel\" data-gtm-event=\"customEventSPE\" data-fig-domain=\"LEFIGARO\" target=\"_blank\" rel=\"noopener\">une altercation entre deux joueurs<\/a>\u00a0dans une ambiance \u00e9lectrique mais aussi un malaise. Le d\u00e9but de saison de l\u2019Olympique de Marseille a tourn\u00e9 au cauchemar \u00e0 Rennes, vainqueur 1-0, alors que les Phoc\u00e9ens \u00e9taient en sup\u00e9riorit\u00e9 num\u00e9rique.<\/p>\n<p class=\"fig-paragraph\">L\u2019Equipe, qui consacre\u00a0<a href=\"https:\/\/www.lequipe.fr\/Football\/Article\/Insultes-coups-echanges-ces-instants-qui-ont-mene-a-une-bagarre-dans-le-vestiaire-de-l-om\/1586040\" target=\"_blank\" rel=\"sponsored noopener\" data-gtm-custom-categorie=\"navigation\" data-gtm-custom-action=\"crossclick\" data-gtm-custom-label=\"Contextuel\" data-gtm-event=\"customEventSPE\">un article sur les circonstances de l\u2019accrochage<\/a>\u00a0entre Adrien Rabiot et Jonathan Rowe, tous deux \u00e9cart\u00e9s du groupe temporairement par la direction du club, r\u00e9v\u00e8le que le jeune Darryl Bakola, 17 ans et entr\u00e9 en jeu \u00e0 la 86e minute, a \u00e9t\u00e9 victime d\u2019un malaise sans gravit\u00e9 mais qui a oblig\u00e9 le service m\u00e9dical \u00e0 intervenir.<\/p>\n<p>                                    <a class=\"fig-a11y-skip a11y-hidden\" href=\"#fig-a11y-skip-main-inarticle\"><br \/>\n        Passer la publicit\u00e9<br \/>\n    <\/a><\/p>\n<p class=\"fig-paragraph\">Une tuile de plus dans le vestiaire de l\u2019OIympique de Marseille sous tension avant d\u2019accueillir samedi prochain (17h00) le Paris FC au stade V\u00e9lodrome. Sans doute avec Adrien Rabiot sur le terrain, la tendance \u00e9tant \u00e0 un retour dans le groupe avant la fin de la semaine. Jonathan Rowe pourrait lui faire ses valises et quitter le club, pr\u00e9cise L\u2019Equipe.<\/p>\n","protected":false},"excerpt":{"rendered":"Le jeune Darryl Bakola, 17 ans, entr\u00e9 en fin de match en Bretagne, a \u00e9t\u00e9 pris en charge&hellip;\n","protected":false},"author":2,"featured_media":329017,"comment_status":"","ping_status":"","sticky":false,"template":"","format":"standard","meta":{"footnotes":""},"categories":[2821],"tags":[1111,11,829,1777,674,1011,27,12,1176,584,25],"class_list":{"0":"post-329016","1":"post","2":"type-post","3":"status-publish","4":"format-standard","5":"has-post-thumbnail","7":"category-rennes","8":"tag-actu","9":"tag-actualites","10":"tag-bretagne","11":"tag-eu","12":"tag-europe","13":"tag-fr","14":"tag-france","15":"tag-news","16":"tag-olympique-de-marseille","17":"tag-rennes","18":"tag-republique-francaise"},"share_on_mastodon":{"url":"https:\/\/pubeurope.com\/@fr\/115054773767184444","error":""},"_links":{"self":[{"href":"https:\/\/www.europesays.com\/fr\/wp-json\/wp\/v2\/posts\/329016","targetHints":{"allow":["GET"]}}],"collection":[{"href":"https:\/\/www.europesays.com\/fr\/wp-json\/wp\/v2\/posts"}],"about":[{"href":"https:\/\/www.europesays.com\/fr\/wp-json\/wp\/v2\/types\/post"}],"author":[{"embeddable":true,"href":"https:\/\/www.europesays.com\/fr\/wp-json\/wp\/v2\/users\/2"}],"replies":[{"embeddable":true,"href":"https:\/\/www.europesays.com\/fr\/wp-json\/wp\/v2\/comments?post=329016"}],"version-history":[{"count":0,"href":"https:\/\/www.europesays.com\/fr\/wp-json\/wp\/v2\/posts\/329016\/revisions"}],"wp:featuredmedia":[{"embeddable":true,"href":"https:\/\/www.europesays.com\/fr\/wp-json\/wp\/v2\/media\/329017"}],"wp:attachment":[{"href":"https:\/\/www.europesays.com\/fr\/wp-json\/wp\/v2\/media?parent=329016"}],"wp:term":[{"taxonomy":"category","embeddable":true,"href":"https:\/\/www.europesays.com\/fr\/wp-json\/wp\/v2\/categories?post=329016"},{"taxonomy":"post_tag","embeddable":true,"href":"https:\/\/www.europesays.com\/fr\/wp-json\/wp\/v2\/tags?post=329016"}],"curies":[{"name":"wp","href":"https:\/\/api.w.org\/{rel}","templated":true}]}}