{"id":329020,"date":"2025-08-19T09:42:09","date_gmt":"2025-08-19T09:42:09","guid":{"rendered":"https:\/\/www.europesays.com\/fr\/329020\/"},"modified":"2025-08-19T09:42:09","modified_gmt":"2025-08-19T09:42:09","slug":"voici-la-position-de-luniversite-de-strasbourg-en-2025","status":"publish","type":"post","link":"https:\/\/www.europesays.com\/fr\/329020\/","title":{"rendered":"voici la position de l&rsquo;universit\u00e9 de Strasbourg en 2025"},"content":{"rendered":"<p>            Par<br \/>\n        <strong><br \/>\n            <a href=\"https:\/\/actu.fr\/auteur\/olivia-kouassi\" title=\"Consulter tous les articles de Olivia Kouassi\" target=\"_blank\" rel=\"noopener\">Olivia Kouassi<\/a><br \/>\n        <\/strong><\/p>\n<p>        Publi\u00e9 le<\/p>\n<p>            19 ao\u00fbt 2025 \u00e0 11h39        <\/p>\n<p>L\u2019universit\u00e9 de <a href=\"https:\/\/actu.fr\/strasbourg\/\" target=\"_blank\" rel=\"noopener\">Strasbourg<\/a> (Unistra) figure en plut\u00f4t bonne position <strong>dans le classement des meilleures facs au monde.<\/strong> L\u2019\u00e9dition 2025 du <a href=\"https:\/\/www.shanghairanking.com\/rankings\/arwu\/2025\" target=\"_blank\" rel=\"noopener\">classement de Shanghai,<\/a> d\u00e9voil\u00e9e mi-ao\u00fbt, place <strong>l\u2019universit\u00e9<\/strong> dans le top 150 mondial et la positionne <strong>parmi les meilleurs \u00e9tablissements fran\u00e7ais.<\/strong><\/p>\n<p>L\u2019universit\u00e9 de Strasbourg parmi les meilleures de France<\/p>\n<p class=\" wall-content\">Pour cette ann\u00e9e 2025, l\u2019universit\u00e9 de Strasbourg se classe dans le top\u00a0150 mondial. <a href=\"https:\/\/actu.fr\/grand-est\/strasbourg_67482\/classement-de-shanghai-2024-l-universite-de-strasbourg-realise-une-percee_61504228.html\" target=\"_blank\" rel=\"noopener\">Comme en 2024<\/a>, <strong>l\u2019Unistra a atteint la position 101-150<\/strong>, alors qu\u2019en 2023 elle se pla\u00e7ait dans la cat\u00e9gorie 151-200.<\/p>\n<p class=\" wall-content\">Une bonne position qui fait de l\u2019universit\u00e9<strong> une des meilleures de France, en cinqui\u00e8me position<\/strong> apr\u00e8s les facs parisiennes (Paris-Saclay 13e mondiale, Universit\u00e9 Paris Sciences et Lettres 34e mondiale, La Sorbonne 43e mondiale et Paris Cit\u00e9 60e mondiale).<\/p>\n<p>Une des facult\u00e9s dans le top\u00a050 mondial<\/p>\n<p class=\" wall-content\">Strasbourg se distingue tout particuli\u00e8rement sur un enseignement en particulier. <strong>La facult\u00e9 de chimie de l\u2019Unistra se classe ainsi au 47e rang mondial.<\/strong><\/p>\n<p class=\" wall-content\">R\u00e9alis\u00e9 depuis 2003, le classement de Shanghai a pour objet d\u2019\u00e9valuer l\u2019engagement des \u00e9tablissements d\u2019enseignement sup\u00e9rieur dans leurs activit\u00e9s de recherche. Il identifie ainsi 1\u2009000 meilleures universit\u00e9s mondiales selon six crit\u00e8res pond\u00e9r\u00e9s.<\/p>\n<p class=\" wall-content\">Personnalisez votre actualit\u00e9 en ajoutant vos villes et m\u00e9dias en favori avec <a href=\"https:\/\/moncompte.actu.fr\" title=\"D\u00e9couvez Mon Actu\" rel=\"nofollow noopener\" data-trk=\"{&quot;cta&quot;:{&quot;action&quot;:&quot;https:\\\/\\\/moncompte.actu.fr&quot;,&quot;category&quot;:&quot;mon compte&quot;,&quot;from&quot;:&quot;article footer&quot;,&quot;name&quot;:&quot;Mon actu&quot;,&quot;type&quot;:&quot;cta&quot;}}\" target=\"_blank\">Mon Actu<\/a>.<\/p>\n","protected":false},"excerpt":{"rendered":"Par Olivia Kouassi Publi\u00e9 le 19 ao\u00fbt 2025 \u00e0 11h39 L\u2019universit\u00e9 de Strasbourg (Unistra) figure en plut\u00f4t bonne&hellip;\n","protected":false},"author":2,"featured_media":329021,"comment_status":"","ping_status":"","sticky":false,"template":"","format":"standard","meta":{"footnotes":""},"categories":[2820],"tags":[1111,11,1777,674,1011,27,775,12,25,104,640,30161],"class_list":{"0":"post-329020","1":"post","2":"type-post","3":"status-publish","4":"format-standard","5":"has-post-thumbnail","7":"category-strasbourg","8":"tag-actu","9":"tag-actualites","10":"tag-eu","11":"tag-europe","12":"tag-fr","13":"tag-france","14":"tag-grand-est","15":"tag-news","16":"tag-republique-francaise","17":"tag-societe","18":"tag-strasbourg","19":"tag-universite-de-strasbourg"},"share_on_mastodon":{"url":"https:\/\/pubeurope.com\/@fr\/115054781590699410","error":""},"_links":{"self":[{"href":"https:\/\/www.europesays.com\/fr\/wp-json\/wp\/v2\/posts\/329020","targetHints":{"allow":["GET"]}}],"collection":[{"href":"https:\/\/www.europesays.com\/fr\/wp-json\/wp\/v2\/posts"}],"about":[{"href":"https:\/\/www.europesays.com\/fr\/wp-json\/wp\/v2\/types\/post"}],"author":[{"embeddable":true,"href":"https:\/\/www.europesays.com\/fr\/wp-json\/wp\/v2\/users\/2"}],"replies":[{"embeddable":true,"href":"https:\/\/www.europesays.com\/fr\/wp-json\/wp\/v2\/comments?post=329020"}],"version-history":[{"count":0,"href":"https:\/\/www.europesays.com\/fr\/wp-json\/wp\/v2\/posts\/329020\/revisions"}],"wp:featuredmedia":[{"embeddable":true,"href":"https:\/\/www.europesays.com\/fr\/wp-json\/wp\/v2\/media\/329021"}],"wp:attachment":[{"href":"https:\/\/www.europesays.com\/fr\/wp-json\/wp\/v2\/media?parent=329020"}],"wp:term":[{"taxonomy":"category","embeddable":true,"href":"https:\/\/www.europesays.com\/fr\/wp-json\/wp\/v2\/categories?post=329020"},{"taxonomy":"post_tag","embeddable":true,"href":"https:\/\/www.europesays.com\/fr\/wp-json\/wp\/v2\/tags?post=329020"}],"curies":[{"name":"wp","href":"https:\/\/api.w.org\/{rel}","templated":true}]}}