{"id":329024,"date":"2025-08-19T09:44:18","date_gmt":"2025-08-19T09:44:18","guid":{"rendered":"https:\/\/www.europesays.com\/fr\/329024\/"},"modified":"2025-08-19T09:44:18","modified_gmt":"2025-08-19T09:44:18","slug":"attention-aux-orages-les-alpes-maritimes-placees-en-vigilance-jaune-lalerte-canicule-toujours-en-cours","status":"publish","type":"post","link":"https:\/\/www.europesays.com\/fr\/329024\/","title":{"rendered":"Attention aux orages: les Alpes-Maritimes plac\u00e9es en vigilance jaune, l&rsquo;alerte canicule toujours en cours"},"content":{"rendered":"<p>La <strong>m\u00e9t\u00e9o<\/strong> sera perturb\u00e9e ce mardi 19 ao\u00fbt 2025 dans les <strong>Alpes-Maritimes<\/strong>.\u00a0<\/p>\n<p>Si le ciel sera voil\u00e9 voire tr\u00e8s nuageux sur le littoral, les averses orageuses commenceront \u00e0 tomber sur le reste du d\u00e9partement dans la matin\u00e9e.\u00a0<\/p>\n<p>La pluie faible gagnera la c\u00f4te dans l&rsquo;apr\u00e8s-midi, notamment \u00e0 Nice et Th\u00e9oule-sur-Mer.\u00a0<\/p>\n<p><strong>Jusqu&rsquo;\u00e0 33\u00b0C<\/strong><\/p>\n<p>Le d\u00e9partement sera en <strong>vigilance jaune orages<\/strong> <strong>d\u00e8s midi<\/strong> et jusqu&rsquo;\u00e0 6h ce mercredi. En parall\u00e8le, l&rsquo;<strong>alerte jaune canicule<\/strong> restera d&rsquo;actualit\u00e9 jusqu&rsquo;\u00e0 mercredi matin.\u00a0<\/p>\n<p>Il fera entre 14\u00b0C et 30\u00b0C ce mardi matin puis jusqu&rsquo;\u00e0 33\u00b0C \u00e0 Antibes et Saint-Martin-du-Var au plus chaud de la journ\u00e9e.\u00a0<\/p>\n<p>Le vent sera calme, \u00e0 l&rsquo;exception de rafales \u00e0 <strong>40km\/h<\/strong> dans la soir\u00e9e dans le secteur de Nice.\u00a0<\/p>\n","protected":false},"excerpt":{"rendered":"La m\u00e9t\u00e9o sera perturb\u00e9e ce mardi 19 ao\u00fbt 2025 dans les Alpes-Maritimes.\u00a0 Si le ciel sera voil\u00e9 voire&hellip;\n","protected":false},"author":2,"featured_media":272737,"comment_status":"","ping_status":"","sticky":false,"template":"","format":"standard","meta":{"footnotes":""},"categories":[2819],"tags":[1111,11,1777,674,1011,27,2487,12,2401,882,25],"class_list":{"0":"post-329024","1":"post","2":"type-post","3":"status-publish","4":"format-standard","5":"has-post-thumbnail","7":"category-nice","8":"tag-actu","9":"tag-actualites","10":"tag-eu","11":"tag-europe","12":"tag-fr","13":"tag-france","14":"tag-meteo","15":"tag-news","16":"tag-nice","17":"tag-provence-alpes-cote-dazur","18":"tag-republique-francaise"},"share_on_mastodon":{"url":"https:\/\/pubeurope.com\/@fr\/115054789583646105","error":""},"_links":{"self":[{"href":"https:\/\/www.europesays.com\/fr\/wp-json\/wp\/v2\/posts\/329024","targetHints":{"allow":["GET"]}}],"collection":[{"href":"https:\/\/www.europesays.com\/fr\/wp-json\/wp\/v2\/posts"}],"about":[{"href":"https:\/\/www.europesays.com\/fr\/wp-json\/wp\/v2\/types\/post"}],"author":[{"embeddable":true,"href":"https:\/\/www.europesays.com\/fr\/wp-json\/wp\/v2\/users\/2"}],"replies":[{"embeddable":true,"href":"https:\/\/www.europesays.com\/fr\/wp-json\/wp\/v2\/comments?post=329024"}],"version-history":[{"count":0,"href":"https:\/\/www.europesays.com\/fr\/wp-json\/wp\/v2\/posts\/329024\/revisions"}],"wp:featuredmedia":[{"embeddable":true,"href":"https:\/\/www.europesays.com\/fr\/wp-json\/wp\/v2\/media\/272737"}],"wp:attachment":[{"href":"https:\/\/www.europesays.com\/fr\/wp-json\/wp\/v2\/media?parent=329024"}],"wp:term":[{"taxonomy":"category","embeddable":true,"href":"https:\/\/www.europesays.com\/fr\/wp-json\/wp\/v2\/categories?post=329024"},{"taxonomy":"post_tag","embeddable":true,"href":"https:\/\/www.europesays.com\/fr\/wp-json\/wp\/v2\/tags?post=329024"}],"curies":[{"name":"wp","href":"https:\/\/api.w.org\/{rel}","templated":true}]}}