{"id":329025,"date":"2025-08-19T09:45:25","date_gmt":"2025-08-19T09:45:25","guid":{"rendered":"https:\/\/www.europesays.com\/fr\/329025\/"},"modified":"2025-08-19T09:45:25","modified_gmt":"2025-08-19T09:45:25","slug":"pres-de-nantes-des-commercants-sagacent-dune-nouvelle-salve-de-cambriolages","status":"publish","type":"post","link":"https:\/\/www.europesays.com\/fr\/329025\/","title":{"rendered":"pr\u00e8s de Nantes, des commer\u00e7ants s&rsquo;agacent d&rsquo;une nouvelle salve de cambriolages"},"content":{"rendered":"<p>            Par<br \/>\n        <strong><br \/>\n            <a href=\"https:\/\/actu.fr\/auteur\/emma-derome\" title=\"Consulter tous les articles de Emma Derome\" target=\"_blank\" rel=\"noopener\">Emma Derome<\/a><br \/>\n        <\/strong><\/p>\n<p>        Publi\u00e9 le<\/p>\n<p>            19 ao\u00fbt 2025 \u00e0 7h36        <\/p>\n<p>\u00ab\u2009On est dans le flou\u2009\u00bb, nous souffle leur repr\u00e9sentant. Apr\u00e8s deux nouveaux cambriolages de magasins dans le bourg d\u2019Orvault, dans la nuit du dimanche\u00a017 au lundi 18\u00a0ao\u00fbt, <a href=\"https:\/\/www.facebook.com\/les.petits.futes.orvault\" target=\"_blank\" rel=\"noopener\">les commer\u00e7ants d\u2019Orvault<\/a> r\u00e9clament des r\u00e9ponses s\u00e9curitaires.<\/p>\n<p class=\" wall-content\">Cam\u00e9ra de vid\u00e9osurveillance, rondes suppl\u00e9mentaires de la police municipale\u2026 Emmanuel Geneau, caviste du bourg et pr\u00e9sident de l\u2019association des commer\u00e7ants, attend en tout cas des actions de la mairie d\u2019Orvault. En effet, pas moins de <strong>six commerces du centre<\/strong> ont \u00e9t\u00e9 <strong>cambriol\u00e9s depuis le 30\u00a0juillet<\/strong>. Certains m\u00eame plusieurs fois.<\/p>\n<p>Un primeur cambriol\u00e9 deux fois\u2026 Alors qu\u2019il n\u2019a pas encore ouvert<\/p>\n<p class=\" wall-content\">Dans la nuit de dimanche \u00e0 lundi, c\u2019est la boulangerie Becam qui a \u00e9t\u00e9 vis\u00e9e, ainsi qu\u2019un nouveau primeur. Ce dernier n\u2019a pas encore ouvert, mais il a vu sa porte d\u2019entr\u00e9e en verre bris\u00e9e <strong>deux fois en trois semaines<\/strong>.<\/p>\n<p class=\" wall-content\">Le 30\u00a0juillet dernier, en plus du primeur,<strong> l\u2019onglerie, une autre boulangerie, ainsi que la boucherie et le coiffeur,<\/strong> ont vu leur entr\u00e9e forc\u00e9e, pour la deuxi\u00e8me fois en seulement quelques mois pour les deux derniers. Les voleurs semblent \u00eatre \u00e0 chaque fois \u00e0 la recherche du tiroir-caisse.<\/p>\n<p class=\" wall-content\">Malgr\u00e9 la vid\u00e9osurveillance au sein m\u00eame des enseignes, le repr\u00e9sentant r\u00e9clame la mise en place de cam\u00e9ras dans la rue. \u00ab\u2009Nous avons des vid\u00e9os, mais surtout contre le vol \u00e0 l\u2019\u00e9talage. L\u00e0, ils ont des cagoules, donc on ne voit rien. Des cam\u00e9ras dans la rue permettraient de dissuader, d\u2019aider l\u2019enqu\u00eate derri\u00e8re\u2009\u00bb, insiste le caviste.<\/p>\n<p class=\" wall-content\">L\u2019\u00e9tablissement de ce dernier est sous alarme, sa vitrine en double vitrage, n\u2019a jamais \u00e9t\u00e9 cambriol\u00e9 en neuf ans. Mais ses comparses font les frais de vols de plus en plus r\u00e9guli\u00e8rement, constate-t-il. Un courrier a donc \u00e9t\u00e9 envoy\u00e9 \u00e0 la mairie il y a deux semaines.<\/p>\n<p>Une r\u00e9union d\u2019information pr\u00e9vue<\/p>\n<p class=\" wall-content\">Une r\u00e9union d\u2019information est pr\u00e9vue d\u00e9but septembre, selon Emmanuel Geneau. \u00ab\u2009On ne bl\u00e2me pas la police municipale, mais on veut savoir ce qui est fait en mati\u00e8re de s\u00e9curit\u00e9 pour les commerces et les habitants. <strong>On ne va pas l\u00e2cher avant d\u2019avoir des r\u00e9ponses<\/strong>\u2009\u00bb, ajoute le commer\u00e7ant. La mairie n\u2019a pas encore r\u00e9pondu \u00e0 nos sollicitations.<\/p>\n<p>Votre r\u00e9gion, votre actu !<\/p>\n<p>Recevez chaque jour les infos qui comptent pour vous.<\/p>\n<p>\t<a href=\"https:\/\/actu.fr\/newsletter\" class=\"ac-btn ac-btn--corner ac-btn--medium ac-btn--blue800\" target=\"_blank\" rel=\"noopener\">S&rsquo;incrire<\/a><\/p>\n<p class=\" wall-content\">\u00c0 quelques mois des <a href=\"https:\/\/actu.fr\/pays-de-la-loire\/nantes_44109\/municipales-a-nantes-julien-bainvel-ou-foulques-chombart-de-lauwe-les-adherents-lr-vont-voter_62970004.html\" target=\"_blank\" rel=\"noopener\">\u00e9lections municipales<\/a>, l\u2019opposant au maire actuel (l\u2019\u00e9cologiste Jean-S\u00e9bastien Guitton), <strong>S\u00e9bastien Arrou\u00ebt<\/strong> (divers droite) s\u2019est empar\u00e9 de la question et a fait de la mise en place de la vid\u00e9osurveillance l\u2019une de ses<strong> promesses de campagne<\/strong>. \u00ab\u2009Orvault ne peut pas \u00eatre la seule ville du nord de l\u2019agglo sans cam\u00e9ra\u2009\u00bb, a-t-il indiqu\u00e9 sur <a href=\"https:\/\/www.facebook.com\/share\/v\/174Kh7uU95\/\" target=\"_blank\" rel=\"noopener\">ses r\u00e9seaux sociaux<\/a>.<\/p>\n<p class=\" wall-content\">La mise en place de cam\u00e9ras a un co\u00fbt. \u00c0 Nantes, il y en a 330\u2009; <strong>chaque nouvelle cam\u00e9ra co\u00fbte 30\u2009000\u00a0euros<\/strong>, et leur fonctionnement est chiffr\u00e9 \u00e0 trois millions d\u2019euros par an (22,5 \u00e9quivalents temps plein). Une somme qui peut \u00eatre en partie financ\u00e9e par l\u2019\u00c9tat ou la r\u00e9gion, comme <a href=\"https:\/\/actu.fr\/pays-de-la-loire\/nantes_44109\/80-cameras-de-plus-a-nantes-combien-ca-coute-la-videosurveillance_60995665.html\" target=\"_blank\" rel=\"noopener\">nous l\u2019expliquions dans cet article<\/a>. Il faut pour cela faire partie du Centre de supervision urbain (CSU) de la m\u00e9tropole, ce qui n\u2019est pas le cas d\u2019Orvault.<\/p>\n<p class=\" wall-content\">Personnalisez votre actualit\u00e9 en ajoutant vos villes et m\u00e9dias en favori avec <a href=\"https:\/\/moncompte.actu.fr\" title=\"D\u00e9couvez Mon Actu\" rel=\"nofollow noopener\" data-trk=\"{&quot;cta&quot;:{&quot;action&quot;:&quot;https:\\\/\\\/moncompte.actu.fr&quot;,&quot;category&quot;:&quot;mon compte&quot;,&quot;from&quot;:&quot;article footer&quot;,&quot;name&quot;:&quot;Mon actu&quot;,&quot;type&quot;:&quot;cta&quot;}}\" target=\"_blank\">Mon Actu<\/a>.<\/p>\n","protected":false},"excerpt":{"rendered":"Par Emma Derome Publi\u00e9 le 19 ao\u00fbt 2025 \u00e0 7h36 \u00ab\u2009On est dans le flou\u2009\u00bb, nous souffle leur&hellip;\n","protected":false},"author":2,"featured_media":329026,"comment_status":"","ping_status":"","sticky":false,"template":"","format":"standard","meta":{"footnotes":""},"categories":[2818],"tags":[1111,11,1174,1777,674,118,1011,27,2825,766,12,2636,25],"class_list":{"0":"post-329025","1":"post","2":"type-post","3":"status-publish","4":"format-standard","5":"has-post-thumbnail","7":"category-nantes","8":"tag-actu","9":"tag-actualites","10":"tag-cambriolage","11":"tag-eu","12":"tag-europe","13":"tag-faits-divers","14":"tag-fr","15":"tag-france","16":"tag-insecurite","17":"tag-nantes","18":"tag-news","19":"tag-pays-de-la-loire","20":"tag-republique-francaise"},"share_on_mastodon":{"url":"https:\/\/pubeurope.com\/@fr\/115054793406372310","error":""},"_links":{"self":[{"href":"https:\/\/www.europesays.com\/fr\/wp-json\/wp\/v2\/posts\/329025","targetHints":{"allow":["GET"]}}],"collection":[{"href":"https:\/\/www.europesays.com\/fr\/wp-json\/wp\/v2\/posts"}],"about":[{"href":"https:\/\/www.europesays.com\/fr\/wp-json\/wp\/v2\/types\/post"}],"author":[{"embeddable":true,"href":"https:\/\/www.europesays.com\/fr\/wp-json\/wp\/v2\/users\/2"}],"replies":[{"embeddable":true,"href":"https:\/\/www.europesays.com\/fr\/wp-json\/wp\/v2\/comments?post=329025"}],"version-history":[{"count":0,"href":"https:\/\/www.europesays.com\/fr\/wp-json\/wp\/v2\/posts\/329025\/revisions"}],"wp:featuredmedia":[{"embeddable":true,"href":"https:\/\/www.europesays.com\/fr\/wp-json\/wp\/v2\/media\/329026"}],"wp:attachment":[{"href":"https:\/\/www.europesays.com\/fr\/wp-json\/wp\/v2\/media?parent=329025"}],"wp:term":[{"taxonomy":"category","embeddable":true,"href":"https:\/\/www.europesays.com\/fr\/wp-json\/wp\/v2\/categories?post=329025"},{"taxonomy":"post_tag","embeddable":true,"href":"https:\/\/www.europesays.com\/fr\/wp-json\/wp\/v2\/tags?post=329025"}],"curies":[{"name":"wp","href":"https:\/\/api.w.org\/{rel}","templated":true}]}}