{"id":329038,"date":"2025-08-19T09:53:00","date_gmt":"2025-08-19T09:53:00","guid":{"rendered":"https:\/\/www.europesays.com\/fr\/329038\/"},"modified":"2025-08-19T09:53:00","modified_gmt":"2025-08-19T09:53:00","slug":"lille-et-giroud-commencent-la-saison-par-un-match-nul-a-brest-le-paris-fc-et-les-promus-a-la-peine","status":"publish","type":"post","link":"https:\/\/www.europesays.com\/fr\/329038\/","title":{"rendered":"Lille et Giroud commencent la saison par un match nul \u00e0 Brest, le Paris FC et les promus \u00e0 la peine"},"content":{"rendered":"<p>Mais, alors que les Lillois avaient inscrit le but du break par Hakon Arnar Haraldsson (0-2, 26e), l\u2019ancien joueur d\u2019Arsenal a vu les Brestois revenir dans la partie gr\u00e2ce \u00e0 un doubl\u00e9 de son milieu malien Kamory Doumbia (1-2, 34e\u00a0; 2-2, 50e). Le match s\u2019est alors emball\u00e9, les Dogues reprenant l\u2019avantage gr\u00e2ce \u00e0 Ngal\u2019ayel Mukau dans la confusion (2-3, 67e). L\u2019arbitre Cl\u00e9ment Turpin pensait d\u2019abord qu\u2019une main avait \u00e9t\u00e9 commise par le buteur, avant d\u2019\u00eatre corrig\u00e9 par la VAR, puis les Bretons ont signal\u00e9 que l\u2019arbitre de touche avait lev\u00e9 son drapeau pour indiquer que le ballon \u00e9tait sorti du terrain sur le corner enroul\u00e9 d\u2019Haraldsson (Brest a d\u00e9pos\u00e9 une r\u00e9serve).<\/p>\n<p>Apr\u00e8s la validation du but, les joueurs d\u2019Eric Roy ne se sont pas d\u00e9mobilis\u00e9s et ont \u00e9galis\u00e9 dans la foul\u00e9e par leur d\u00e9fenseur Julien Le Cardinal, profitant du mauvais alignement de la d\u00e9fense lilloise (3-3, 75e). Si les Brestois se sont montr\u00e9s plus offensifs en fin de partie, Ayyoub Bouaddi, \u00e0 la reprise d\u2019un centre rasant dans le temps additionnel, a manqu\u00e9 de donner la victoire au LOSC apr\u00e8s un magnifique sauvetage du portier Radoslaw Majecki.<\/p>\n<p>Aucun promu victorieux<\/p>\n<p>Dans les autres matchs de ce dimanche apr\u00e8s-midi, qui voyaient les promus lancer leur saison, aucun nouveau venu en Ligue\u00a01 n\u2019a inscrit un point, ni m\u00eame un but. Le Paris FC, dont les d\u00e9buts \u00e9taient tr\u00e8s attendus, a \u00e9t\u00e9 domin\u00e9 par Angers sur le plus petit des scores (1-0). Apr\u00e8s l\u2019ouverture du score angevine d\u2019Esteban Lepaul (9e), les Parisiens n\u2019ont pas trouv\u00e9 la solution pour mettre \u00e0 mal le SCO, malgr\u00e9 l\u2019exclusion de Louis Mouton pour un violent tacle sur Timoth\u00e9e Kolodziejczak.<\/p>\n","protected":false},"excerpt":{"rendered":"Mais, alors que les Lillois avaient inscrit le but du break par Hakon Arnar Haraldsson (0-2, 26e), l\u2019ancien&hellip;\n","protected":false},"author":2,"featured_media":329039,"comment_status":"","ping_status":"","sticky":false,"template":"","format":"standard","meta":{"footnotes":""},"categories":[2815],"tags":[1111,11,1777,674,1011,27,811,1307,12,25],"class_list":{"0":"post-329038","1":"post","2":"type-post","3":"status-publish","4":"format-standard","5":"has-post-thumbnail","7":"category-lille","8":"tag-actu","9":"tag-actualites","10":"tag-eu","11":"tag-europe","12":"tag-fr","13":"tag-france","14":"tag-hauts-de-france","15":"tag-lille","16":"tag-news","17":"tag-republique-francaise"},"share_on_mastodon":{"url":"https:\/\/pubeurope.com\/@fr\/115054824883332035","error":""},"_links":{"self":[{"href":"https:\/\/www.europesays.com\/fr\/wp-json\/wp\/v2\/posts\/329038","targetHints":{"allow":["GET"]}}],"collection":[{"href":"https:\/\/www.europesays.com\/fr\/wp-json\/wp\/v2\/posts"}],"about":[{"href":"https:\/\/www.europesays.com\/fr\/wp-json\/wp\/v2\/types\/post"}],"author":[{"embeddable":true,"href":"https:\/\/www.europesays.com\/fr\/wp-json\/wp\/v2\/users\/2"}],"replies":[{"embeddable":true,"href":"https:\/\/www.europesays.com\/fr\/wp-json\/wp\/v2\/comments?post=329038"}],"version-history":[{"count":0,"href":"https:\/\/www.europesays.com\/fr\/wp-json\/wp\/v2\/posts\/329038\/revisions"}],"wp:featuredmedia":[{"embeddable":true,"href":"https:\/\/www.europesays.com\/fr\/wp-json\/wp\/v2\/media\/329039"}],"wp:attachment":[{"href":"https:\/\/www.europesays.com\/fr\/wp-json\/wp\/v2\/media?parent=329038"}],"wp:term":[{"taxonomy":"category","embeddable":true,"href":"https:\/\/www.europesays.com\/fr\/wp-json\/wp\/v2\/categories?post=329038"},{"taxonomy":"post_tag","embeddable":true,"href":"https:\/\/www.europesays.com\/fr\/wp-json\/wp\/v2\/tags?post=329038"}],"curies":[{"name":"wp","href":"https:\/\/api.w.org\/{rel}","templated":true}]}}