{"id":329042,"date":"2025-08-19T09:55:09","date_gmt":"2025-08-19T09:55:09","guid":{"rendered":"https:\/\/www.europesays.com\/fr\/329042\/"},"modified":"2025-08-19T09:55:09","modified_gmt":"2025-08-19T09:55:09","slug":"un-homme-blesse-par-balles-a-la-plaine-a-marseille-le-suspect-de-61-ans-reconnait-avoir-tire","status":"publish","type":"post","link":"https:\/\/www.europesays.com\/fr\/329042\/","title":{"rendered":"Un homme bless\u00e9 par balles \u00e0 la Plaine \u00e0 Marseille\u00a0: le suspect de 61 ans reconna\u00eet avoir tir\u00e9"},"content":{"rendered":"<p>Le parquet de Marseille annonce ce mardi qu\u2019un homme de 61 ans sera d\u00e9f\u00e9r\u00e9 dans la journ\u00e9e, pour avoir\u00a0tir\u00e9 par balle samedi dernier aux alentours de 21 heures\u00a0place Jean Jaur\u00e8s (5e arrondissement, et bless\u00e9 un autre homme \u00e2g\u00e9 de 40 ans. La victime a \u00e9t\u00e9 touch\u00e9e au niveau des jambes.<\/p>\n<p>Le parquet de Marseille annonce ce mardi qu\u2019<strong>un homme de 61 ans<\/strong> sera d\u00e9f\u00e9r\u00e9 dans la journ\u00e9e, pour avoir\u00a0<a class=\"IciLink ici-link IciArticleLink g-ici-body-regular-1 underline brand svelte-lu7k6w\" href=\"https:\/\/www.francebleu.fr\/infos\/faits-divers-justice\/un-homme-blesse-par-balle-a-la-plaine-a-marseille-un-suspect-interpelle-3352130\" rel=\"nofollow noopener\" target=\"_blank\">tir\u00e9 par balle samedi dernier aux alentours de 21 heures<\/a>\u00a0place Jean Jaur\u00e8s (5e arrondissement, et bless\u00e9 un autre homme \u00e2g\u00e9 de 40 ans. La victime a \u00e9t\u00e9 touch\u00e9e au niveau des jambes.<\/p>\n<p>L&rsquo;homme suspect\u00e9 d&rsquo;\u00eatre le tireur a \u00e9t\u00e9 interpell\u00e9 et plac\u00e9 en garde-\u00e0-vue une heure plus tard. \u00ab\u00a0La perquisition \u00e0 son domicile a permis de d\u00e9couvrir l\u2019arme utilis\u00e9e\u00a0\u00bb, pr\u00e9cise le parquet de Marseille ce mardi.<\/p>\n<p><strong>D\u00e9j\u00e0 condamn\u00e9<\/strong> \u00e0 de nombreuses reprises notamment pour des violences et des infractions \u00e0 la l\u00e9gislation sur les armes, l&rsquo;homme a reconnu \u00eatre l\u2019auteur d\u2019un tir \u00ab\u00a0mais ne pas avoir vis\u00e9 la victime, sur fond de diff\u00e9rend entre les deux hommes dans le contexte d\u2019une alcoolisation importante\u00a0\u00bb, explique le parquet.<\/p>\n","protected":false},"excerpt":{"rendered":"Le parquet de Marseille annonce ce mardi qu\u2019un homme de 61 ans sera d\u00e9f\u00e9r\u00e9 dans la journ\u00e9e, pour&hellip;\n","protected":false},"author":2,"featured_media":329043,"comment_status":"","ping_status":"","sticky":false,"template":"","format":"standard","meta":{"footnotes":""},"categories":[2814],"tags":[1111,11,1777,674,1011,27,884,12,882,25],"class_list":{"0":"post-329042","1":"post","2":"type-post","3":"status-publish","4":"format-standard","5":"has-post-thumbnail","7":"category-marseille","8":"tag-actu","9":"tag-actualites","10":"tag-eu","11":"tag-europe","12":"tag-fr","13":"tag-france","14":"tag-marseille","15":"tag-news","16":"tag-provence-alpes-cote-dazur","17":"tag-republique-francaise"},"share_on_mastodon":{"url":"https:\/\/pubeurope.com\/@fr\/115054832755146296","error":""},"_links":{"self":[{"href":"https:\/\/www.europesays.com\/fr\/wp-json\/wp\/v2\/posts\/329042","targetHints":{"allow":["GET"]}}],"collection":[{"href":"https:\/\/www.europesays.com\/fr\/wp-json\/wp\/v2\/posts"}],"about":[{"href":"https:\/\/www.europesays.com\/fr\/wp-json\/wp\/v2\/types\/post"}],"author":[{"embeddable":true,"href":"https:\/\/www.europesays.com\/fr\/wp-json\/wp\/v2\/users\/2"}],"replies":[{"embeddable":true,"href":"https:\/\/www.europesays.com\/fr\/wp-json\/wp\/v2\/comments?post=329042"}],"version-history":[{"count":0,"href":"https:\/\/www.europesays.com\/fr\/wp-json\/wp\/v2\/posts\/329042\/revisions"}],"wp:featuredmedia":[{"embeddable":true,"href":"https:\/\/www.europesays.com\/fr\/wp-json\/wp\/v2\/media\/329043"}],"wp:attachment":[{"href":"https:\/\/www.europesays.com\/fr\/wp-json\/wp\/v2\/media?parent=329042"}],"wp:term":[{"taxonomy":"category","embeddable":true,"href":"https:\/\/www.europesays.com\/fr\/wp-json\/wp\/v2\/categories?post=329042"},{"taxonomy":"post_tag","embeddable":true,"href":"https:\/\/www.europesays.com\/fr\/wp-json\/wp\/v2\/tags?post=329042"}],"curies":[{"name":"wp","href":"https:\/\/api.w.org\/{rel}","templated":true}]}}