{"id":329046,"date":"2025-08-19T09:57:11","date_gmt":"2025-08-19T09:57:11","guid":{"rendered":"https:\/\/www.europesays.com\/fr\/329046\/"},"modified":"2025-08-19T09:57:11","modified_gmt":"2025-08-19T09:57:11","slug":"une-celebre-enseigne-de-sport-brade-les-prix-a-lyon","status":"publish","type":"post","link":"https:\/\/www.europesays.com\/fr\/329046\/","title":{"rendered":"une c\u00e9l\u00e8bre enseigne de sport brade les prix \u00e0 Lyon !"},"content":{"rendered":"<p>\t\t\t\t\t\t\t\t\t\t\t<img loading=\"lazy\" decoding=\"async\" width=\"1110\" title=\"Bonne affaire : une c\u00e9l\u00e8bre enseigne de sport brade les prix \u00e0 Lyon !\" class=\"img-fluid  mb-3\" src=\"https:\/\/www.radioespace.com\/media\/news\/thumb\/1110x624_bonne-affaire-une-celebre-enseigne-de-sport-brade-les-prix-a-lyon_68a449799984e.webp\" alt=\"Bonne affaire : une c\u00e9l\u00e8bre enseigne de sport brade les prix \u00e0 Lyon !\" itemprop=\"image\" height=\"624\"\/>\t\t\t\t\t\t\t\t\t\t\t\t<\/p>\n<p>Image libre de droit @Wikimedia Commons<\/p>\n<p itemprop=\"description\"><strong>L&rsquo;occasion de d\u00e9nicher des petites p\u00e9pites \u00e0 moindre co\u00fbt, du 20 ao\u00fbt au 8 septembre<\/strong><\/p>\n<p>C&rsquo;est bient\u00f4t la rentr\u00e9e, et vous avez envie de <strong>vous remettre au sport pour bien red\u00e9marrer l&rsquo;ann\u00e9e<\/strong> ? Bonne nouvelle :<strong> Intersport <\/strong>pourrait bien \u00eatre votre nouvel alli\u00e9 dans les jours \u00e0 venir ! En effet, la c\u00e9l\u00e8bre enseigne d&rsquo;\u00e9quipements sportifs du <a href=\"https:\/\/www.radioespace.com\/news\/autre\/222612\/nouveaute-la-part-dieu-accueille-deux-boutiques-et-vous-allez-les-adorer\" target=\"_blank\" rel=\"noopener\"><strong>centre commercial de la Part-Dieu<\/strong><\/a> sera en liquidation totale \u00e0 partir <strong>du 20 ao\u00fbt, et ce jusqu&rsquo;au 8 septembre<\/strong> prochain. Mais rassurez vous : il n&rsquo;est pas question d&rsquo;une fermeture d\u00e9finitive, mais bien temporaire, en raison de travaux dans la boutique. L&rsquo;occasion de <strong>faire le plein de bonnes affaires \u00e0 petits prix<\/strong> !\u00a0<\/p>\n<p>Alors si vous avez besoin d&rsquo;une nouvelle paire de chaussures de randonn\u00e9e pour aller profiter des derniers week-end d&rsquo;\u00e9t\u00e9 dans<strong> <a href=\"https:\/\/www.radioespace.com\/news\/autre\/221367\/top-des-randonnees-d-hiver-a-faire-aux-alentours-de-lyon\" target=\"_blank\" rel=\"noopener\">les balades environnantes<\/a><\/strong>, d&rsquo;un nouveau ballon pour aller taper du pied avec vos coll\u00e8gues, ou juste pour <strong>faire le plein de bonnes affaires<\/strong>, c&rsquo;est le moment de faire des affaires, et ce <strong>sans d\u00e9penser tout votre salaire du mois<\/strong> !<\/p>\n<p>\u00a0<\/p>\n<p>Pour rappel, le magasin Intersport se situe au <strong>niveau z\u00e9ro du centre commercial de la Part-Dieu<\/strong>, lui m\u00eame situ\u00e9e dans le troisi\u00e8me arrondissement de Lyon, <a href=\"https:\/\/www.radioespace.com\/news\/autre\/221304\/la-gare-part-dieu-meilleur-spot-pour-trouver-l-amour-de-votre-vie\" target=\"_blank\" rel=\"noopener\">\u00e0 deux pas de la gare<\/a>. Les travaux d\u00e9buteront donc le lundi 8 septembre, avec <strong>une r\u00e9ouverture pr\u00e9vue pour le mercredi 29 octobre<\/strong>.<\/p>\n<p>\u00a0<\/p>\n<p>La rentr\u00e9e sera sportive, avec Intersport !\u00a0<\/p>\n","protected":false},"excerpt":{"rendered":"Image libre de droit @Wikimedia Commons L&rsquo;occasion de d\u00e9nicher des petites p\u00e9pites \u00e0 moindre co\u00fbt, du 20 ao\u00fbt&hellip;\n","protected":false},"author":2,"featured_media":329047,"comment_status":"","ping_status":"","sticky":false,"template":"","format":"standard","meta":{"footnotes":""},"categories":[1889],"tags":[1111,11,2430,650,7734,2889,2263,386,1777,674,1011,27,6417,1114,4662,2428,12,3725,1825,10688,25,2429],"class_list":{"0":"post-329046","1":"post","2":"type-post","3":"status-publish","4":"format-standard","5":"has-post-thumbnail","7":"category-lyon","8":"tag-actu","9":"tag-actualites","10":"tag-auvergne-rhone-alpes","11":"tag-cinema","12":"tag-ecoute","13":"tag-emission","14":"tag-equipe","15":"tag-espace","16":"tag-eu","17":"tag-europe","18":"tag-fr","19":"tag-france","20":"tag-information","21":"tag-infos","22":"tag-journal","23":"tag-lyon","24":"tag-news","25":"tag-podcast","26":"tag-radio","27":"tag-radioespace","28":"tag-republique-francaise","29":"tag-rhone"},"share_on_mastodon":{"url":"https:\/\/pubeurope.com\/@fr\/115054840561165876","error":""},"_links":{"self":[{"href":"https:\/\/www.europesays.com\/fr\/wp-json\/wp\/v2\/posts\/329046","targetHints":{"allow":["GET"]}}],"collection":[{"href":"https:\/\/www.europesays.com\/fr\/wp-json\/wp\/v2\/posts"}],"about":[{"href":"https:\/\/www.europesays.com\/fr\/wp-json\/wp\/v2\/types\/post"}],"author":[{"embeddable":true,"href":"https:\/\/www.europesays.com\/fr\/wp-json\/wp\/v2\/users\/2"}],"replies":[{"embeddable":true,"href":"https:\/\/www.europesays.com\/fr\/wp-json\/wp\/v2\/comments?post=329046"}],"version-history":[{"count":0,"href":"https:\/\/www.europesays.com\/fr\/wp-json\/wp\/v2\/posts\/329046\/revisions"}],"wp:featuredmedia":[{"embeddable":true,"href":"https:\/\/www.europesays.com\/fr\/wp-json\/wp\/v2\/media\/329047"}],"wp:attachment":[{"href":"https:\/\/www.europesays.com\/fr\/wp-json\/wp\/v2\/media?parent=329046"}],"wp:term":[{"taxonomy":"category","embeddable":true,"href":"https:\/\/www.europesays.com\/fr\/wp-json\/wp\/v2\/categories?post=329046"},{"taxonomy":"post_tag","embeddable":true,"href":"https:\/\/www.europesays.com\/fr\/wp-json\/wp\/v2\/tags?post=329046"}],"curies":[{"name":"wp","href":"https:\/\/api.w.org\/{rel}","templated":true}]}}