{"id":329050,"date":"2025-08-19T10:00:11","date_gmt":"2025-08-19T10:00:11","guid":{"rendered":"https:\/\/www.europesays.com\/fr\/329050\/"},"modified":"2025-08-19T10:00:11","modified_gmt":"2025-08-19T10:00:11","slug":"le-projet-revu-a-la-baisse","status":"publish","type":"post","link":"https:\/\/www.europesays.com\/fr\/329050\/","title":{"rendered":"le projet revu \u00e0 la baisse"},"content":{"rendered":"<p>            Par<br \/>\n        <strong><br \/>\n            <a href=\"https:\/\/actu.fr\/auteur\/emilie-salabelle\" title=\"Consulter tous les articles de Emilie Salabelle\" target=\"_blank\" rel=\"noopener\">Emilie Salabelle<\/a><br \/>\n        <\/strong><\/p>\n<p>        Publi\u00e9 le<\/p>\n<p>            19 ao\u00fbt 2025 \u00e0 8h04        <\/p>\n<p>Cela faisait des ann\u00e9es que le projet faisait grincer des dents \u00e9tudiants, anciens dipl\u00f4m\u00e9s, riverains, associations et \u00e9lus de diff\u00e9rents bords politiques. Depuis 2018, le site historique de l\u2019\u00c9cole polytechnique situ\u00e9 au 5 rue Descartes sur la montagne Sainte-Genevi\u00e8ve (5e) est l\u2019objet d\u2019un projet de modernisation financ\u00e9 par le groupe de luxe LVMH qui est <a href=\"https:\/\/actu.fr\/ile-de-france\/paris_75056\/paris-la-transformation-de-l-ancienne-ecole-polytechnique-par-lvmh-indigne-ses-anciens-etudiants_60312992.html\" target=\"_blank\" rel=\"noopener\">loin de faire l\u2019unanimit\u00e9<\/a>. La \u00ab\u2009Bo\u00eete \u00e0 claque\u2009\u00bb \u2013 nom donn\u00e9 au b\u00e2timent du fait de sa forme ressemblant \u00e0 un chapeau claque \u2013 devait en effet, \u00e0 l\u2019issue d\u2019un chantier chiffr\u00e9 \u00e0 <strong>30\u00a0millions d\u2019euros<\/strong>, s\u2019agrandir d\u2019un amphith\u00e9\u00e2tre souterrain de 300 places ainsi que d\u2019une immense verri\u00e8re recouvrant sa cour int\u00e9rieure, sacrifiant au passage un tilleul centenaire. Mais le projet a finalement pris \u00ab<strong>\u2009une autre orientation<\/strong>\u2009\u00bb, a indiqu\u00e9 la direction \u00e0 <a href=\"https:\/\/actu.fr\/paris\/\" target=\"_blank\" rel=\"noopener\">actu Paris<\/a>, conform\u00e9ment aux d\u00e9clarations faites par la directrice g\u00e9n\u00e9rale de l\u2019X, <a href=\"https:\/\/actu.fr\/ile-de-france\/palaiseau_91477\/essonne-une-nouvelle-directrice-generale-a-l-ecole-polytechnique_54301931.html\" target=\"_blank\" rel=\"noopener\">Laura Chaubard<\/a>, le 6\u00a0juin 2025 dans les colonnes d\u2019<a href=\"https:\/\/www.aefinfo.fr\/depeche\/732660-polytechnique-l-chaubard-annonce-le-recentrage-du-projet-de-renovation-de-la-boite-a-claque-qui-passe-de-30-a-10m\" target=\"_blank\" rel=\"noopener\">Aef info<\/a>. Un revirement salu\u00e9 par les opposants au chantier.<\/p>\n<p>D\u2019un centre de conf\u00e9rence international \u00e0 une simple r\u00e9novation<\/p>\n<p class=\" wall-content\">Le r\u00e9trop\u00e9dalage met un terme \u00e0 des ann\u00e9es d\u2019incertitude. Le projet de r\u00e9novation simple de la \u00ab\u2009Bo\u00eete \u00e0 claque\u2009\u00bb \u2013 dernier b\u00e2timent de l\u2019\u00c9cole polytechnique sur une parcelle appartenant au minist\u00e8re de l\u2019Enseignement sup\u00e9rieur et de la Recherche \u2013, s\u2019\u00e9tait transform\u00e9 au fil des ann\u00e9es, \u00e0 l\u2019issue d\u2019un permis de construire modificatif, en projet d\u2019agrandissement et de modernisation pharaonique. Il \u00e9tait alors question de faire de ce site class\u00e9 un \u00ab\u2009centre de conf\u00e9rence international\u2009\u00bb destin\u00e9 \u00e0 accueillir \u00ab\u2009colloques, conf\u00e9rences et symposiums internationaux\u2009\u00bb, exposait \u00e0 actu Paris la direction de l\u2019\u00e9cole en novembre\u00a02023.<\/p>\n<p class=\" wall-content\">Mais c\u2019est un projet beaucoup plus modeste, pass\u00e9 de 30 \u00e0 10\u00a0millions d\u2019euros qui est d\u00e9sormais pr\u00e9vu, confirme l\u2019\u00c9cole \u00e0 actu Paris. Il va se recentrer sur \u00ab\u2009la <strong>r\u00e9novation du b\u00e2ti historique<\/strong> pour en faire des salles de cours, des salles de r\u00e9union et quelques bureaux. Le jardin du minist\u00e8re de l\u2019Enseignement sup\u00e9rieur et de la Recherche sera \u00e9galement r\u00e9nov\u00e9, et l\u2019\u0153uvre d\u2019Oppenheim qui s\u2019y trouve sera restaur\u00e9e\u2009\u00bb, dessine la direction.<\/p>\n<p>Amphith\u00e9\u00e2tre et verri\u00e8re abandonn\u00e9s<\/p>\n<p class=\" wall-content\">Tr\u00e8s d\u00e9cri\u00e9e pour son impact \u00e9cologique, l\u2019id\u00e9e d\u2019un amphith\u00e9\u00e2tre souterrain sous le b\u00e2timent actuel est abandonn\u00e9e. \u00c0 la place, polytechnique pourra ponctuellement utiliser l\u2019<strong>amphith\u00e9\u00e2tre <a href=\"https:\/\/actu.fr\/ile-de-france\/palaiseau_91477\/essonne-les-liens-forts-d-henri-poincare-avec-l-ecole-polytechnique-retraces-dans-une-exposition_60047763.html\" target=\"_blank\" rel=\"noopener\">Poincar\u00e9<\/a><\/strong> voisin, gr\u00e2ce \u00e0 \u00ab\u2009un accord de principe\u2009\u00bb nou\u00e9 avec le minist\u00e8re de l\u2019Enseignement sup\u00e9rieur et de la Recherche. Ce droit d\u2019usage permettra d\u2019\u00ab\u2009organiser une vingtaine d\u2019\u00e9v\u00e8nements par an au maximum. En contrepartie, l\u2019\u00c9cole contribuera financi\u00e8rement \u00e0 la r\u00e9novation de cet amphith\u00e9\u00e2tre\u2009\u00bb, pr\u00e9cise l\u2019institution. Cette solution \u00e9tait celle d\u00e9fendue par les opposants du projet LVMH, a rappel\u00e9 dans <a href=\"https:\/\/la-sphinx.fr\/victoire-contre-lemprise-de-lvmh-a-lancienne-ecole-polytechnique\/\" target=\"_blank\" rel=\"noopener\">un communiqu\u00e9<\/a> l\u2019association La Sphinx, qui regroupe des \u00e9tudiants, et anciens \u00e9tudiants de l\u2019X mobilis\u00e9s pour \u00ab\u2009une vision progressiste et une sensibilit\u00e9 aux enjeux sociaux et environnementaux\u2009\u00bb de la prestigieuse \u00e9cole d\u2019ing\u00e9nieurs.<\/p>\n<p class=\" wall-content\">Ce point du projet n\u2019\u00e9tait pas le seul \u00e0 \u00eatre contest\u00e9. La construction d\u2019une verri\u00e8re au-dessus de la cour int\u00e9rieure de la \u00ab\u2009Bo\u00eete \u00e0 claque\u2009\u00bb n\u2019est plus non plus \u00e0 l\u2019ordre du jour, ce qui permettra de <strong>pr\u00e9server le vieux tilleul<\/strong>, confirme l\u2019\u00c9cole polytechnique \u00e0 actu Paris.<\/p>\n<p class=\" wall-content\">Reste une incertitude sur le <strong>jardin carr\u00e9<\/strong>, dont les espaces verts ont \u00e9t\u00e9 d\u00e9truits par le chantier en cours. Avant de confirmer une r\u00e9habilitation, l\u2019institution indique qu\u2019\u00ab\u2009il est n\u00e9cessaire de redemander un nouveau permis de construire, ou a minima un permis modificatif\u2009\u00bb. Quant \u00e0 savoir si ce lieu, jadis ouvert au public, pourrait rouvrir ses portes aux Parisiens dans le futur, l\u2019institution ne se prononce pas.<\/p>\n<p class=\" wall-content\">Le groupe de Bernard Arnaud reste \u00e0 la man\u0153uvre de cette feuille de route all\u00e9g\u00e9e. \u00ab\u2009Le financement est rendu possible gr\u00e2ce au soutien exceptionnel de LVMH, qui assume la ma\u00eetrise d\u2019ouvrage et le co\u00fbt des travaux, sans aucune contrepartie\u2009\u00bb, indique l\u2019X.<\/p>\n<p>Votre r\u00e9gion, votre actu !<\/p>\n<p>Recevez chaque jour les infos qui comptent pour vous.<\/p>\n<p>\t<a href=\"https:\/\/actu.fr\/newsletter\" class=\"ac-btn ac-btn--corner ac-btn--medium ac-btn--blue800\" target=\"_blank\" rel=\"noopener\">S&rsquo;incrire<\/a><br \/>\nLe site de Palaiseau au c\u0153ur des investissements<\/p>\n<p class=\" wall-content\">Pour expliquer l\u2019abandon d\u2019une grande partie du projet, l\u2019\u00c9cole polytechnique met en avant une r\u00e9orientation li\u00e9e aux am\u00e9nagements d\u00e9j\u00e0 r\u00e9alis\u00e9s sur le <a href=\"https:\/\/actu.fr\/ile-de-france\/palaiseau_91477\/essonne-l-institut-polytechnique-de-paris-progresse-parmi-les-meilleures-universites-mondiales_59787257.html\" target=\"_blank\" rel=\"noopener\">campus de Palaiseau<\/a>, \u00e9voquant un \u00ab\u2009environnement qui a beaucoup chang\u00e9 depuis 2014\u2009\u00bb\u2009: \u00ab\u2009Ces derni\u00e8res ann\u00e9es, de nouveaux \u00e9quipements de recherche et d\u2019enseignement, comme le <a href=\"https:\/\/actu.fr\/ile-de-france\/palaiseau_91477\/qu-est-ce-que-ce-nouveau-batiment-a-l-architecture-singuliere-inaugure-en-essonne_60477437.html\" target=\"_blank\" rel=\"noopener\">b\u00e2timent d\u2019enseignement mutualis\u00e9<\/a> et le p\u00f4le m\u00e9canique ont \u00e9t\u00e9 construits. En 2024, l\u2019\u00c9cole polytechnique a engag\u00e9 la r\u00e9novation de son ensemble central, au c\u0153ur du campus. Les besoins \u00e0 Paris concernent donc dor\u00e9navant surtout l\u2019<strong>activit\u00e9 de formation continue<\/strong>, pour laquelle nous louons actuellement des bureaux \u00e0 l\u2019ann\u00e9e et des salles de formation\u2009\u00bb.<\/p>\n<p class=\" wall-content\">L\u2019association La Sphinx, elle, savoure sa victoire\u2009: \u00ab\u2009Nous f\u00e9licitons la direction de l\u2019\u00c9cole polytechnique d\u2019avoir pris ses responsabilit\u00e9s en optant pour cette nouvelle mouture du projet, beaucoup plus raisonnable et en accord avec ses engagements environnementaux.\u2009\u00bb<\/p>\n<p class=\" wall-content\">Personnalisez votre actualit\u00e9 en ajoutant vos villes et m\u00e9dias en favori avec <a href=\"https:\/\/moncompte.actu.fr\" title=\"D\u00e9couvez Mon Actu\" rel=\"nofollow noopener\" data-trk=\"{&quot;cta&quot;:{&quot;action&quot;:&quot;https:\\\/\\\/moncompte.actu.fr&quot;,&quot;category&quot;:&quot;mon compte&quot;,&quot;from&quot;:&quot;article footer&quot;,&quot;name&quot;:&quot;Mon actu&quot;,&quot;type&quot;:&quot;cta&quot;}}\" target=\"_blank\">Mon Actu<\/a>.<\/p>\n","protected":false},"excerpt":{"rendered":"Par Emilie Salabelle Publi\u00e9 le 19 ao\u00fbt 2025 \u00e0 8h04 Cela faisait des ann\u00e9es que le projet faisait&hellip;\n","protected":false},"author":2,"featured_media":329051,"comment_status":"","ping_status":"","sticky":false,"template":"","format":"standard","meta":{"footnotes":""},"categories":[1888],"tags":[1111,1928,11,1927,1777,674,1011,27,12,1926,626,1925,2551,25,104,2086,1352],"class_list":{"0":"post-329050","1":"post","2":"type-post","3":"status-publish","4":"format-standard","5":"has-post-thumbnail","7":"category-paris","8":"tag-actu","9":"tag-actu-paris","10":"tag-actualites","11":"tag-actualites-paris","12":"tag-eu","13":"tag-europe","14":"tag-fr","15":"tag-france","16":"tag-news","17":"tag-news-paris","18":"tag-paris","19":"tag-paris-news","20":"tag-patrimoine","21":"tag-republique-francaise","22":"tag-societe","23":"tag-travaux","24":"tag-urbanisme"},"share_on_mastodon":{"url":"https:\/\/pubeurope.com\/@fr\/115054852410957303","error":""},"_links":{"self":[{"href":"https:\/\/www.europesays.com\/fr\/wp-json\/wp\/v2\/posts\/329050","targetHints":{"allow":["GET"]}}],"collection":[{"href":"https:\/\/www.europesays.com\/fr\/wp-json\/wp\/v2\/posts"}],"about":[{"href":"https:\/\/www.europesays.com\/fr\/wp-json\/wp\/v2\/types\/post"}],"author":[{"embeddable":true,"href":"https:\/\/www.europesays.com\/fr\/wp-json\/wp\/v2\/users\/2"}],"replies":[{"embeddable":true,"href":"https:\/\/www.europesays.com\/fr\/wp-json\/wp\/v2\/comments?post=329050"}],"version-history":[{"count":0,"href":"https:\/\/www.europesays.com\/fr\/wp-json\/wp\/v2\/posts\/329050\/revisions"}],"wp:featuredmedia":[{"embeddable":true,"href":"https:\/\/www.europesays.com\/fr\/wp-json\/wp\/v2\/media\/329051"}],"wp:attachment":[{"href":"https:\/\/www.europesays.com\/fr\/wp-json\/wp\/v2\/media?parent=329050"}],"wp:term":[{"taxonomy":"category","embeddable":true,"href":"https:\/\/www.europesays.com\/fr\/wp-json\/wp\/v2\/categories?post=329050"},{"taxonomy":"post_tag","embeddable":true,"href":"https:\/\/www.europesays.com\/fr\/wp-json\/wp\/v2\/tags?post=329050"}],"curies":[{"name":"wp","href":"https:\/\/api.w.org\/{rel}","templated":true}]}}